{"id":40937,"date":"2025-10-28T06:28:03","date_gmt":"2025-10-28T05:28:03","guid":{"rendered":"https:\/\/www.lintelligentdabidjan.info\/news\/?p=40937"},"modified":"2025-10-28T06:28:03","modified_gmt":"2025-10-28T05:28:03","slug":"lintelligent-en-pdf-presidentielle-du-25-octobre-2025-ibrahime-coulibaly-kuibiert-alassane-ouattara-est-elu-provisoirement-au-premier-tour-le-s","status":"publish","type":"post","link":"https:\/\/www.lintelligentdabidjan.info\/news\/lintelligent-en-pdf-presidentielle-du-25-octobre-2025-ibrahime-coulibaly-kuibiert-alassane-ouattara-est-elu-provisoirement-au-premier-tour-le-s\/","title":{"rendered":"\u00a0\u00a0  L&#8217;Intelligent en PDF:      Pr\u00e9sidentielle du 25 octobre 2025 &#8211; Ibrahime Coulibaly-Kuibiert :\u00a0\u00a0  &#8220;Alassane Ouattara est \u00e9lu\u00a0 provisoirement au premier tour \u2026 le scrutin s\u2019est d\u00e9roul\u00e9 de fa\u00e7on r\u00e9guli\u00e8re&#8221;"},"content":{"rendered":"<div class=\"I_ZiTj5d C_1GbO8e W_6D6F D_F ek_BB z_n m_22RyjK em_N O_0 ah_16P6j9 ai_Zc7bQR\" role=\"region\" data-test-id=\"message-view-body\" aria-labelledby=\"message-view-body-landmark\">\n<div class=\"msg-body mq_AS\" data-test-id=\"message-view-body-content\">\n<div class=\"je_2kCCw7 jb_dm5 X_7sfl N_7sfl\">\n<div>\n<div id=\"yiv9379119445\">\n<div>\n<div class=\"yiv9379119445yahoo-style-wrap\">\n<div dir=\"ltr\">\n<div>\n<p dir=\"ltr\"><strong>Les r\u00e9sultats provisoires de l\u2019\u00e9lection pr\u00e9sidentielle du samedi 25 octobre 2025 ont \u00e9t\u00e9 annonc\u00e9s par le pr\u00e9sident de la Commission \u00e9lectorale ind\u00e9pendante, le lundi 27 octobre 2025. Ibrahime Coulibaly-Kuibiert a d\u00e9clar\u00e9 le pr\u00e9sident Alassane Ouattara, provisoirement \u00e9lu pr\u00e9sident de la R\u00e9publique au cours d\u2019un scrutin qui s\u2019est d\u00e9roul\u00e9 de fa\u00e7on r\u00e9guli\u00e8re, en attendant la confirmation de ces r\u00e9sultats par le Conseil constitutionnel.\u00a0\u00a0<\/strong><\/p>\n<p dir=\"ltr\">Qu&#8217;est ce que Kuibiert a dit?<\/p>\n<p dir=\"ltr\">Article \u00e0 d\u00e9couvrir dans vos kiosques et en ligne sur&#8230;<\/p>\n<p><a href=\"https:\/\/news.abidjan.net\/titrologie\/39-lintelligent-dabidjan\/articles\" target=\"_blank\" rel=\"noopener\">https:\/\/news.abidjan.net\/titrologie\/39-lintelligent-dabidjan\/articles<\/a><\/p>\n<p dir=\"ltr\">\u00c0 lire \u00e9galement les v\u00e9rit\u00e9s de\u00a0 Bacongo Ciss\u00e9 apr\u00e8s la victoire de Ouattara suite \u00e0 la proclamation des r\u00e9sultats provisoires\u00a0 par la Cei hier, la r\u00e9action d&#8217;Henriette\u00a0 Lagou, Simone Gbagbo suite \u00e0 la proclamation des r\u00e9sultats et\u00a0 pourquoi Don Mello ne s\u2019est pas encore prononc\u00e9 ,\u00a0 la satisfaction de Bruno Kon\u00e9 et de Raymonde Goudou, l&#8217;interview de Mireille Kouadio Tiacoh, Greffi\u00e8re r\u00e9gion parisienne, le lancement par Kobenan Kouassi Adjoumani de\u00a0 la campagne sucri\u00e8re 2025 \u00e0 Ferk\u00e9 2.<\/p>\n<p><a href=\"https:\/\/www.afrikipresse.fr\/abonnement\" target=\"_blank\" rel=\"noopener\">https:\/\/www.afrikipresse.fr\/abonnement<\/a><\/div>\n<div>\n<p dir=\"ltr\">\u00c0 voir aussi\u00a0 ce que\u00a0 Tidjane Thiam\u00a0 a dit\u00a0 du 11 avril 2011 et\u00a0 les actions men\u00e9es par Zadi Dj\u00e9dj\u00e9\u00a0 sur le terrain.<\/p>\n<p><span id=\"yiv9379119445ydp72af78dddocs-internal-guid-808b406e-7fff-bf47-49d4-ddf76ae866c9\"><br \/>\n<a href=\"https:\/\/www.pressecotedivoire.fr\/titrologie\" target=\"_blank\" rel=\"noopener\">https:\/\/www.pressecotedivoire.fr\/titrologie<\/a><\/p>\n<p><\/span><\/div>\n<\/div>\n<\/div>\n<\/div>\n<\/div>\n<\/div>\n<\/div>\n<\/div>\n<\/div>\n<div class=\"D_F eo_HB U_0 ab_C gl_C crqN_6Fd5 H_3n93F\" data-test-id=\"reply-toolbar\"><\/div>\n","protected":false},"excerpt":{"rendered":"<p>Les r\u00e9sultats provisoires de l\u2019\u00e9lection pr\u00e9sidentielle du samedi 25 octobre 2025 ont \u00e9t\u00e9 annonc\u00e9s par le pr\u00e9sident de la Commission \u00e9lectorale ind\u00e9pendante, le lundi 27 octobre 2025. Ibrahime Coulibaly-Kuibiert a d\u00e9clar\u00e9 le pr\u00e9sident Alassane Ouattara, provisoirement \u00e9lu pr\u00e9sident de la R\u00e9publique au cours d\u2019un scrutin qui s\u2019est d\u00e9roul\u00e9 de fa\u00e7on r\u00e9guli\u00e8re, en attendant la confirmation [&hellip;]<\/p>\n","protected":false},"author":4,"featured_media":40938,"comment_status":"closed","ping_status":"closed","sticky":false,"template":"","format":"standard","meta":{"_monsterinsights_skip_tracking":false,"_monsterinsights_sitenote_active":false,"_monsterinsights_sitenote_note":"","_monsterinsights_sitenote_category":0,"footnotes":""},"categories":[2,3],"tags":[],"class_list":["post-40937","post","type-post","status-publish","format-standard","has-post-thumbnail","hentry","category-featured","category-societe"],"_links":{"self":[{"href":"https:\/\/www.lintelligentdabidjan.info\/news\/wp-json\/wp\/v2\/posts\/40937","targetHints":{"allow":["GET"]}}],"collection":[{"href":"https:\/\/www.lintelligentdabidjan.info\/news\/wp-json\/wp\/v2\/posts"}],"about":[{"href":"https:\/\/www.lintelligentdabidjan.info\/news\/wp-json\/wp\/v2\/types\/post"}],"author":[{"embeddable":true,"href":"https:\/\/www.lintelligentdabidjan.info\/news\/wp-json\/wp\/v2\/users\/4"}],"replies":[{"embeddable":true,"href":"https:\/\/www.lintelligentdabidjan.info\/news\/wp-json\/wp\/v2\/comments?post=40937"}],"version-history":[{"count":1,"href":"https:\/\/www.lintelligentdabidjan.info\/news\/wp-json\/wp\/v2\/posts\/40937\/revisions"}],"predecessor-version":[{"id":40939,"href":"https:\/\/www.lintelligentdabidjan.info\/news\/wp-json\/wp\/v2\/posts\/40937\/revisions\/40939"}],"wp:featuredmedia":[{"embeddable":true,"href":"https:\/\/www.lintelligentdabidjan.info\/news\/wp-json\/wp\/v2\/media\/40938"}],"wp:attachment":[{"href":"https:\/\/www.lintelligentdabidjan.info\/news\/wp-json\/wp\/v2\/media?parent=40937"}],"wp:term":[{"taxonomy":"category","embeddable":true,"href":"https:\/\/www.lintelligentdabidjan.info\/news\/wp-json\/wp\/v2\/categories?post=40937"},{"taxonomy":"post_tag","embeddable":true,"href":"https:\/\/www.lintelligentdabidjan.info\/news\/wp-json\/wp\/v2\/tags?post=40937"}],"curies":[{"name":"wp","href":"https:\/\/api.w.org\/{rel}","templated":true}]}}