{"id":40940,"date":"2025-10-29T06:09:06","date_gmt":"2025-10-29T05:09:06","guid":{"rendered":"https:\/\/www.lintelligentdabidjan.info\/news\/?p=40940"},"modified":"2025-10-29T06:09:10","modified_gmt":"2025-10-29T05:09:10","slug":"rentree-academique-2025-la-plateforme-de-preinscription-des-bacheliers-reouverte","status":"publish","type":"post","link":"https:\/\/www.lintelligentdabidjan.info\/news\/rentree-academique-2025-la-plateforme-de-preinscription-des-bacheliers-reouverte\/","title":{"rendered":"Rentr\u00e9e acad\u00e9mique 2025:  La plateforme de pr\u00e9inscription des bacheliers r\u00e9ouverte\u00a0  \u00a0"},"content":{"rendered":"<p><em><strong>Dans un communiqu\u00e9 de presse re\u00e7u le mardi 28 octobre 2025, le minist\u00e8re de l\u2019Enseignement sup\u00e9rieur et de la Recherche scientifique a annonc\u00e9 la r\u00e9ouverture de la plateforme de pr\u00e9inscription pour les bacheliers de l\u2019ann\u00e9e 2025.<\/strong><\/em><\/p>\n<p>Le Professeur Adama Diawara, ministre de l\u2019Enseignement sup\u00e9rieur et de la Recherche scientifique, a inform\u00e9 les bacheliers que cette r\u00e9ouverture vise \u00e0 permettre aux retardataires de finaliser leur pr\u00e9inscription. Ainsi, la p\u00e9riode d&#8217;inscription s&#8217;\u00e9tendra du mardi 28 octobre au mardi 04 novembre. Les bacheliers concern\u00e9s pourront s&#8217;inscrire sur la plateforme [<a href=\"http:\/\/www.orientationsup.net\/\">www.orientationsup.net<\/a>](<a href=\"http:\/\/www.orientationsup.net\/\">http:\/\/www.orientationsup.net<\/a>).\u00a0 \u00ab Pass\u00e9 ce d\u00e9lai, les bacheliers non pr\u00e9inscrits ne pourront pas proc\u00e9der \u00e0 leur orientation. Chers bacheliers, faites vous-m\u00eame votre pr\u00e9inscription, il y va de votre avenir \u00bb, a pr\u00e9cis\u00e9 le communiqu\u00e9.<\/p>\n<p>Il est \u00e9galement important de noter que le paiement des frais de pr\u00e9inscription doit se faire en ligne via Tr\u00e9sor Money, exclusivement, en utilisant la syntaxe *760*25146#. Les bacheliers sont donc invit\u00e9s \u00e0 ne pas manquer cette opportunit\u00e9 pour leur parcours acad\u00e9mique.<\/p>\n<p>&nbsp;<\/p>\n<p>&nbsp;<\/p>\n<p><strong>Olivier Dion avec A. Traor\u00e9<\/strong><\/p>\n<p>&nbsp;<\/p>\n","protected":false},"excerpt":{"rendered":"<p>Dans un communiqu\u00e9 de presse re\u00e7u le mardi 28 octobre 2025, le minist\u00e8re de l\u2019Enseignement sup\u00e9rieur et de la Recherche scientifique a annonc\u00e9 la r\u00e9ouverture de la plateforme de pr\u00e9inscription pour les bacheliers de l\u2019ann\u00e9e 2025. Le Professeur Adama Diawara, ministre de l\u2019Enseignement sup\u00e9rieur et de la Recherche scientifique, a inform\u00e9 les bacheliers que cette [&hellip;]<\/p>\n","protected":false},"author":4,"featured_media":40941,"comment_status":"closed","ping_status":"closed","sticky":false,"template":"","format":"standard","meta":{"_monsterinsights_skip_tracking":false,"_monsterinsights_sitenote_active":false,"_monsterinsights_sitenote_note":"","_monsterinsights_sitenote_category":0,"footnotes":""},"categories":[2,3],"tags":[6367,6365,6366,6364],"class_list":["post-40940","post","type-post","status-publish","format-standard","has-post-thumbnail","hentry","category-featured","category-societe","tag-bacheliers","tag-la-plateforme","tag-preinscription","tag-rentree-academique-2025"],"_links":{"self":[{"href":"https:\/\/www.lintelligentdabidjan.info\/news\/wp-json\/wp\/v2\/posts\/40940","targetHints":{"allow":["GET"]}}],"collection":[{"href":"https:\/\/www.lintelligentdabidjan.info\/news\/wp-json\/wp\/v2\/posts"}],"about":[{"href":"https:\/\/www.lintelligentdabidjan.info\/news\/wp-json\/wp\/v2\/types\/post"}],"author":[{"embeddable":true,"href":"https:\/\/www.lintelligentdabidjan.info\/news\/wp-json\/wp\/v2\/users\/4"}],"replies":[{"embeddable":true,"href":"https:\/\/www.lintelligentdabidjan.info\/news\/wp-json\/wp\/v2\/comments?post=40940"}],"version-history":[{"count":1,"href":"https:\/\/www.lintelligentdabidjan.info\/news\/wp-json\/wp\/v2\/posts\/40940\/revisions"}],"predecessor-version":[{"id":40942,"href":"https:\/\/www.lintelligentdabidjan.info\/news\/wp-json\/wp\/v2\/posts\/40940\/revisions\/40942"}],"wp:featuredmedia":[{"embeddable":true,"href":"https:\/\/www.lintelligentdabidjan.info\/news\/wp-json\/wp\/v2\/media\/40941"}],"wp:attachment":[{"href":"https:\/\/www.lintelligentdabidjan.info\/news\/wp-json\/wp\/v2\/media?parent=40940"}],"wp:term":[{"taxonomy":"category","embeddable":true,"href":"https:\/\/www.lintelligentdabidjan.info\/news\/wp-json\/wp\/v2\/categories?post=40940"},{"taxonomy":"post_tag","embeddable":true,"href":"https:\/\/www.lintelligentdabidjan.info\/news\/wp-json\/wp\/v2\/tags?post=40940"}],"curies":[{"name":"wp","href":"https:\/\/api.w.org\/{rel}","templated":true}]}}