{"id":40946,"date":"2025-10-30T06:11:41","date_gmt":"2025-10-30T05:11:41","guid":{"rendered":"https:\/\/www.lintelligentdabidjan.info\/news\/?p=40946"},"modified":"2025-10-30T06:11:45","modified_gmt":"2025-10-30T05:11:45","slug":"contribution-quand-la-jeunesse-redonne-sens-a-lengagement-politique","status":"publish","type":"post","link":"https:\/\/www.lintelligentdabidjan.info\/news\/contribution-quand-la-jeunesse-redonne-sens-a-lengagement-politique\/","title":{"rendered":"Contribution:  Quand la jeunesse redonne sens \u00e0 l\u2019engagement politique"},"content":{"rendered":"<p><em><strong>Depuis plusieurs ann\u00e9es, lors des diff\u00e9rentes \u00e9lections en C\u00f4te d\u2019Ivoire, l\u2019on constate une implication croissante des jeunes dans la vie <a href=\"https:\/\/www.lintelligentdabidjan.info\/news\/alassane-ouattara-reelu-cisse-ibrahima-bacongo-secretaire-executif-du-rhdp-nous-remercions-les-ivoiriennes-et-les-ivoiriens-qui-sans-etre-membres-du-rhdp-ont-vote-massivement-pour\/\" target=\"_blank\" rel=\"noopener\">politique<\/a>.<\/strong><\/em><\/p>\n<p>De plus en plus nombreux \u00e0 se pr\u00e9senter aux scrutins, notamment lors des \u00e9lections l\u00e9gislatives et locales, ils font entendre la voix d\u2019une g\u00e9n\u00e9ration d\u00e9cid\u00e9e \u00e0 participer activement au d\u00e9veloppement du pays. Certains s\u2019engagent sous la banni\u00e8re de partis politiques, d\u2019autres choisissent la voie de l\u2019ind\u00e9pendance, mais tous partagent la m\u00eame ambition : contribuer \u00e0 fa\u00e7onner l\u2019avenir politique de la nation.<\/p>\n<p>\u00c0 l\u2019occasion de l\u2019\u00e9lection pr\u00e9sidentielle du 25 octobre 2025, les diff\u00e9rents candidats ont accord\u00e9 une place importante aux jeunes leaders dans leurs \u00e9quipes de campagne.<\/p>\n<p>Ces derniers ont \u00e9t\u00e9 responsabilis\u00e9s et invit\u00e9s \u00e0 apporter leur \u00e9nergie et leurs id\u00e9es \u00e0 la r\u00e9ussite du processus \u00e9lectoral.<\/p>\n<p>Un exemple marquant de cet engagement est celui de SYLLA Soumaila, actuel pr\u00e9sident de la JPAD Internationale et plus jeune conseiller municipal de la commune de Bouak\u00e9.<\/p>\n<p>Tr\u00e8s actif dans les activit\u00e9s politiques et officielles, il est r\u00e9guli\u00e8rement sollicit\u00e9 pour contribuer \u00e0 la r\u00e9ussite d\u2019\u00e9v\u00e9nements majeurs, tels que la c\u00e9l\u00e9bration du 7 ao\u00fbt 2025 ou la campagne du candidat du RHDP.<\/p>\n<p>Par son dynamisme et sa capacit\u00e9 de mobilisation, il illustre parfaitement la volont\u00e9 de la jeunesse de s\u2019impliquer et de faire entendre sa voix.<\/p>\n<p>L\u2019engagement de jeunes comme SYLLA Soumaila d\u00e9montre que la rel\u00e8ve politique est en marche.<\/p>\n<p>Il est donc essentiel que les leaders politiques actuels accordent davantage de place \u00e0 cette nouvelle g\u00e9n\u00e9ration lors des <a href=\"https:\/\/courier.unesco.org\/fr\/articles\/quand-les-jeunes-africains-reinventent-la-politique\" target=\"_blank\" rel=\"noopener\">prochaines joutes \u00e9lectorales<\/a>.<\/p>\n<p>Dans un pays o\u00f9 plus de 7O % de la population est jeune, il est crucial de permettre \u00e0 cette majorit\u00e9 d\u2019occuper une position centrale dans la prise de d\u00e9cision. Donner la parole \u00e0 la jeunesse, c\u2019est investir dans l\u2019avenir et renforcer la vitalit\u00e9 d\u00e9mocratique de la C\u00f4te d\u2019Ivoire.<\/p>\n<p><strong>Adou Evariste Analyste politique<\/strong><\/p>\n<p>&nbsp;<\/p>\n","protected":false},"excerpt":{"rendered":"<p>Depuis plusieurs ann\u00e9es, lors des diff\u00e9rentes \u00e9lections en C\u00f4te d\u2019Ivoire, l\u2019on constate une implication croissante des jeunes dans la vie politique. De plus en plus nombreux \u00e0 se pr\u00e9senter aux scrutins, notamment lors des \u00e9lections l\u00e9gislatives et locales, ils font entendre la voix d\u2019une g\u00e9n\u00e9ration d\u00e9cid\u00e9e \u00e0 participer activement au d\u00e9veloppement du pays. Certains s\u2019engagent [&hellip;]<\/p>\n","protected":false},"author":4,"featured_media":40947,"comment_status":"closed","ping_status":"closed","sticky":false,"template":"","format":"standard","meta":{"_monsterinsights_skip_tracking":false,"_monsterinsights_sitenote_active":false,"_monsterinsights_sitenote_note":"","_monsterinsights_sitenote_category":0,"footnotes":""},"categories":[2,17,3],"tags":[1246,6368,5516,1636],"class_list":["post-40946","post","type-post","status-publish","format-standard","has-post-thumbnail","hentry","category-featured","category-politique","category-societe","tag-contribution","tag-lengagement","tag-la-jeunesse","tag-politique"],"_links":{"self":[{"href":"https:\/\/www.lintelligentdabidjan.info\/news\/wp-json\/wp\/v2\/posts\/40946","targetHints":{"allow":["GET"]}}],"collection":[{"href":"https:\/\/www.lintelligentdabidjan.info\/news\/wp-json\/wp\/v2\/posts"}],"about":[{"href":"https:\/\/www.lintelligentdabidjan.info\/news\/wp-json\/wp\/v2\/types\/post"}],"author":[{"embeddable":true,"href":"https:\/\/www.lintelligentdabidjan.info\/news\/wp-json\/wp\/v2\/users\/4"}],"replies":[{"embeddable":true,"href":"https:\/\/www.lintelligentdabidjan.info\/news\/wp-json\/wp\/v2\/comments?post=40946"}],"version-history":[{"count":1,"href":"https:\/\/www.lintelligentdabidjan.info\/news\/wp-json\/wp\/v2\/posts\/40946\/revisions"}],"predecessor-version":[{"id":40948,"href":"https:\/\/www.lintelligentdabidjan.info\/news\/wp-json\/wp\/v2\/posts\/40946\/revisions\/40948"}],"wp:featuredmedia":[{"embeddable":true,"href":"https:\/\/www.lintelligentdabidjan.info\/news\/wp-json\/wp\/v2\/media\/40947"}],"wp:attachment":[{"href":"https:\/\/www.lintelligentdabidjan.info\/news\/wp-json\/wp\/v2\/media?parent=40946"}],"wp:term":[{"taxonomy":"category","embeddable":true,"href":"https:\/\/www.lintelligentdabidjan.info\/news\/wp-json\/wp\/v2\/categories?post=40946"},{"taxonomy":"post_tag","embeddable":true,"href":"https:\/\/www.lintelligentdabidjan.info\/news\/wp-json\/wp\/v2\/tags?post=40946"}],"curies":[{"name":"wp","href":"https:\/\/api.w.org\/{rel}","templated":true}]}}