{"id":40949,"date":"2025-10-30T06:15:32","date_gmt":"2025-10-30T05:15:32","guid":{"rendered":"https:\/\/www.lintelligentdabidjan.info\/news\/?p=40949"},"modified":"2025-10-30T06:15:39","modified_gmt":"2025-10-30T05:15:39","slug":"lintelligent-en-pdf-rejet-du-25-octobre-2025-et-manifestation-le-8-novembre-2025-le-ppa-ci-peut-il-vraiment-dialoguer-avec-ouattara","status":"publish","type":"post","link":"https:\/\/www.lintelligentdabidjan.info\/news\/lintelligent-en-pdf-rejet-du-25-octobre-2025-et-manifestation-le-8-novembre-2025-le-ppa-ci-peut-il-vraiment-dialoguer-avec-ouattara\/","title":{"rendered":"\u00a0L\u2019Intelligent en PDF :  Rejet du 25 octobre 2025 et manifestation le 8 novembre 2025     Le PPA-CI peut-il vraiment\u00a0 dialoguer\u00a0 avec\u00a0 Ouattara"},"content":{"rendered":"<p dir=\"ltr\"><strong>Au moment o\u00f9 le parti de Laurent Gbagbo appelle \u00e0 une marche de protestation le 8 novembre 2025, sa volont\u00e9 de dialogue avec le pouvoir en place interroge.\u00a0Le PPA-CI peut-il vraiment\u00a0 dialoguer\u00a0 avec\u00a0 Ouattara ?<\/strong><\/p>\n<p dir=\"ltr\">Article \u00e0 d\u00e9couvrir dans vos kiosques et en ligne sur\u2026<\/p>\n<p><a href=\"https:\/\/news.abidjan.net\/titrologie\/39-lintelligent-dabidjan\/articles\" target=\"_blank\" rel=\"noopener\">https:\/\/news.abidjan.net\/titrologie\/39-lintelligent-dabidjan\/articles<\/a><\/p>\n<p dir=\"ltr\">\u00c0 lire \u00e9galement Mamadou Tour\u00e9 qui parle des\u00a0responsables des troubles et des morts,\u00a0l\u2019interview de Barouch Kassi\u00a0 qui a parcouru 42 localit\u00e9s en C\u00f4te d\u2019Ivoire en 50 jours, pourquoi l\u2019ambassadeur d\u2019Italie en C\u00f4te d\u2019Ivoire a rencontr\u00e9 Ouattara\u00a0\u00e0\u00a0Abidjan , hier,<\/p>\n<p dir=\"ltr\">\u00a0comment les candidats aux l\u00e9gislatives\u00a0 peuvent payer la caution de 100 mille Fcfa ,\u00a0\u00a0les difficult\u00e9s\u00a0 \u00a0 rencontr\u00e9es par Bouak\u00e9\u00a0\u00a0Karamoko\u00a0 lors de la\u00a0pr\u00e9sidentielle du 25 octobre 2025 en France.<\/p>\n<p dir=\"ltr\">Cliquez pour les d\u00e9tails<\/p>\n<p><a href=\"https:\/\/www.afrikipresse.fr\/abonnement\" target=\"_blank\" rel=\"noopener\">https:\/\/www.afrikipresse.fr\/abonnement<\/a><\/p>\n<p dir=\"ltr\">\u00c0 voir aussi ce que\u00a0Djelassem Nadingar\u00a0de la\u00a0Mission d&#8217;observation de la Cemac a dit et\u00a0\u00a0P\u00e9p\u00e9 Paul rejoint le front contre Kuyo T\u00e9a\u00a0\u00e0 l\u2019Africa Sports.<\/p>\n<p><a href=\"https:\/\/www.pressecotedivoire.fr\/titrologie\" target=\"_blank\" rel=\"noopener\">https:\/\/www.pressecotedivoire.fr\/titrologie<\/a><\/p>\n<p>&nbsp;<\/p>\n","protected":false},"excerpt":{"rendered":"<p>Au moment o\u00f9 le parti de Laurent Gbagbo appelle \u00e0 une marche de protestation le 8 novembre 2025, sa volont\u00e9 de dialogue avec le pouvoir en place interroge.\u00a0Le PPA-CI peut-il vraiment\u00a0 dialoguer\u00a0 avec\u00a0 Ouattara ? Article \u00e0 d\u00e9couvrir dans vos kiosques et en ligne sur\u2026 https:\/\/news.abidjan.net\/titrologie\/39-lintelligent-dabidjan\/articles \u00c0 lire \u00e9galement Mamadou Tour\u00e9 qui parle des\u00a0responsables des [&hellip;]<\/p>\n","protected":false},"author":4,"featured_media":40950,"comment_status":"closed","ping_status":"closed","sticky":false,"template":"","format":"standard","meta":{"_monsterinsights_skip_tracking":false,"_monsterinsights_sitenote_active":false,"_monsterinsights_sitenote_note":"","_monsterinsights_sitenote_category":0,"footnotes":""},"categories":[2,3],"tags":[],"class_list":["post-40949","post","type-post","status-publish","format-standard","has-post-thumbnail","hentry","category-featured","category-societe"],"_links":{"self":[{"href":"https:\/\/www.lintelligentdabidjan.info\/news\/wp-json\/wp\/v2\/posts\/40949","targetHints":{"allow":["GET"]}}],"collection":[{"href":"https:\/\/www.lintelligentdabidjan.info\/news\/wp-json\/wp\/v2\/posts"}],"about":[{"href":"https:\/\/www.lintelligentdabidjan.info\/news\/wp-json\/wp\/v2\/types\/post"}],"author":[{"embeddable":true,"href":"https:\/\/www.lintelligentdabidjan.info\/news\/wp-json\/wp\/v2\/users\/4"}],"replies":[{"embeddable":true,"href":"https:\/\/www.lintelligentdabidjan.info\/news\/wp-json\/wp\/v2\/comments?post=40949"}],"version-history":[{"count":2,"href":"https:\/\/www.lintelligentdabidjan.info\/news\/wp-json\/wp\/v2\/posts\/40949\/revisions"}],"predecessor-version":[{"id":40952,"href":"https:\/\/www.lintelligentdabidjan.info\/news\/wp-json\/wp\/v2\/posts\/40949\/revisions\/40952"}],"wp:featuredmedia":[{"embeddable":true,"href":"https:\/\/www.lintelligentdabidjan.info\/news\/wp-json\/wp\/v2\/media\/40950"}],"wp:attachment":[{"href":"https:\/\/www.lintelligentdabidjan.info\/news\/wp-json\/wp\/v2\/media?parent=40949"}],"wp:term":[{"taxonomy":"category","embeddable":true,"href":"https:\/\/www.lintelligentdabidjan.info\/news\/wp-json\/wp\/v2\/categories?post=40949"},{"taxonomy":"post_tag","embeddable":true,"href":"https:\/\/www.lintelligentdabidjan.info\/news\/wp-json\/wp\/v2\/tags?post=40949"}],"curies":[{"name":"wp","href":"https:\/\/api.w.org\/{rel}","templated":true}]}}