{"id":40974,"date":"2025-11-03T06:20:07","date_gmt":"2025-11-03T05:20:07","guid":{"rendered":"https:\/\/www.lintelligentdabidjan.info\/news\/?p=40974"},"modified":"2025-11-03T06:20:12","modified_gmt":"2025-11-03T05:20:12","slug":"adjame-ouattara-basile-fait-leloge-de-diawara-mamadou","status":"publish","type":"post","link":"https:\/\/www.lintelligentdabidjan.info\/news\/adjame-ouattara-basile-fait-leloge-de-diawara-mamadou\/","title":{"rendered":"Adjam\u00e9: Ouattara Basile fait l\u2019\u00e9loge de Diawara Mamadou"},"content":{"rendered":"<p><em><strong>Dans un communiqu\u00e9 de presse dont nous avons re\u00e7u copie le samedi 1er novembre 2025, Ouattara Basile, ex-directeur de cabinet de <a href=\"https:\/\/www.lintelligentdabidjan.info\/news\/journee-dexcellence-a-adjame-sylla-meita-epouse-konare-salue-une-initiative-porteuse-de-valeurs\/\" target=\"_blank\" rel=\"noopener\">la mairie d\u2019Adjam\u00e9,<\/a> a partag\u00e9 une analyse sur le r\u00f4le essentiel de la m\u00e9moire et de la transmission interg\u00e9n\u00e9rationnelle, en mettant l\u2019accent sur la figure embl\u00e9matique du doyen Diawara Mamadou, d\u00e9put\u00e9 d&#8217;Adjam\u00e9.<\/strong><\/em><\/p>\n<p>Dans son discours, Ouattara Basile, l\u2019ex-directeur de cabinet a pr\u00e9sent\u00e9 le doyen Diawara Mamadou, d\u00e9put\u00e9 d&#8217;Adjam\u00e9, comme une m\u00e9moire vivante et un rep\u00e8re moral \u00e9voquant son engagement aux c\u00f4t\u00e9s de figures majeures comme feu Dj\u00e9ny Kobina, Henriette Dagri Diabat\u00e9, et Alassane Ouattara. Il a soulign\u00e9 son choix courageux de lutter pour la d\u00e9mocratie \u00e0 une \u00e9poque o\u00f9 cela signifiait braver la r\u00e9pression. \u00ab Le silence face \u00e0 l\u2019histoire peut \u00eatre une faute. La m\u00e9moire doit s\u2019exprimer non pour bl\u00e2mer, mais pour rappeler d\u2019o\u00f9 nous venons et ce que nous devons \u00e0 ceux qui ont ouvert la voie \u00bb, a-t-il d\u00e9clar\u00e9 d\u00e9plorant le d\u00e9tournement de certains jeunes de l\u2019histoire politique, en particulier envers un homme dont le parcours symbolise des d\u00e9cennies de lutte et de sacrifices pour la cause d\u00e9mocratique. Basile a rappel\u00e9 que Diawara a fait face \u00e0 l&#8217;exil et \u00e0 la stigmatisation, n&#8217;abandonnant jamais ses id\u00e9aux, et a contribu\u00e9 \u00e0 la structuration du Rassemblement des R\u00e9publicains (Rdr) dans des conditions difficiles. \u00ab Il avan\u00e7ait, s\u00fbr que l\u2019avenir finirait par reconna\u00eetre la justesse de son combat \u00bb, note Basile.<\/p>\n<blockquote><p>Railler un a\u00een\u00e9 n\u2019est pas un signe de courage<\/p><\/blockquote>\n<p>&nbsp;<\/p>\n<p>Le communiqu\u00e9 d\u00e9nonce les propos irr\u00e9v\u00e9rencieux d&#8217;une partie de la jeunesse envers ceux qui ont pay\u00e9 le prix fort pour la libert\u00e9 d&#8217;expression. Basile rappelle que cette libert\u00e9 est une conqu\u00eate qui n\u00e9cessite responsabilit\u00e9 et respect envers ceux qui ont fond\u00e9 les institutions actuelles. Toutefois, il reconna\u00eet \u00e9galement l&#8217;ardeur et l&#8217;aspiration l\u00e9gitime des jeunes \u00e0 participer au d\u00e9bat politique et \u00e0 l&#8217;alternance. Il a plaid\u00e9 pour un dialogue interg\u00e9n\u00e9rationnel, affirmant que la politique ne doit pas \u00eatre un conflit entre g\u00e9n\u00e9rations, mais plut\u00f4t un espace d&#8217;\u00e9change et de transmission. \u00ab Railler un a\u00een\u00e9 n\u2019est pas un signe de courage \u00bb, d\u00e9clare-t-il, insistant sur l&#8217;importance de <a href=\"https:\/\/www.afrikipresse.fr\/article\/promotion-de-la-cohesion-sociale-500-jeunes-ivoiriens-a-lecole-de-lengagement-citoyen-et-au-benevolat\" target=\"_blank\" rel=\"noopener\">l&#8217;union<\/a> entre les g\u00e9n\u00e9rations pour b\u00e2tir un avenir partag\u00e9. Pour finir, Basile a appel\u00e9 les a\u00een\u00e9s \u00e0 cr\u00e9er les conditions d\u2019une alternance apais\u00e9e et juste, tout en incitant la jeunesse \u00e0 b\u00e2tir l\u2019avenir avec discipline et respect des figures fondatrices. \u00ab Le droit \u00e0 la parole s\u2019accompagne du devoir de m\u00e9moire \u00bb, conclut-il.<\/p>\n<p><strong>Mamadou Ouattara avec A. Traor\u00e9 avec Sercom<\/strong><\/p>\n","protected":false},"excerpt":{"rendered":"<p>Dans un communiqu\u00e9 de presse dont nous avons re\u00e7u copie le samedi 1er novembre 2025, Ouattara Basile, ex-directeur de cabinet de la mairie d\u2019Adjam\u00e9, a partag\u00e9 une analyse sur le r\u00f4le essentiel de la m\u00e9moire et de la transmission interg\u00e9n\u00e9rationnelle, en mettant l\u2019accent sur la figure embl\u00e9matique du doyen Diawara Mamadou, d\u00e9put\u00e9 d&#8217;Adjam\u00e9. Dans son [&hellip;]<\/p>\n","protected":false},"author":4,"featured_media":40975,"comment_status":"closed","ping_status":"closed","sticky":false,"template":"","format":"standard","meta":{"_monsterinsights_skip_tracking":false,"_monsterinsights_sitenote_active":false,"_monsterinsights_sitenote_note":"","_monsterinsights_sitenote_category":0,"footnotes":""},"categories":[2,3],"tags":[357,6376,6375,6374],"class_list":["post-40974","post","type-post","status-publish","format-standard","has-post-thumbnail","hentry","category-featured","category-societe","tag-adjame","tag-diawara-mamadou","tag-leloge","tag-ouattara-basile"],"_links":{"self":[{"href":"https:\/\/www.lintelligentdabidjan.info\/news\/wp-json\/wp\/v2\/posts\/40974","targetHints":{"allow":["GET"]}}],"collection":[{"href":"https:\/\/www.lintelligentdabidjan.info\/news\/wp-json\/wp\/v2\/posts"}],"about":[{"href":"https:\/\/www.lintelligentdabidjan.info\/news\/wp-json\/wp\/v2\/types\/post"}],"author":[{"embeddable":true,"href":"https:\/\/www.lintelligentdabidjan.info\/news\/wp-json\/wp\/v2\/users\/4"}],"replies":[{"embeddable":true,"href":"https:\/\/www.lintelligentdabidjan.info\/news\/wp-json\/wp\/v2\/comments?post=40974"}],"version-history":[{"count":1,"href":"https:\/\/www.lintelligentdabidjan.info\/news\/wp-json\/wp\/v2\/posts\/40974\/revisions"}],"predecessor-version":[{"id":40976,"href":"https:\/\/www.lintelligentdabidjan.info\/news\/wp-json\/wp\/v2\/posts\/40974\/revisions\/40976"}],"wp:featuredmedia":[{"embeddable":true,"href":"https:\/\/www.lintelligentdabidjan.info\/news\/wp-json\/wp\/v2\/media\/40975"}],"wp:attachment":[{"href":"https:\/\/www.lintelligentdabidjan.info\/news\/wp-json\/wp\/v2\/media?parent=40974"}],"wp:term":[{"taxonomy":"category","embeddable":true,"href":"https:\/\/www.lintelligentdabidjan.info\/news\/wp-json\/wp\/v2\/categories?post=40974"},{"taxonomy":"post_tag","embeddable":true,"href":"https:\/\/www.lintelligentdabidjan.info\/news\/wp-json\/wp\/v2\/tags?post=40974"}],"curies":[{"name":"wp","href":"https:\/\/api.w.org\/{rel}","templated":true}]}}