{"id":40977,"date":"2025-11-03T06:25:23","date_gmt":"2025-11-03T05:25:23","guid":{"rendered":"https:\/\/www.lintelligentdabidjan.info\/news\/?p=40977"},"modified":"2025-11-03T13:31:15","modified_gmt":"2025-11-03T12:31:15","slug":"climat-la-cote-divoire-presente-officiellement-ses-cdn-3-0-et-se-prepare-pour-la-cop30-a-belem","status":"publish","type":"post","link":"https:\/\/www.lintelligentdabidjan.info\/news\/climat-la-cote-divoire-presente-officiellement-ses-cdn-3-0-et-se-prepare-pour-la-cop30-a-belem\/","title":{"rendered":"Climat : La C\u00f4te d\u2019Ivoire pr\u00e9sente officiellement ses CDN 3.0 et se pr\u00e9pare pour la COP30 \u00e0 Bel\u00e9m"},"content":{"rendered":"<p><em><strong>Sous la pr\u00e9sidence du ministre de l\u2019Environnement, du D\u00e9veloppement durable et de la Transition \u00e9cologique, Assahor\u00e9 Jacques, s\u2019est tenue, le jeudi 30 octobre 2025, \u00e0 l\u2019auditorium de la Primature, la c\u00e9r\u00e9monie officielle de pr\u00e9sentation des CDN 3.0 de la C\u00f4te d\u2019Ivoire, coupl\u00e9e \u00e0 la c\u00e9r\u00e9monie d\u2019avant-d\u00e9part pour la <a href=\"https:\/\/www.lintelligentdabidjan.info\/news\/bilan-des-cop-sur-lenvironnement-le-ministre-assahore-lance-la-revision-des-cdn-3-0\/\" target=\"_blank\" rel=\"noopener\">COP30<\/a>, pr\u00e9vue du 10 au 21 novembre 2025 \u00e0 Bel\u00e9m, au Br\u00e9sil.<\/strong><\/em><\/p>\n<p>Dans le cadre de la mise en \u0153uvre de la Convention cadre des Nations Unies sur les changements climatiques (CCNUCC), la C\u00f4te d\u2019Ivoire a entrepris depuis 2015 de soumettre r\u00e9guli\u00e8rement ses Contributions D\u00e9termin\u00e9es au niveau National (CDN), conform\u00e9ment \u00e0 l\u2019accord de Paris.<\/p>\n<p>Apr\u00e8s la version 2.0 r\u00e9vis\u00e9e en 2022, le pays a finalis\u00e9 cette ann\u00e9e la CDN 3.0.<\/p>\n<p>Selon le ministre Assahor\u00e9 Jacques, cette nouvelle CDN marque un tournant strat\u00e9gique dans la politique climatique nationale. \u00ab La c\u00e9r\u00e9monie d\u2019avant-d\u00e9part pour la COP est devenue un rituel, un classique. Mais cette ann\u00e9e, nous la doublons avec la pr\u00e9sentation de nos CDN 3.0 . Ces CDN traduisent nos ambitions renouvel\u00e9es pour une transition \u00e9cologique juste et ambitieuse. \u00bba -t-il dit. La C\u00f4te d\u2019Ivoire s\u2019engage, \u00e0 travers ses CDN 3.0, \u00e0 r\u00e9duire ses \u00e9missions de gaz \u00e0 effet de serre de 33,07 % gr\u00e2ce \u00e0 ses propres moyens, et de 74 % avec l\u2019appui des partenaires internationaux, \u00e0 l\u2019horizon 2035.<\/p>\n<p>Cet engagement repr\u00e9sente un abattement estim\u00e9 \u00e0 environ 52 millions de tonnes \u00e9quivalent CO\u2082. Le ministre a pr\u00e9cis\u00e9 que ces objectifs s\u2019appuient sur des r\u00e9formes sectorielles. Le co\u00fbt global de la mise en \u0153uvre est estim\u00e9 \u00e0 32 926 milliards de FCFA, soit environ 59 milliards de dollars US, contre 22 milliards pour la version pr\u00e9c\u00e9dente. \u00ab L\u2019ex\u00e9cution des CDN 3.0 reposera sur trois piliers: un plan d\u2019investissement d\u00e9taill\u00e9, un cadre de transparence renforc\u00e9, et une strat\u00e9gie de communication et de sensibilisation \u00bb, a indiqu\u00e9 le ministre de l\u2019Environnement, du D\u00e9veloppement durable et de la Transition \u00e9cologique.<\/p>\n<blockquote><p>l\u2019action climatique<\/p><\/blockquote>\n<p>&nbsp;<\/p>\n<p>Quant \u00e0 Jos\u00e9 Carlos de Ara\u00fajo Leit\u00e3o, ambassadeur du Br\u00e9sil en C\u00f4te d\u2019Ivoire, il a salu\u00e9 l\u2019engagement du gouvernement ivoirien et rappel\u00e9 les priorit\u00e9s de la COP30, que son pays accueillera du 10 au 21 novembre 2025 \u00e0 Bel\u00e9m. \u00ab Le Br\u00e9sil souhaite faire de cette COP une plateforme pour relier l\u2019action climatique \u00e0 la lutte contre la faim et la pauvret\u00e9 \u00bb, a-t-il expliqu\u00e9. Ensuite, il a indiqu\u00e9 que que la d\u00e9claration de Bel\u00e9m sur la faim, la pauvret\u00e9 et une action climatique centr\u00e9e sur les hommes sera adopt\u00e9e lors du sommet des dirigeants les 6 et 7 novembre prochains. Selon l&#8217;ambassadeur du Br\u00e9sil en C\u00f4te d&#8217;Ivoire, elle mettra en lumi\u00e8re le lien entre d\u00e9gradation de l\u2019environnement, perte de biodiversit\u00e9 et in\u00e9galit\u00e9s sociales. Avant lui, la repr\u00e9sentante r\u00e9sidente du <a href=\"https:\/\/www.afrikipresse.fr\/article\/environnement-assahore-jacques-devoile-les-articulations-de-la-cop-16-et-29\" target=\"_blank\" rel=\"noopener\">Programme<\/a> des Nations Unies pour le D\u00e9veloppement (PNUD), Blerta Cela, a f\u00e9licit\u00e9 la C\u00f4te d\u2019Ivoire pour son leadership climatique. \u00ab Aujourd\u2019hui, la C\u00f4te d\u2019Ivoire pr\u00e9sente sa CDN 3.0, un jalon d\u00e9cisif, un signal fort \u00e0 quelques jours de la COP30 \u00bb, a-t-elle d\u00e9clar\u00e9. Avant d&#8217;ajouter que peu de pays ont montr\u00e9 un tel engagement. \u00ab Cette CDN est une feuille de route vers un avenir bas-carbone, r\u00e9silient et prosp\u00e8re, align\u00e9e sur le Plan National de D\u00e9veloppement 2026-2030. \u00bb<\/p>\n<p>&nbsp;<\/p>\n<p><strong>Mamadou Ouattara avec Ly Abdul\u00a0<\/strong><\/p>\n<p>&nbsp;<\/p>\n<p>&nbsp;<\/p>\n","protected":false},"excerpt":{"rendered":"<p>Sous la pr\u00e9sidence du ministre de l\u2019Environnement, du D\u00e9veloppement durable et de la Transition \u00e9cologique, Assahor\u00e9 Jacques, s\u2019est tenue, le jeudi 30 octobre 2025, \u00e0 l\u2019auditorium de la Primature, la c\u00e9r\u00e9monie officielle de pr\u00e9sentation des CDN 3.0 de la C\u00f4te d\u2019Ivoire, coupl\u00e9e \u00e0 la c\u00e9r\u00e9monie d\u2019avant-d\u00e9part pour la COP30, pr\u00e9vue du 10 au 21 novembre [&hellip;]<\/p>\n","protected":false},"author":4,"featured_media":40978,"comment_status":"closed","ping_status":"closed","sticky":false,"template":"","format":"standard","meta":{"_monsterinsights_skip_tracking":false,"_monsterinsights_sitenote_active":false,"_monsterinsights_sitenote_note":"","_monsterinsights_sitenote_category":0,"footnotes":""},"categories":[2,18],"tags":[6379,4718,6377,6378,5380],"class_list":["post-40977","post","type-post","status-publish","format-standard","has-post-thumbnail","hentry","category-featured","category-economie","tag-belem","tag-cdn-3-0","tag-climat","tag-cop30","tag-la-cote-divoire"],"_links":{"self":[{"href":"https:\/\/www.lintelligentdabidjan.info\/news\/wp-json\/wp\/v2\/posts\/40977","targetHints":{"allow":["GET"]}}],"collection":[{"href":"https:\/\/www.lintelligentdabidjan.info\/news\/wp-json\/wp\/v2\/posts"}],"about":[{"href":"https:\/\/www.lintelligentdabidjan.info\/news\/wp-json\/wp\/v2\/types\/post"}],"author":[{"embeddable":true,"href":"https:\/\/www.lintelligentdabidjan.info\/news\/wp-json\/wp\/v2\/users\/4"}],"replies":[{"embeddable":true,"href":"https:\/\/www.lintelligentdabidjan.info\/news\/wp-json\/wp\/v2\/comments?post=40977"}],"version-history":[{"count":3,"href":"https:\/\/www.lintelligentdabidjan.info\/news\/wp-json\/wp\/v2\/posts\/40977\/revisions"}],"predecessor-version":[{"id":40988,"href":"https:\/\/www.lintelligentdabidjan.info\/news\/wp-json\/wp\/v2\/posts\/40977\/revisions\/40988"}],"wp:featuredmedia":[{"embeddable":true,"href":"https:\/\/www.lintelligentdabidjan.info\/news\/wp-json\/wp\/v2\/media\/40978"}],"wp:attachment":[{"href":"https:\/\/www.lintelligentdabidjan.info\/news\/wp-json\/wp\/v2\/media?parent=40977"}],"wp:term":[{"taxonomy":"category","embeddable":true,"href":"https:\/\/www.lintelligentdabidjan.info\/news\/wp-json\/wp\/v2\/categories?post=40977"},{"taxonomy":"post_tag","embeddable":true,"href":"https:\/\/www.lintelligentdabidjan.info\/news\/wp-json\/wp\/v2\/tags?post=40977"}],"curies":[{"name":"wp","href":"https:\/\/api.w.org\/{rel}","templated":true}]}}