{"id":40989,"date":"2025-11-04T06:18:58","date_gmt":"2025-11-04T05:18:58","guid":{"rendered":"https:\/\/www.lintelligentdabidjan.info\/news\/?p=40989"},"modified":"2025-11-04T06:22:43","modified_gmt":"2025-11-04T05:22:43","slug":"obtention-du-casier-judiciaire-et-du-certificat-de-nationalite-ce-qui-a-ete-decide-pour-les-legislatives-2025","status":"publish","type":"post","link":"https:\/\/www.lintelligentdabidjan.info\/news\/obtention-du-casier-judiciaire-et-du-certificat-de-nationalite-ce-qui-a-ete-decide-pour-les-legislatives-2025\/","title":{"rendered":"Obtention du casier judiciaire et du certificat de nationalit\u00e9 :  Ce qui a \u00e9t\u00e9 d\u00e9cid\u00e9 pour les l\u00e9gislatives 2025"},"content":{"rendered":"<p><em><strong>Dans un communiqu\u00e9 publi\u00e9 le lundi 3 novembre 2025, le directeur de cabinet du\u00a0Garde des Sceaux, ministre de la Justice et des Droits de<a href=\"https:\/\/www.lintelligentdabidjan.info\/news\/adjame-ouattara-basile-fait-leloge-de-diawara-mamadou\/\" target=\"_blank\" rel=\"noopener\"> l\u2019Homme<\/a>, a pr\u00e9cis\u00e9 les conditions d\u2019obtention du certificat de nationalit\u00e9 et du casier judiciaire pour les candidats aux \u00e9lections l\u00e9gislatives du 27 d\u00e9cembre 2025 en C\u00f4te d\u2019Ivoire.<\/strong><\/em><\/p>\n<p>&#8220;Dans le cadre de la constitution des dossiers de candidature pour les \u00e9lections l\u00e9gislatives \u00e0 venir, il est demand\u00e9 aux candidats de produire, entre autres pi\u00e8ces, un certificat de nationalit\u00e9 et un extrait du casier judiciaire. Le Minist\u00e8re de la Justice et des Droits de l\u2019Homme voudrait, \u00e0 cet effet, leur rappeler que si le certificat de nationalit\u00e9 peut \u00eatre sollicit\u00e9 aussi bien aupr\u00e8s des tribunaux de leurs lieux de naissance ou de r\u00e9sidence (en ligne pour les juridictions connect\u00e9es \u00e0 la plate-forme e-justice), il n\u2019en va pas de m\u00eame pour l\u2019extrait du casier judiciaire qui ne peut \u00eatre sollicit\u00e9, pour les personnes ivoiriennes n\u00e9es en C\u00f4te d\u2019Ivoire, qu\u2019aupr\u00e8s des juridictions de leurs lieux de naissance, la Direction des Affaires Civiles et P\u00e9nales du Minist\u00e8re de la Justice et des Droits de l\u2019Homme ne d\u00e9livrant les extraits de casiers judiciaires qu\u2019aux seules personnes ivoiriennes ou d\u2019une autre nationalit\u00e9, n\u00e9es hors du territoire ivoirien. Aussi, les candidats aux l\u00e9gislatives n\u00e9s sur le territoire ivoirien qui se seraient fait d\u00e9livrer un extrait de casier judiciaire par cette Direction sont invit\u00e9s \u00e0 saisir des juridictions de leurs lieux de naissance pour se faire \u00e9tablir valablement ledit document pour la constitution de leurs dossiers&#8221;, pr\u00e9cise le communiqu\u00e9.<\/p>\n<p>Le directeur de cabinet de\u00a0<a href=\"https:\/\/www.facebook.com\/100066811784097\/posts\/le-certificat-de-nationalit%C3%A9-et-le-casier-judiciaire-sont-d%C3%A9sormais-d%C3%A9livr%C3%A9s-sou\/1065948962308820\/\" target=\"_blank\" rel=\"noopener\">Jean Sansan Kambil\u00e9<\/a>, Garde des Sceaux, ministre de la Justice et des Droits de l\u2019Homme, rassure que &#8220;les services de la Direction des Affaires Civiles et P\u00e9nales se tiennent \u00e0 leur disposition pour le remboursement des frais d\u2019actes engag\u00e9s&#8221;.<\/p>\n<p>&nbsp;<\/p>\n<p><strong>Olivier Dion<\/strong><\/p>\n<p>&nbsp;<\/p>\n<p>&nbsp;<\/p>\n","protected":false},"excerpt":{"rendered":"<p>Dans un communiqu\u00e9 publi\u00e9 le lundi 3 novembre 2025, le directeur de cabinet du\u00a0Garde des Sceaux, ministre de la Justice et des Droits de l\u2019Homme, a pr\u00e9cis\u00e9 les conditions d\u2019obtention du certificat de nationalit\u00e9 et du casier judiciaire pour les candidats aux \u00e9lections l\u00e9gislatives du 27 d\u00e9cembre 2025 en C\u00f4te d\u2019Ivoire. &#8220;Dans le cadre de [&hellip;]<\/p>\n","protected":false},"author":4,"featured_media":40990,"comment_status":"closed","ping_status":"closed","sticky":false,"template":"","format":"standard","meta":{"_monsterinsights_skip_tracking":false,"_monsterinsights_sitenote_active":false,"_monsterinsights_sitenote_note":"","_monsterinsights_sitenote_category":0,"footnotes":""},"categories":[2,17,3],"tags":[6382,6383,6371],"class_list":["post-40989","post","type-post","status-publish","format-standard","has-post-thumbnail","hentry","category-featured","category-politique","category-societe","tag-casier-judiciaire","tag-certificat-de-nationalite","tag-legislatives-2025"],"_links":{"self":[{"href":"https:\/\/www.lintelligentdabidjan.info\/news\/wp-json\/wp\/v2\/posts\/40989","targetHints":{"allow":["GET"]}}],"collection":[{"href":"https:\/\/www.lintelligentdabidjan.info\/news\/wp-json\/wp\/v2\/posts"}],"about":[{"href":"https:\/\/www.lintelligentdabidjan.info\/news\/wp-json\/wp\/v2\/types\/post"}],"author":[{"embeddable":true,"href":"https:\/\/www.lintelligentdabidjan.info\/news\/wp-json\/wp\/v2\/users\/4"}],"replies":[{"embeddable":true,"href":"https:\/\/www.lintelligentdabidjan.info\/news\/wp-json\/wp\/v2\/comments?post=40989"}],"version-history":[{"count":2,"href":"https:\/\/www.lintelligentdabidjan.info\/news\/wp-json\/wp\/v2\/posts\/40989\/revisions"}],"predecessor-version":[{"id":40992,"href":"https:\/\/www.lintelligentdabidjan.info\/news\/wp-json\/wp\/v2\/posts\/40989\/revisions\/40992"}],"wp:featuredmedia":[{"embeddable":true,"href":"https:\/\/www.lintelligentdabidjan.info\/news\/wp-json\/wp\/v2\/media\/40990"}],"wp:attachment":[{"href":"https:\/\/www.lintelligentdabidjan.info\/news\/wp-json\/wp\/v2\/media?parent=40989"}],"wp:term":[{"taxonomy":"category","embeddable":true,"href":"https:\/\/www.lintelligentdabidjan.info\/news\/wp-json\/wp\/v2\/categories?post=40989"},{"taxonomy":"post_tag","embeddable":true,"href":"https:\/\/www.lintelligentdabidjan.info\/news\/wp-json\/wp\/v2\/tags?post=40989"}],"curies":[{"name":"wp","href":"https:\/\/api.w.org\/{rel}","templated":true}]}}