{"id":41010,"date":"2025-11-05T06:15:18","date_gmt":"2025-11-05T05:15:18","guid":{"rendered":"https:\/\/www.lintelligentdabidjan.info\/news\/?p=41010"},"modified":"2025-11-05T06:15:22","modified_gmt":"2025-11-05T05:15:22","slug":"football-mondial-u17-1ere-journee-douche-froide-dentree-pour-la-cote-divoire-devant-la-suisse","status":"publish","type":"post","link":"https:\/\/www.lintelligentdabidjan.info\/news\/football-mondial-u17-1ere-journee-douche-froide-dentree-pour-la-cote-divoire-devant-la-suisse\/","title":{"rendered":"Football-Mondial U17 (1\u00e8re journ\u00e9e) : Douche froide d&#8217;entr\u00e9e pour la C\u00f4te d&#8217;Ivoire devant la Suisse"},"content":{"rendered":"<blockquote>\n<div dir=\"ltr\">\n<div>\n<div>\n<div>\n<div><em><strong>La C\u00f4te d&#8217;Ivoire a tr\u00e8s mal d\u00e9but\u00e9 la 20e \u00e9dition du <a href=\"https:\/\/www.afrikipresse.fr\/article\/football-mondial-u17-1ere-journee-un-autre-defi-pour-vassiriki-diabate-et-son-commando-face-a-la-suisse\" target=\"_blank\" rel=\"noopener\">Mondial des U17<\/a> de football au Qatar. Pour sa premi\u00e8re sortie ce mardi 4 novembre 2025 \u00e0 l&#8217;occasion de la premi\u00e8re journ\u00e9e du groupe F, elle a pris une v\u00e9ritable douche froide face \u00e0 la Suisse (1-4). Une d\u00e9faite qui assombrit quelque peu l&#8217;horizon dans la course \u00e0 la qualification pour le prochain tour.\u00a0<\/strong><\/em><\/div>\n<div><\/div>\n<div><\/div>\n<div>Comme en 2005 et 2013 face au m\u00eame adversaire, l&#8217;Italie (3-4) et (0-1), la C\u00f4te d&#8217;Ivoire s&#8217;est encore fait battre cette ann\u00e9e lors de son premier match de groupe. Cette fois par la Suisse (1-4) ce mardi 4 novembre 2025. Les \u00c9l\u00e9phanteaux ont totalement d\u00e9jou\u00e9 devant les\u00a0 champions du monde de 2009.<\/div>\n<\/div>\n<\/div>\n<\/div>\n<\/div>\n<\/blockquote>\n<div dir=\"ltr\">\n<div>\n<div>\n<blockquote>\n<div>Les Suisses n&#8217;ont pas mis du temps pour faire la diff\u00e9rence dans cette opposition o\u00f9 ils n&#8217;ont v\u00e9ritablement pas connu de r\u00e9sistance en face. \u00c0 la pause, ils ont pris une avance de 2-0, \u0153uvre de Zufferey (12e) er Llukes (41e). Ils ont cors\u00e9 l&#8217;addition en seconde p\u00e9riode par Koloto (52e) et Stiel (67e) avant que Yao ne r\u00e9duise la marque \u00e0 neuf minutes du temps r\u00e9glementaire (81e). Une v\u00e9ritable douche froide qui a relev\u00e9 les lacune de la formation ivoirienne.<\/div>\n<\/blockquote>\n<\/div>\n<\/div>\n<\/div>\n<div dir=\"ltr\">\n<div><\/div>\n<div>Avec ce r\u00e9sultat, la course pour le prochain tour s&#8217;annonce palpitante pour Vassiriki Diabat\u00e9 et ses poulains. Le vendredi 7 novembre 2025, la C\u00f4te d&#8217;Ivoire affrontera le Mexique, deux fois champion du monde et l&#8217;un des favoris de ce tournoi. Une victoire s&#8217;impose a eux. Toujours pour le compte de la <a href=\"https:\/\/www.google.com\/search?sca_esv=1543fb6b43c5b04c&amp;udm=2&amp;fbs=AIIjpHx4nJjfGojPVHhEACUHPiMQikyFH3CmH4hhupxxDAHumkNq5IDBcYTqhC6_VhyfndsH-n468aIvZKT52ISP0JAXXqMkBzrwsrIBuR8rzmWvb6dFZBp44uSWFAJ3L_3Ft49EhDavuvRrfZ8lnvTHosqlYRHcWYbr2qZ9lEOlNnbEm-P9d-R26IKP87-FsjTfq3QJIq5hemVK9bpEzBnVZ4-cmDdY_Q&amp;q=Football-Mondial+U17+(1%C3%A8re+journ%C3%A9e)+:+Douche+froide+d%27entr%C3%A9e+pour+la+C%C3%B4te+d%27Ivoire+devant+la+Suisse&amp;sa=X&amp;ved=2ahUKEwi62OS_n9qQAxUPQEEAHci4AS4QtKgLegQIEhAB&amp;biw=1280&amp;bih=593&amp;dpr=1.5\" target=\"_blank\" rel=\"noopener\">premi\u00e8re journ\u00e9e<\/a>, l&#8217;Afrique du Sud a pris le meilleur sur la Bolivie (3-1) dans le groupe A tandis que le Japon a surpris le Marocain (2-0) dans le groupe B. Pour sa part, la Tunisie a litt\u00e9ralement \u00e9cras\u00e9 les \u00celes Fidji (6-0) dans le groupe D.<\/div>\n<div><\/div>\n<div><strong>Adou Mel<\/strong><\/div>\n<div>\n<div><\/div>\n<\/div>\n<\/div>\n","protected":false},"excerpt":{"rendered":"<p>La C\u00f4te d&#8217;Ivoire a tr\u00e8s mal d\u00e9but\u00e9 la 20e \u00e9dition du Mondial des U17 de football au Qatar. Pour sa premi\u00e8re sortie ce mardi 4 novembre 2025 \u00e0 l&#8217;occasion de la premi\u00e8re journ\u00e9e du groupe F, elle a pris une v\u00e9ritable douche froide face \u00e0 la Suisse (1-4). Une d\u00e9faite qui assombrit quelque peu l&#8217;horizon [&hellip;]<\/p>\n","protected":false},"author":4,"featured_media":41011,"comment_status":"closed","ping_status":"closed","sticky":false,"template":"","format":"standard","meta":{"_monsterinsights_skip_tracking":false,"_monsterinsights_sitenote_active":false,"_monsterinsights_sitenote_note":"","_monsterinsights_sitenote_category":0,"footnotes":""},"categories":[2,23],"tags":[6390,77,6389,6391],"class_list":["post-41010","post","type-post","status-publish","format-standard","has-post-thumbnail","hentry","category-featured","category-sport","tag-1ere-journee","tag-cote-divoire","tag-football-mondial-u17","tag-suisse"],"_links":{"self":[{"href":"https:\/\/www.lintelligentdabidjan.info\/news\/wp-json\/wp\/v2\/posts\/41010","targetHints":{"allow":["GET"]}}],"collection":[{"href":"https:\/\/www.lintelligentdabidjan.info\/news\/wp-json\/wp\/v2\/posts"}],"about":[{"href":"https:\/\/www.lintelligentdabidjan.info\/news\/wp-json\/wp\/v2\/types\/post"}],"author":[{"embeddable":true,"href":"https:\/\/www.lintelligentdabidjan.info\/news\/wp-json\/wp\/v2\/users\/4"}],"replies":[{"embeddable":true,"href":"https:\/\/www.lintelligentdabidjan.info\/news\/wp-json\/wp\/v2\/comments?post=41010"}],"version-history":[{"count":1,"href":"https:\/\/www.lintelligentdabidjan.info\/news\/wp-json\/wp\/v2\/posts\/41010\/revisions"}],"predecessor-version":[{"id":41012,"href":"https:\/\/www.lintelligentdabidjan.info\/news\/wp-json\/wp\/v2\/posts\/41010\/revisions\/41012"}],"wp:featuredmedia":[{"embeddable":true,"href":"https:\/\/www.lintelligentdabidjan.info\/news\/wp-json\/wp\/v2\/media\/41011"}],"wp:attachment":[{"href":"https:\/\/www.lintelligentdabidjan.info\/news\/wp-json\/wp\/v2\/media?parent=41010"}],"wp:term":[{"taxonomy":"category","embeddable":true,"href":"https:\/\/www.lintelligentdabidjan.info\/news\/wp-json\/wp\/v2\/categories?post=41010"},{"taxonomy":"post_tag","embeddable":true,"href":"https:\/\/www.lintelligentdabidjan.info\/news\/wp-json\/wp\/v2\/tags?post=41010"}],"curies":[{"name":"wp","href":"https:\/\/api.w.org\/{rel}","templated":true}]}}