{"id":41026,"date":"2025-11-06T06:33:37","date_gmt":"2025-11-06T05:33:37","guid":{"rendered":"https:\/\/www.lintelligentdabidjan.info\/news\/?p=41026"},"modified":"2025-11-06T06:33:51","modified_gmt":"2025-11-06T05:33:51","slug":"presidentielle-2025-lalliance-des-amis-republicains-felicite-alassane-ouattara-pour-sa-victoire","status":"publish","type":"post","link":"https:\/\/www.lintelligentdabidjan.info\/news\/presidentielle-2025-lalliance-des-amis-republicains-felicite-alassane-ouattara-pour-sa-victoire\/","title":{"rendered":"Pr\u00e9sidentielle 2025:  L\u2019Alliance des Amis R\u00e9publicains f\u00e9licite Alassane Ouattara pour sa victoire"},"content":{"rendered":"<p><em><strong>\u00c0 la suite de la <a href=\"https:\/\/www.lintelligentdabidjan.info\/news\/bouake-presidentielle-2025-amadou-kone-salue-la-forte-affluence-des-electeurs-dans-les-urnes\/\" target=\"_blank\" rel=\"noopener\">proclamation<\/a> officielle des r\u00e9sultats de l\u2019\u00e9lection pr\u00e9sidentielle du 25 octobre 2025, l\u2019Alliance des Amis R\u00e9publicains (AAR) a publi\u00e9, le 5 novembre 2025, une d\u00e9claration saluant la victoire du pr\u00e9sident sortant, Alassane Ouattara, r\u00e9\u00e9lu \u00e0 la t\u00eate de la R\u00e9publique de C\u00f4te d\u2019Ivoire avec 89,77 % des suffrages exprim\u00e9s, soit 3 759 030 voix, selon les chiffres annonc\u00e9s par le Conseil constitutionnel, pr\u00e9sid\u00e9 par Mme Chantal Nanaba Camara.<\/strong><\/em><\/p>\n<blockquote><p>sagesse et d\u00e9termination<\/p><\/blockquote>\n<p>&nbsp;<\/p>\n<p>Dans son communiqu\u00e9, l\u2019AAR a adress\u00e9 ses f\u00e9licitations les plus sinc\u00e8res au chef de l\u2019\u00c9tat, soulignant que ce r\u00e9sultat t\u00e9moigne de la confiance du peuple ivoirien en son leadership et de son engagement pour la stabilit\u00e9 et le d\u00e9veloppement du pays. \u00ab Cette victoire marque un moment fort pour la C\u00f4te d\u2019Ivoire, ouvrant la voie \u00e0 de nouvelles opportunit\u00e9s et \u00e0 la poursuite des r\u00e9formes n\u00e9cessaires pour le bien-\u00eatre de tous nos concitoyens \u00bb, indique la d\u00e9claration sign\u00e9e du pr\u00e9sident de l\u2019AAR, Kodio Ouattara. Ensuite, l\u2019Alliance a r\u00e9affirm\u00e9 sa foi en la capacit\u00e9 du pr\u00e9sident Ouattara \u00e0 diriger la nation avec \u00ab sagesse et d\u00e9termination \u00bb, saluant son exp\u00e9rience et sa vision comme des atouts majeurs pour consolider la d\u00e9mocratie et construire une nation forte et inclusive. En outre, l\u2019AAR a remerci\u00e9 tous ses membres qui ont anim\u00e9 la campagne sur l\u2019ensemble du territoire, ainsi que l\u2019ensemble des militants et sympathisants pour leur engagement et leur d\u00e9vouement tout au long du processus \u00e9lectoral. L\u2019AAR a par ailleurs promis de soutenir les initiatives pr\u00e9sidentielles ax\u00e9es sur le d\u00e9veloppement \u00e9conomique, la justice sociale et la coh\u00e9sion nationale. L\u2019organisation appelle enfin tous les Ivoiriens \u00e0 l\u2019unit\u00e9 et \u00e0 \u0153uvrer ensemble pour un avenir commun de paix et de prosp\u00e9rit\u00e9.<\/p>\n<p>\u00ab Nous r\u00e9it\u00e9rons notre confiance en Son Excellence <a href=\"https:\/\/news.lia.ci\/news\/politique\/bouake-presidentielle-2025-traore-mamadou-mobilise-les-populations-de-gare-kan-pour-le-president-ouattara\/\" target=\"_blank\" rel=\"noopener\">Alassane Ouattara<\/a> et lui adressons nos v\u0153ux les plus sinc\u00e8res de succ\u00e8s dans sa mission \u00bb, conclut le communiqu\u00e9.<\/p>\n<p>&nbsp;<\/p>\n<p><strong>Mamadou Ouattara avec Ly Abdul\u00a0<\/strong><\/p>\n<p>&nbsp;<\/p>\n<p>&nbsp;<\/p>\n<p>&nbsp;<\/p>\n<p>&nbsp;<\/p>\n<p>&nbsp;<\/p>\n<p>&nbsp;<\/p>\n<p>&nbsp;<\/p>\n","protected":false},"excerpt":{"rendered":"<p>\u00c0 la suite de la proclamation officielle des r\u00e9sultats de l\u2019\u00e9lection pr\u00e9sidentielle du 25 octobre 2025, l\u2019Alliance des Amis R\u00e9publicains (AAR) a publi\u00e9, le 5 novembre 2025, une d\u00e9claration saluant la victoire du pr\u00e9sident sortant, Alassane Ouattara, r\u00e9\u00e9lu \u00e0 la t\u00eate de la R\u00e9publique de C\u00f4te d\u2019Ivoire avec 89,77 % des suffrages exprim\u00e9s, soit 3 [&hellip;]<\/p>\n","protected":false},"author":4,"featured_media":41027,"comment_status":"closed","ping_status":"closed","sticky":false,"template":"","format":"standard","meta":{"_monsterinsights_skip_tracking":false,"_monsterinsights_sitenote_active":false,"_monsterinsights_sitenote_note":"","_monsterinsights_sitenote_category":0,"footnotes":""},"categories":[2,17],"tags":[39,5819,1621,1893],"class_list":["post-41026","post","type-post","status-publish","format-standard","has-post-thumbnail","hentry","category-featured","category-politique","tag-alassane-ouattara","tag-lalliance-des-amis-republicains","tag-presidentielle-2025","tag-victoire"],"_links":{"self":[{"href":"https:\/\/www.lintelligentdabidjan.info\/news\/wp-json\/wp\/v2\/posts\/41026","targetHints":{"allow":["GET"]}}],"collection":[{"href":"https:\/\/www.lintelligentdabidjan.info\/news\/wp-json\/wp\/v2\/posts"}],"about":[{"href":"https:\/\/www.lintelligentdabidjan.info\/news\/wp-json\/wp\/v2\/types\/post"}],"author":[{"embeddable":true,"href":"https:\/\/www.lintelligentdabidjan.info\/news\/wp-json\/wp\/v2\/users\/4"}],"replies":[{"embeddable":true,"href":"https:\/\/www.lintelligentdabidjan.info\/news\/wp-json\/wp\/v2\/comments?post=41026"}],"version-history":[{"count":1,"href":"https:\/\/www.lintelligentdabidjan.info\/news\/wp-json\/wp\/v2\/posts\/41026\/revisions"}],"predecessor-version":[{"id":41028,"href":"https:\/\/www.lintelligentdabidjan.info\/news\/wp-json\/wp\/v2\/posts\/41026\/revisions\/41028"}],"wp:featuredmedia":[{"embeddable":true,"href":"https:\/\/www.lintelligentdabidjan.info\/news\/wp-json\/wp\/v2\/media\/41027"}],"wp:attachment":[{"href":"https:\/\/www.lintelligentdabidjan.info\/news\/wp-json\/wp\/v2\/media?parent=41026"}],"wp:term":[{"taxonomy":"category","embeddable":true,"href":"https:\/\/www.lintelligentdabidjan.info\/news\/wp-json\/wp\/v2\/categories?post=41026"},{"taxonomy":"post_tag","embeddable":true,"href":"https:\/\/www.lintelligentdabidjan.info\/news\/wp-json\/wp\/v2\/tags?post=41026"}],"curies":[{"name":"wp","href":"https:\/\/api.w.org\/{rel}","templated":true}]}}