{"id":41038,"date":"2025-11-07T05:50:35","date_gmt":"2025-11-07T04:50:35","guid":{"rendered":"https:\/\/www.lintelligentdabidjan.info\/news\/?p=41038"},"modified":"2025-11-07T05:50:58","modified_gmt":"2025-11-07T04:50:58","slug":"lintelligent-en-pdf-comme-les-pays-les-partis-politiques-nont-ni-amis-ni-etats-dame-du-front-commun-au-front-fissure-le-pdci-rda-aux-legislatives-sans-le-ppa-ci","status":"publish","type":"post","link":"https:\/\/www.lintelligentdabidjan.info\/news\/lintelligent-en-pdf-comme-les-pays-les-partis-politiques-nont-ni-amis-ni-etats-dame-du-front-commun-au-front-fissure-le-pdci-rda-aux-legislatives-sans-le-ppa-ci\/","title":{"rendered":"\u00a0L&#8217;Intelligent en PDF:  Comme les pays, les partis politiques n&#8217;ont ni amis ni \u00e9tats d&#8217;\u00e2me  \u00a0  Du front commun au front fissur\u00e9 : le PDCI-RDA aux l\u00e9gislatives sans le PPA-CI ?"},"content":{"rendered":"<p class=\"yiv3854926538ydp4f7b24dfMsoNormal\"><strong><span lang=\"fr\">\u00a0\u00c0 l\u2019issue de la r\u00e9union de son Comit\u00e9 central tenue le jeudi 6 novembre 2025, le Parti des Peuples Africains \u2013 C\u00f4te d\u2019Ivoire (PPA-CI) a d\u00e9cid\u00e9 de ne pas prendre part aux l\u00e9gislatives de 2025, tandis que son alli\u00e9 au sein du Front commun, le PDCI, a lui choisi d\u2019y participer.<\/span><span lang=\"fr\">Du front commun au front fissur\u00e9 : le PDCI-RDA aux l\u00e9gislatives sans le PPA-CI ?<\/span><\/strong><\/p>\n<p class=\"yiv3854926538ydp4f7b24dfMsoNormal\"><span lang=\"fr\">Article \u00e0 d\u00e9couvrir dans vos kiosques et en ligne sur&#8230;<\/span><\/p>\n<p><a href=\"https:\/\/news.abidjan.net\/titrologie\/39-lintelligent-dabidjan\/articles\" target=\"_blank\" rel=\"noopener\">https:\/\/news.abidjan.net\/titrologie\/39-lintelligent-dabidjan\/articles<\/a><\/p>\n<p class=\"yiv3854926538ydp4f7b24dfMsoNormal\"><span lang=\"fr\">\u00a0<\/span><span lang=\"fr\">\u00c0 lire aussi <\/span><span lang=\"fr\">Daniogo Kl\u00e9non,\u00a0\u00a0un serviteur exemplaire de la Nation; La caravane\u00a0\u00a0CMU Z\u00e9ro Cotisation <\/span><span lang=\"fr\">\u00e0 Abobodoum\u00e9;\u00a0\u00a0Ce qui est reproch\u00e9 clairement \u00e0 Damana Adia Pickass; Mamadou Tour\u00e9 parle au sommet mondial sur le d\u00e9v\u00e9loppement social\u00a0\u00a0\u00e0\u00a0\u00a0Doha<\/span><\/p>\n<p class=\"yiv3854926538ydp4f7b24dfMsoNormal\"><span lang=\"fr\">\u00a0<\/span><span lang=\"fr\">Cliquez pour les d\u00e9tails<\/span><\/p>\n<p><a href=\"https:\/\/www.afrikipresse.fr\/abonnement\" target=\"_blank\" rel=\"noopener\">https:\/\/www.afrikipresse.fr\/abonnement<\/a><\/p>\n<p class=\"yiv3854926538ydp4f7b24dfMsoNormal\"><span lang=\"fr\">\u00c0\u00a0<\/span><span lang=\"fr\">\u00a0\u00a0voir \u00e9galement Amed\u00e9 Kouakou en tourn\u00e9e de\u00a0\u00a0mobilisation pour le RHDP dans le L\u00f4h-Djiboua dans le cadre des l\u00e9gislatives 2025 et et la nouvelle date du scrutin au niveau de la pr\u00e9sidence de\u00a0<\/span><span lang=\"fr\">C\u00f4te d\u2019Ivoire Judo.<\/span><\/p>\n<p><a href=\"https:\/\/www.pressecotedivoire.fr\/titrologie\" target=\"_blank\" rel=\"noopener\">https:\/\/www.pressecotedivoire.fr\/titrologie<\/a><\/p>\n<p class=\"yiv3854926538ydp4f7b24dfMsoNormal\"><span lang=\"fr\">\u00a0<\/span><\/p>\n<p class=\"yiv3854926538ydp4f7b24dfMsoNormal\"><span lang=\"fr\">\u00a0<\/span><\/p>\n","protected":false},"excerpt":{"rendered":"<p>\u00a0\u00c0 l\u2019issue de la r\u00e9union de son Comit\u00e9 central tenue le jeudi 6 novembre 2025, le Parti des Peuples Africains \u2013 C\u00f4te d\u2019Ivoire (PPA-CI) a d\u00e9cid\u00e9 de ne pas prendre part aux l\u00e9gislatives de 2025, tandis que son alli\u00e9 au sein du Front commun, le PDCI, a lui choisi d\u2019y participer.Du front commun au front [&hellip;]<\/p>\n","protected":false},"author":4,"featured_media":41039,"comment_status":"closed","ping_status":"closed","sticky":false,"template":"","format":"standard","meta":{"_monsterinsights_skip_tracking":false,"_monsterinsights_sitenote_active":false,"_monsterinsights_sitenote_note":"","_monsterinsights_sitenote_category":0,"footnotes":""},"categories":[2,3],"tags":[],"class_list":["post-41038","post","type-post","status-publish","format-standard","has-post-thumbnail","hentry","category-featured","category-societe"],"_links":{"self":[{"href":"https:\/\/www.lintelligentdabidjan.info\/news\/wp-json\/wp\/v2\/posts\/41038","targetHints":{"allow":["GET"]}}],"collection":[{"href":"https:\/\/www.lintelligentdabidjan.info\/news\/wp-json\/wp\/v2\/posts"}],"about":[{"href":"https:\/\/www.lintelligentdabidjan.info\/news\/wp-json\/wp\/v2\/types\/post"}],"author":[{"embeddable":true,"href":"https:\/\/www.lintelligentdabidjan.info\/news\/wp-json\/wp\/v2\/users\/4"}],"replies":[{"embeddable":true,"href":"https:\/\/www.lintelligentdabidjan.info\/news\/wp-json\/wp\/v2\/comments?post=41038"}],"version-history":[{"count":2,"href":"https:\/\/www.lintelligentdabidjan.info\/news\/wp-json\/wp\/v2\/posts\/41038\/revisions"}],"predecessor-version":[{"id":41041,"href":"https:\/\/www.lintelligentdabidjan.info\/news\/wp-json\/wp\/v2\/posts\/41038\/revisions\/41041"}],"wp:featuredmedia":[{"embeddable":true,"href":"https:\/\/www.lintelligentdabidjan.info\/news\/wp-json\/wp\/v2\/media\/41039"}],"wp:attachment":[{"href":"https:\/\/www.lintelligentdabidjan.info\/news\/wp-json\/wp\/v2\/media?parent=41038"}],"wp:term":[{"taxonomy":"category","embeddable":true,"href":"https:\/\/www.lintelligentdabidjan.info\/news\/wp-json\/wp\/v2\/categories?post=41038"},{"taxonomy":"post_tag","embeddable":true,"href":"https:\/\/www.lintelligentdabidjan.info\/news\/wp-json\/wp\/v2\/tags?post=41038"}],"curies":[{"name":"wp","href":"https:\/\/api.w.org\/{rel}","templated":true}]}}