{"id":41056,"date":"2025-11-10T05:18:06","date_gmt":"2025-11-10T04:18:06","guid":{"rendered":"https:\/\/www.lintelligentdabidjan.info\/news\/?p=41056"},"modified":"2025-11-10T05:18:12","modified_gmt":"2025-11-10T04:18:12","slug":"education-et-autonomisation-de-la-petite-enfance-lunicef-et-la-fondation-mtn-cote-divoire-scellent-un-partenariat","status":"publish","type":"post","link":"https:\/\/www.lintelligentdabidjan.info\/news\/education-et-autonomisation-de-la-petite-enfance-lunicef-et-la-fondation-mtn-cote-divoire-scellent-un-partenariat\/","title":{"rendered":"\u00c9ducation et autonomisation de la petite enfance:  L\u2019Unicef et la Fondation\u00a0 MTN C\u00f4te d\u2019Ivoire scellent un partenariat\u00a0"},"content":{"rendered":"<p><em><strong>L\u2019Unicef et la <a href=\"https:\/\/www.lintelligentdabidjan.info\/news\/rentree-scolaire-2024-2025-la-fondation-lonaci-fait-des-dons\/\" target=\"_blank\" rel=\"noopener\">Fondation<\/a> MTN C\u00f4te d\u2019Ivoire ont proc\u00e9d\u00e9 \u00e0 la signature d\u2019un M\u00e9morandum d&#8217;Accord (MoU), le vendredi 7 novembre 2025 au si\u00e8ge de l\u2019Unicef \u00e0 Abidjan-Cocody Rivi\u00e8ra-Golf.<\/strong><\/em><\/p>\n<blockquote><p>Ce partenariat incarne l\u2019esprit<\/p><\/blockquote>\n<p>&nbsp;<\/p>\n<p>Ce partenariat scell\u00e9 entre l\u2019Unicef r\u00e9sulte de plusieurs mois de concertation entre les deux entit\u00e9s. Cet accord vise \u00e0 offrir \u00e0 chaque enfant et \u00e0 chaque jeune des opportunit\u00e9s d\u2019apprentissage et de d\u00e9veloppement dans un environnement s\u00fbr et connect\u00e9. Il permettra de renforcer l\u2019\u00e9ducation, l\u2019inclusion num\u00e9rique et la protection des enfants en C\u00f4te d\u2019Ivoire. Selon Jean-Fran\u00e7ois Basse, Repr\u00e9sentant R\u00e9sident de l&#8217;UNICEF en C\u00f4te d&#8217;Ivoire, ce partenariat permettra de former plus de 20 000 jeunes d\u2019ici 2030 aux comp\u00e9tences num\u00e9riques et entrepreneuriales, d\u2019\u00e9tendre la Classe mobile num\u00e9rique (Digibox) \u00e0 plusieurs r\u00e9gions recul\u00e9es et de renforcer la s\u00e9curit\u00e9 num\u00e9rique des enfants \u00e0 travers Room of Safety, dont une vaste campagne nationale est pr\u00e9vue le 19 novembre, veille de la Journ\u00e9e mondiale de l\u2019enfance. \u00ab Ce partenariat incarne l\u2019esprit de l\u2019Objectif de D\u00e9veloppement Durable n\u00b017 : des partenariats pour atteindre les objectifs. En unissant l\u2019expertise du secteur priv\u00e9 et celle des Nations Unies, nous pouvons am\u00e9liorer concr\u00e8tement la vie des enfants et des jeunes \u00bb, a-t-il conclu. La Secr\u00e9taire ex\u00e9cutive de la fondation MTN,Natenin Coulibaly,\u00a0 a salu\u00e9 la port\u00e9e symbolique et concr\u00e8te de ce partenariat visant \u00e0 prot\u00e9ger les enfants sur les r\u00e9seaux sociaux. \u00ab Ce partenariat traduit notre volont\u00e9 commune de promouvoir les droits de l\u2019enfant, de renforcer l\u2019acc\u00e8s \u00e0 l\u2019\u00e9ducation et aux comp\u00e9tences num\u00e9riques, et de favoriser l\u2019autonomisation de la jeunesse ivoirienne \u00bb, a-t-elle d\u00e9clar\u00e9. Elle a notamment \u00e9voqu\u00e9 le programme \u201cG\u00e9n\u00e9ration Num\u00e9rique\u201d, mis en \u0153uvre avec le minist\u00e8re de l\u2019\u00c9ducation nationale, qui \u00e9quipe les \u00e9coles publiques en salles multim\u00e9dias. \u00ab Nos enfants ont les capacit\u00e9s, mais il leur manque souvent les moyens. \u00c0 travers ces initiatives, nous leur offrons les m\u00eames chances que les enfants des autres pays \u00bb, a-t-elle affirm\u00e9.<\/p>\n<h2><strong>Les axes d\u2019intervention du M\u00e9morandum d&#8217;Accord (MoU)<\/strong><\/h2>\n<blockquote><p>l\u2019innovation et l\u2019inclusion num\u00e9rique<\/p><\/blockquote>\n<p>&nbsp;<\/p>\n<p>Pr\u00e9sent\u00e9 par Christophe Pasquier, Chef du partenariat de l\u2019Unicef C\u00f4te d\u2019Ivoire, le MoU s\u2019articule autour de cinq axes majeurs. Il s\u2019agit de la protection des enfants en ligne, \u00e0 travers la campagne Room of Safety ; la <a href=\"https:\/\/www.pressecotedivoire.fr\/23741-education-et-autonomisation-des-jeunes-deux-organisations-signent-un-partenariat-strategique\" target=\"_blank\" rel=\"noopener\">promotion<\/a> de l\u2019innovation locale via le Fab Lab MTN de Yamoussoukro ; le renforcement des comp\u00e9tences num\u00e9riques des jeunes, gr\u00e2ce aux plateformes Yoma (Unicef) et Acad\u00e9mie des Comp\u00e9tences (MTN) ; la sensibilisation communautaire \u00e0 grande \u00e9chelle \u00e0 travers des campagnes SMS sur les droits de l\u2019enfant ; et enfin, l\u2019extension de la Digibox, une solution mobile d\u2019apprentissage destin\u00e9e aux zones rurales. \u00ab Ce partenariat repose sur une volont\u00e9 commune de cr\u00e9er un impact durable pour les enfants et les jeunes de C\u00f4te d\u2019Ivoire, en misant sur l\u2019innovation et l\u2019inclusion num\u00e9rique \u00bb, a-t-il soulign\u00e9.<\/p>\n<p><strong>Olivier Dion avec A. Traor\u00e9<\/strong><\/p>\n<p>&nbsp;<\/p>\n<p>&nbsp;<\/p>\n<p>&nbsp;<\/p>\n","protected":false},"excerpt":{"rendered":"<p>L\u2019Unicef et la Fondation MTN C\u00f4te d\u2019Ivoire ont proc\u00e9d\u00e9 \u00e0 la signature d\u2019un M\u00e9morandum d&#8217;Accord (MoU), le vendredi 7 novembre 2025 au si\u00e8ge de l\u2019Unicef \u00e0 Abidjan-Cocody Rivi\u00e8ra-Golf. Ce partenariat incarne l\u2019esprit &nbsp; Ce partenariat scell\u00e9 entre l\u2019Unicef r\u00e9sulte de plusieurs mois de concertation entre les deux entit\u00e9s. Cet accord vise \u00e0 offrir \u00e0 chaque [&hellip;]<\/p>\n","protected":false},"author":4,"featured_media":41057,"comment_status":"closed","ping_status":"closed","sticky":false,"template":"","format":"standard","meta":{"_monsterinsights_skip_tracking":false,"_monsterinsights_sitenote_active":false,"_monsterinsights_sitenote_note":"","_monsterinsights_sitenote_category":0,"footnotes":""},"categories":[2,3],"tags":[3333,1200,6412,5450,6411,1806],"class_list":["post-41056","post","type-post","status-publish","format-standard","has-post-thumbnail","hentry","category-featured","category-societe","tag-autonomisation","tag-education","tag-fondation-mtn-cote-divoire","tag-lunicef","tag-la-petite-enfance","tag-partenariat"],"_links":{"self":[{"href":"https:\/\/www.lintelligentdabidjan.info\/news\/wp-json\/wp\/v2\/posts\/41056","targetHints":{"allow":["GET"]}}],"collection":[{"href":"https:\/\/www.lintelligentdabidjan.info\/news\/wp-json\/wp\/v2\/posts"}],"about":[{"href":"https:\/\/www.lintelligentdabidjan.info\/news\/wp-json\/wp\/v2\/types\/post"}],"author":[{"embeddable":true,"href":"https:\/\/www.lintelligentdabidjan.info\/news\/wp-json\/wp\/v2\/users\/4"}],"replies":[{"embeddable":true,"href":"https:\/\/www.lintelligentdabidjan.info\/news\/wp-json\/wp\/v2\/comments?post=41056"}],"version-history":[{"count":1,"href":"https:\/\/www.lintelligentdabidjan.info\/news\/wp-json\/wp\/v2\/posts\/41056\/revisions"}],"predecessor-version":[{"id":41058,"href":"https:\/\/www.lintelligentdabidjan.info\/news\/wp-json\/wp\/v2\/posts\/41056\/revisions\/41058"}],"wp:featuredmedia":[{"embeddable":true,"href":"https:\/\/www.lintelligentdabidjan.info\/news\/wp-json\/wp\/v2\/media\/41057"}],"wp:attachment":[{"href":"https:\/\/www.lintelligentdabidjan.info\/news\/wp-json\/wp\/v2\/media?parent=41056"}],"wp:term":[{"taxonomy":"category","embeddable":true,"href":"https:\/\/www.lintelligentdabidjan.info\/news\/wp-json\/wp\/v2\/categories?post=41056"},{"taxonomy":"post_tag","embeddable":true,"href":"https:\/\/www.lintelligentdabidjan.info\/news\/wp-json\/wp\/v2\/tags?post=41056"}],"curies":[{"name":"wp","href":"https:\/\/api.w.org\/{rel}","templated":true}]}}