{"id":41076,"date":"2025-11-12T05:21:37","date_gmt":"2025-11-12T04:21:37","guid":{"rendered":"https:\/\/www.lintelligentdabidjan.info\/news\/?p=41076"},"modified":"2025-11-12T05:22:36","modified_gmt":"2025-11-12T04:22:36","slug":"legislatives-2025-a-gagnoa-diarra-bilali-officialise-sa-candidature-pour-lassemblee-nationale","status":"publish","type":"post","link":"https:\/\/www.lintelligentdabidjan.info\/news\/legislatives-2025-a-gagnoa-diarra-bilali-officialise-sa-candidature-pour-lassemblee-nationale\/","title":{"rendered":"L\u00e9gislatives 2025 \u00e0 Gagnoa : Diarra Bilali officialise sa candidature pour l\u2019Assembl\u00e9e nationale"},"content":{"rendered":"<p><em><strong>C\u2019est d\u00e9sormais officiel. Diarra Bilali a d\u00e9pos\u00e9, le mardi 11 novembre 2025, son dossier de candidature aupr\u00e8s de la Commission \u00c9lectorale Ind\u00e9pendante (CEI) pour les <a href=\"https:\/\/www.lintelligentdabidjan.info\/news\/bouake-legislatives-2025-des-militants-du-rhdp-saluent-le-choix-de-paul-dakuyo\/\" target=\"_blank\" rel=\"noopener\">\u00e9lections l\u00e9gislatives<\/a> pr\u00e9vues le 27 d\u00e9cembre prochain dans la commune de Gagnoa.<\/strong><\/em><\/p>\n<p>Devant la presse, le candidat a pr\u00e9cis\u00e9 que sa d\u00e9marche ne rel\u00e8ve pas d\u2019une ambition personnelle, mais d\u2019un engagement sinc\u00e8re envers sa communaut\u00e9.<\/p>\n<p>\u00ab Cette d\u00e9cision n\u2019est pas le fruit d\u2019une ambition personnelle, mais celui d\u2019un engagement profond envers ma population, dont les besoins, les espoirs et les aspirations m\u2019inspirent chaque jour \u00bb, a d\u00e9clar\u00e9 Diarra Bilali.<\/p>\n<blockquote><p>la paix, la solidarit\u00e9 et la dignit\u00e9<\/p><\/blockquote>\n<p>&nbsp;<\/p>\n<p>Selon lui, cette candidature est avant tout une r\u00e9ponse \u00e0 la demande pressante de la population de Gagnoa, qui souhaite voir ses int\u00e9r\u00eats mieux d\u00e9fendus \u00e0 l\u2019h\u00e9micycle.<\/p>\n<p>Il a exprim\u00e9 sa volont\u00e9 d\u2019\u00eatre la voix des sans-voix et de porter les pr\u00e9occupations r\u00e9elles des habitants au c\u0153ur du d\u00e9bat national.<\/p>\n<p>Conscient des nombreux d\u00e9fis auxquels la r\u00e9gion est confront\u00e9e, notamment dans les domaines du d\u00e9veloppement local, de l\u2019emploi des jeunes et du bien-\u00eatre des populations rurales, Diarra Bilali a lanc\u00e9 un appel \u00e0 l\u2019unit\u00e9 et \u00e0 la solidarit\u00e9.<\/p>\n<p>\u00ab Je crois en un avenir radieux pour notre r\u00e9gion, un avenir que nous construirons ensemble, dans la paix, la solidarit\u00e9 et la dignit\u00e9 \u00bb, a-t-il insist\u00e9.<\/p>\n<p>Engag\u00e9 depuis plusieurs ann\u00e9es dans les actions sociales et communautaires, Diarra Bilali s\u2019est illustr\u00e9 par son travail aux c\u00f4t\u00e9s des jeunes, des femmes, des \u00e9l\u00e8ves et des agriculteurs.<\/p>\n<blockquote><p>jamais au c\u0153ur de la C\u00f4te d\u2019Ivoire<\/p><\/blockquote>\n<p>&nbsp;<\/p>\n<p>Ces exp\u00e9riences, dit-il, lui ont permis de mieux comprendre les besoins r\u00e9els de sa communaut\u00e9 et d\u2019\u00e9laborer une vision de d\u00e9veloppement adapt\u00e9e aux r\u00e9alit\u00e9s locales.<\/p>\n<p>\u00ab Par ma candidature, je souhaite incarner cette <a href=\"https:\/\/www.aip.ci\/276692\/cote-divoire-aip-legislatives-2025-maurice-kakou-guikahue-officialise-sa-candidature-a-gagnoa\/\" target=\"_blank\" rel=\"noopener\">volont\u00e9<\/a> de changement, d\u2019action et de progr\u00e8s pour que Gagnoa rayonne plus que jamais au c\u0153ur de la C\u00f4te d\u2019Ivoire \u00bb, a-t-il conclu.<\/p>\n<p>&nbsp;<\/p>\n<p><strong>Beker Yao\u00a0<\/strong><\/p>\n<p>&nbsp;<\/p>\n<p>&nbsp;<\/p>\n<p>&nbsp;<\/p>\n<p>&nbsp;<\/p>\n<p>&nbsp;<\/p>\n","protected":false},"excerpt":{"rendered":"<p>C\u2019est d\u00e9sormais officiel. Diarra Bilali a d\u00e9pos\u00e9, le mardi 11 novembre 2025, son dossier de candidature aupr\u00e8s de la Commission \u00c9lectorale Ind\u00e9pendante (CEI) pour les \u00e9lections l\u00e9gislatives pr\u00e9vues le 27 d\u00e9cembre prochain dans la commune de Gagnoa. Devant la presse, le candidat a pr\u00e9cis\u00e9 que sa d\u00e9marche ne rel\u00e8ve pas d\u2019une ambition personnelle, mais d\u2019un [&hellip;]<\/p>\n","protected":false},"author":4,"featured_media":41077,"comment_status":"closed","ping_status":"closed","sticky":false,"template":"","format":"standard","meta":{"footnotes":""},"categories":[2,17],"tags":[2073,5810,4834,6421,6371],"class_list":["post-41076","post","type-post","status-publish","format-standard","has-post-thumbnail","hentry","category-featured","category-politique","tag-candidature","tag-diarra-bilali","tag-gagnoa","tag-lassemblee-nationale","tag-legislatives-2025"],"_links":{"self":[{"href":"https:\/\/www.lintelligentdabidjan.info\/news\/wp-json\/wp\/v2\/posts\/41076","targetHints":{"allow":["GET"]}}],"collection":[{"href":"https:\/\/www.lintelligentdabidjan.info\/news\/wp-json\/wp\/v2\/posts"}],"about":[{"href":"https:\/\/www.lintelligentdabidjan.info\/news\/wp-json\/wp\/v2\/types\/post"}],"author":[{"embeddable":true,"href":"https:\/\/www.lintelligentdabidjan.info\/news\/wp-json\/wp\/v2\/users\/4"}],"replies":[{"embeddable":true,"href":"https:\/\/www.lintelligentdabidjan.info\/news\/wp-json\/wp\/v2\/comments?post=41076"}],"version-history":[{"count":1,"href":"https:\/\/www.lintelligentdabidjan.info\/news\/wp-json\/wp\/v2\/posts\/41076\/revisions"}],"predecessor-version":[{"id":41078,"href":"https:\/\/www.lintelligentdabidjan.info\/news\/wp-json\/wp\/v2\/posts\/41076\/revisions\/41078"}],"wp:featuredmedia":[{"embeddable":true,"href":"https:\/\/www.lintelligentdabidjan.info\/news\/wp-json\/wp\/v2\/media\/41077"}],"wp:attachment":[{"href":"https:\/\/www.lintelligentdabidjan.info\/news\/wp-json\/wp\/v2\/media?parent=41076"}],"wp:term":[{"taxonomy":"category","embeddable":true,"href":"https:\/\/www.lintelligentdabidjan.info\/news\/wp-json\/wp\/v2\/categories?post=41076"},{"taxonomy":"post_tag","embeddable":true,"href":"https:\/\/www.lintelligentdabidjan.info\/news\/wp-json\/wp\/v2\/tags?post=41076"}],"curies":[{"name":"wp","href":"https:\/\/api.w.org\/{rel}","templated":true}]}}