{"id":41102,"date":"2025-11-14T05:47:57","date_gmt":"2025-11-14T04:47:57","guid":{"rendered":"https:\/\/www.lintelligentdabidjan.info\/news\/?p=41102"},"modified":"2025-11-14T05:48:20","modified_gmt":"2025-11-14T04:48:20","slug":"semaine-diocesaine-le-laicat-dabidjan-annonce-des-seances-de-prieres-pour-la-paix","status":"publish","type":"post","link":"https:\/\/www.lintelligentdabidjan.info\/news\/semaine-diocesaine-le-laicat-dabidjan-annonce-des-seances-de-prieres-pour-la-paix\/","title":{"rendered":"Semaine dioc\u00e9saine :  Le La\u00efcat d\u2019Abidjan annonce\u00a0 des s\u00e9ances de pri\u00e8res pour la paix\u00a0\u00a0"},"content":{"rendered":"<p><em><strong>Sous l\u2019autorit\u00e9 spirituelle de son \u00c9minence le Cardinal Ignace Dogbo Bessi, <a href=\"https:\/\/www.lintelligentdabidjan.info\/news\/affaire-il-faut-savoir-partir-eveque-gba-jonathan-mediateur-evangelique-un-guide-religieux-ne-doit-pas-seriger-en-donneur-de-lecons-dans-ce-climat-pol\/\" target=\"_blank\" rel=\"noopener\">Archev\u00eaque<\/a> M\u00e9tropolitain d\u2019Abidjan, le Conseil dioc\u00e9sain du la\u00efcat d\u2019Abidjan, en collaboration avec le secr\u00e9tariat ex\u00e9cutif dioc\u00e9sain de l\u2019Apostolat des la\u00efcs et la commission dioc\u00e9saine justice et paix, lance la semaine Dioc\u00e9saine du La\u00efcat.\u00a0<\/strong><\/em><\/p>\n<blockquote><p>\u00eatre acteurs dans la vie de l\u2019\u00c9glise<\/p><\/blockquote>\n<p>&nbsp;<\/p>\n<p>Cette initiative d\u00e9butera par un temps de pri\u00e8re pour la paix le samedi 15 novembre 2025 \u00e0 09h, \u00e0 la paroisse Saint Jean de Cocody, au pied de Notre Dame de Cocody. Tous les fid\u00e8les la\u00efcs de l\u2019Archidioc\u00e8se d\u2019Abidjan sont invit\u00e9s \u00e0 se joindre \u00e0 ce moment de recueillement et de fraternit\u00e9 pour implorer la paix en C\u00f4te d\u2019Ivoire. Selon le communiqu\u00e9 re\u00e7u par l\u2019Intelligent d\u2019Abidjan, cette rencontre spirituelle s\u2019inscrit dans la dynamique du Concile Vatican II, et plus particuli\u00e8rement du d\u00e9cret Apostolicam Actuositatem, qui souligne la mission essentielle des la\u00efcs : \u00eatre acteurs dans la vie de l\u2019\u00c9glise et artisans de paix dans la soci\u00e9t\u00e9. \u00c0 travers cette initiative, le La\u00efcat d\u2019Abidjan entend vivre pleinement sa vocation, en <a href=\"https:\/\/www.afrikipresse.fr\/article\/cote-divoire-le-message-de-tous-les-eveques-que-marcellin-kouadio-voulait-noyer-avec-son-one-man-show\" target=\"_blank\" rel=\"noopener\">t\u00e9moignant de la foi<\/a>, de l\u2019amour et de l\u2019esp\u00e9rance pour une C\u00f4te d\u2019Ivoire r\u00e9concili\u00e9e et apais\u00e9e. Les organisateurs invitent ainsi tous les fid\u00e8les \u00e0 se mobiliser pour faire de cette c\u00e9l\u00e9bration un moment fort de solidarit\u00e9 et de communion spirituelle.<\/p>\n<p>&nbsp;<\/p>\n<p><strong>Olivier Dion avec Ly Abdul\u00a0<\/strong><\/p>\n<p>&nbsp;<\/p>\n<p>&nbsp;<\/p>\n<p>&nbsp;<\/p>\n<p>&nbsp;<\/p>\n","protected":false},"excerpt":{"rendered":"<p>Sous l\u2019autorit\u00e9 spirituelle de son \u00c9minence le Cardinal Ignace Dogbo Bessi, Archev\u00eaque M\u00e9tropolitain d\u2019Abidjan, le Conseil dioc\u00e9sain du la\u00efcat d\u2019Abidjan, en collaboration avec le secr\u00e9tariat ex\u00e9cutif dioc\u00e9sain de l\u2019Apostolat des la\u00efcs et la commission dioc\u00e9saine justice et paix, lance la semaine Dioc\u00e9saine du La\u00efcat.\u00a0 \u00eatre acteurs dans la vie de l\u2019\u00c9glise &nbsp; Cette initiative d\u00e9butera [&hellip;]<\/p>\n","protected":false},"author":4,"featured_media":41103,"comment_status":"closed","ping_status":"closed","sticky":false,"template":"","format":"standard","meta":{"_monsterinsights_skip_tracking":false,"_monsterinsights_sitenote_active":false,"_monsterinsights_sitenote_note":"","_monsterinsights_sitenote_category":0,"footnotes":""},"categories":[2,3],"tags":[5972,6432,4130,6433,6431],"class_list":["post-41102","post","type-post","status-publish","format-standard","has-post-thumbnail","hentry","category-featured","category-societe","tag-la-paix","tag-le-laicat-dabidjan","tag-prieres","tag-seances","tag-semaine-diocesaine"],"_links":{"self":[{"href":"https:\/\/www.lintelligentdabidjan.info\/news\/wp-json\/wp\/v2\/posts\/41102","targetHints":{"allow":["GET"]}}],"collection":[{"href":"https:\/\/www.lintelligentdabidjan.info\/news\/wp-json\/wp\/v2\/posts"}],"about":[{"href":"https:\/\/www.lintelligentdabidjan.info\/news\/wp-json\/wp\/v2\/types\/post"}],"author":[{"embeddable":true,"href":"https:\/\/www.lintelligentdabidjan.info\/news\/wp-json\/wp\/v2\/users\/4"}],"replies":[{"embeddable":true,"href":"https:\/\/www.lintelligentdabidjan.info\/news\/wp-json\/wp\/v2\/comments?post=41102"}],"version-history":[{"count":1,"href":"https:\/\/www.lintelligentdabidjan.info\/news\/wp-json\/wp\/v2\/posts\/41102\/revisions"}],"predecessor-version":[{"id":41104,"href":"https:\/\/www.lintelligentdabidjan.info\/news\/wp-json\/wp\/v2\/posts\/41102\/revisions\/41104"}],"wp:featuredmedia":[{"embeddable":true,"href":"https:\/\/www.lintelligentdabidjan.info\/news\/wp-json\/wp\/v2\/media\/41103"}],"wp:attachment":[{"href":"https:\/\/www.lintelligentdabidjan.info\/news\/wp-json\/wp\/v2\/media?parent=41102"}],"wp:term":[{"taxonomy":"category","embeddable":true,"href":"https:\/\/www.lintelligentdabidjan.info\/news\/wp-json\/wp\/v2\/categories?post=41102"},{"taxonomy":"post_tag","embeddable":true,"href":"https:\/\/www.lintelligentdabidjan.info\/news\/wp-json\/wp\/v2\/tags?post=41102"}],"curies":[{"name":"wp","href":"https:\/\/api.w.org\/{rel}","templated":true}]}}