{"id":41108,"date":"2025-11-14T05:59:51","date_gmt":"2025-11-14T04:59:51","guid":{"rendered":"https:\/\/www.lintelligentdabidjan.info\/news\/?p=41108"},"modified":"2025-11-14T05:59:55","modified_gmt":"2025-11-14T04:59:55","slug":"education-numerique-une-fondation-celebre-dix-ans-dactions-en-cote-divoire","status":"publish","type":"post","link":"https:\/\/www.lintelligentdabidjan.info\/news\/education-numerique-une-fondation-celebre-dix-ans-dactions-en-cote-divoire\/","title":{"rendered":"\u00c9ducation num\u00e9rique :  Une Fondation\u00a0 c\u00e9l\u00e8bre dix ans d\u2019actions en C\u00f4te d\u2019Ivoire"},"content":{"rendered":"<p><em><strong>Le jeudi 13 novembre 2025, au Orange Digital Center situ\u00e9 dans la commune du Plateau, la Fondation Orange C\u00f4te d\u2019Ivoire, en partenariat avec le minist\u00e8re de <a href=\"https:\/\/www.lintelligentdabidjan.info\/news\/education-nationale-un-atelier-pour-lamelioration-de-la-qualite-du-systeme-educatif-prive-ouvert\/\" target=\"_blank\" rel=\"noopener\">l\u2019\u00c9ducation nationale et de l\u2019Alphab\u00e9tisation<\/a>, a distingu\u00e9 la meilleure \u00e9cole num\u00e9rique du pays, au cours d\u2019une c\u00e9r\u00e9monie marquant dix ann\u00e9es de collaboration pour la transformation digitale du syst\u00e8me \u00e9ducatif ivoirien.<\/strong><\/em><\/p>\n<p>Pour Gboko Kouakou Adjoumani, Directeur de la Vie Scolaire, repr\u00e9sentant la ministre de l\u2019\u00e9ducation nationale et de l\u2019alphab\u00e9tisation, cette initiative traduit la volont\u00e9 de b\u00e2tir une \u00e9cole connect\u00e9e, inclusive et durable. Selon elle, le num\u00e9rique n\u2019est plus un luxe, c\u2019est un outil d\u2019\u00e9quit\u00e9 et d\u2019\u00e9mancipation. Elle a pr\u00e9cis\u00e9 que 45 \u00e9coles \u00e0 travers le pays disposent d\u00e9sormais de serveurs de contenus et de ressources p\u00e9dagogiques interactives, ajoutant que les actions entreprises modernisent l\u2019\u00e9cole ivoirienne tout en r\u00e9duisant les in\u00e9galit\u00e9s d\u2019acc\u00e8s au savoir.<\/p>\n<p>Ce programme, baptis\u00e9 \u00ab \u00c9coles num\u00e9riques \u00bb,\u00a0 permet \u00e0 des milliers d\u2019\u00e9l\u00e8ves, y compris dans les zones rurales, d\u2019apprendre autrement gr\u00e2ce \u00e0 des tablettes \u00e9ducatives.<\/p>\n<p>\u00ab Ce programme a permis \u00e0 plus de 100 000 \u00e9l\u00e8ves dans une cinquantaine d\u2019\u00e9coles de b\u00e9n\u00e9ficier de cours num\u00e9riques. Notre ambition, c\u2019est que nos jeunes soient au m\u00eame niveau que leurs camarades du monde entier, \u00e0 l\u2019\u00e8re de l\u2019intelligence artificielle. C\u2019est un programme cl\u00e9 pour nous, et cette distinction vient saluer un travail collectif men\u00e9 avec le minist\u00e8re depuis dix ans \u00bb, a indiqu\u00e9 Habib Bamba, Directeur de la Fondation.<\/p>\n<blockquote><p>C\u2019est une immense joie<\/p><\/blockquote>\n<p>&nbsp;<\/p>\n<p>Le Groupe scolaire Nayeba a re\u00e7u cette ann\u00e9e le prix de la meilleure \u00e9cole num\u00e9rique en plus de deux prix des meilleurs \u00e9l\u00e8ves de C\u00f4te d\u2019Ivoire. \u00ab C\u2019est une immense joie, mais aussi un d\u00e9fi vers d\u2019autres horizons. Gr\u00e2ce au num\u00e9rique, les parents peuvent suivre la pr\u00e9sence de leurs <a href=\"https:\/\/www.afrikipresse.fr\/article\/sensibilisation-contre-la-migration-clandestine-mourir-desperance-ou-prieres-en-faveur-des-disparus-en-mer\" target=\"_blank\" rel=\"noopener\">enfants<\/a>, payer les frais de scolarit\u00e9 \u00e0 distance et m\u00eame \u00eatre inform\u00e9s instantan\u00e9ment en cas de souci m\u00e9dical. Le digital fait d\u00e9sormais partie int\u00e9grante de notre p\u00e9dagogie \u00bb, a confi\u00e9 Fofana, fondatrice du Groupe scolaire Nayeba, dit sa joie et fait \u00e9tat de d\u00e9fis \u00e0 continuer de relever.<\/p>\n<p>&nbsp;<\/p>\n<p><strong>Fatima S\u00a0<\/strong><\/p>\n<p>&nbsp;<\/p>\n<p>&nbsp;<\/p>\n<p>&nbsp;<\/p>\n<p>&nbsp;<\/p>\n<p>&nbsp;<\/p>\n<p>&nbsp;<\/p>\n<p>&nbsp;<\/p>\n","protected":false},"excerpt":{"rendered":"<p>Le jeudi 13 novembre 2025, au Orange Digital Center situ\u00e9 dans la commune du Plateau, la Fondation Orange C\u00f4te d\u2019Ivoire, en partenariat avec le minist\u00e8re de l\u2019\u00c9ducation nationale et de l\u2019Alphab\u00e9tisation, a distingu\u00e9 la meilleure \u00e9cole num\u00e9rique du pays, au cours d\u2019une c\u00e9r\u00e9monie marquant dix ann\u00e9es de collaboration pour la transformation digitale du syst\u00e8me \u00e9ducatif [&hellip;]<\/p>\n","protected":false},"author":4,"featured_media":41109,"comment_status":"closed","ping_status":"closed","sticky":false,"template":"","format":"standard","meta":{"_monsterinsights_skip_tracking":false,"_monsterinsights_sitenote_active":false,"_monsterinsights_sitenote_note":"","_monsterinsights_sitenote_category":0,"footnotes":""},"categories":[2,3],"tags":[2207,77,6434,6435],"class_list":["post-41108","post","type-post","status-publish","format-standard","has-post-thumbnail","hentry","category-featured","category-societe","tag-actions","tag-cote-divoire","tag-education-numerique","tag-une-fondation"],"_links":{"self":[{"href":"https:\/\/www.lintelligentdabidjan.info\/news\/wp-json\/wp\/v2\/posts\/41108","targetHints":{"allow":["GET"]}}],"collection":[{"href":"https:\/\/www.lintelligentdabidjan.info\/news\/wp-json\/wp\/v2\/posts"}],"about":[{"href":"https:\/\/www.lintelligentdabidjan.info\/news\/wp-json\/wp\/v2\/types\/post"}],"author":[{"embeddable":true,"href":"https:\/\/www.lintelligentdabidjan.info\/news\/wp-json\/wp\/v2\/users\/4"}],"replies":[{"embeddable":true,"href":"https:\/\/www.lintelligentdabidjan.info\/news\/wp-json\/wp\/v2\/comments?post=41108"}],"version-history":[{"count":1,"href":"https:\/\/www.lintelligentdabidjan.info\/news\/wp-json\/wp\/v2\/posts\/41108\/revisions"}],"predecessor-version":[{"id":41110,"href":"https:\/\/www.lintelligentdabidjan.info\/news\/wp-json\/wp\/v2\/posts\/41108\/revisions\/41110"}],"wp:featuredmedia":[{"embeddable":true,"href":"https:\/\/www.lintelligentdabidjan.info\/news\/wp-json\/wp\/v2\/media\/41109"}],"wp:attachment":[{"href":"https:\/\/www.lintelligentdabidjan.info\/news\/wp-json\/wp\/v2\/media?parent=41108"}],"wp:term":[{"taxonomy":"category","embeddable":true,"href":"https:\/\/www.lintelligentdabidjan.info\/news\/wp-json\/wp\/v2\/categories?post=41108"},{"taxonomy":"post_tag","embeddable":true,"href":"https:\/\/www.lintelligentdabidjan.info\/news\/wp-json\/wp\/v2\/tags?post=41108"}],"curies":[{"name":"wp","href":"https:\/\/api.w.org\/{rel}","templated":true}]}}