{"id":41111,"date":"2025-11-14T06:07:05","date_gmt":"2025-11-14T05:07:05","guid":{"rendered":"https:\/\/www.lintelligentdabidjan.info\/news\/?p=41111"},"modified":"2025-11-14T06:07:05","modified_gmt":"2025-11-14T05:07:05","slug":"couverture-maladie-universelle-lhypertension-arterielle-et-le-diabete-desormais-pris-en-charge","status":"publish","type":"post","link":"https:\/\/www.lintelligentdabidjan.info\/news\/couverture-maladie-universelle-lhypertension-arterielle-et-le-diabete-desormais-pris-en-charge\/","title":{"rendered":"Couverture maladie universelle :  L\u2019hypertension art\u00e9rielle et le diab\u00e8te d\u00e9sormais pris en charge\u00a0"},"content":{"rendered":"<p><em><strong>En C\u00f4te d\u2019Ivoire, l\u2019hypertension art\u00e9rielle et le<a href=\"https:\/\/www.lintelligentdabidjan.info\/news\/sante-ce-quil-faut-faire-pour-eviter-le-diabete\/\" target=\"_blank\" rel=\"noopener\"> diab\u00e8te<\/a> font d\u00e9sormais partie du panier de soins pris en charge par la Caisse Nationale d\u2019Assurance Maladie (CNAM).<\/strong><\/em><\/p>\n<p>L\u2019annonce a \u00e9t\u00e9 faite ce vendredi, Abidjan, le 13 novembre 2025\u00a0 \u00e0 Cocody, lors d\u2019une rencontre entre la CNAM, les associations de personnes diab\u00e9tiques et hypertendues, ainsi que plusieurs organisations de consommateurs.<\/p>\n<blockquote><p>la Couverture Maladie Universelle<\/p><\/blockquote>\n<p>&nbsp;<\/p>\n<p>Pour le Directeur g\u00e9n\u00e9ral de la CNAM, Bamba Karim, cette d\u00e9cision marque un tournant important dans la lutte contre les maladies chroniques non transmissibles :<\/p>\n<p>\u00ab Il \u00e9tait question de dire \u00e0 toutes ces personnes concern\u00e9es ce qui sera d\u00e9sormais pris en charge dans le cadre de la Couverture Maladie Universelle. Des examens, des bilans annuels et un suivi pr\u00e9ventif sont pr\u00e9vus pour \u00e9viter les crises. Avec les r\u00e9seaux que nous avons cr\u00e9\u00e9s, nous allons d\u00e9velopper un programme de pr\u00e9vention au b\u00e9n\u00e9fice de nos concitoyens atteints \u00bb, a-t-il expliqu\u00e9.<\/p>\n<p>\u00ab Ce que nous faisons aujourd\u2019hui n\u2019est pas statique : le panier de soins va \u00e9voluer, et nous esp\u00e9rons que ce sera dans le bon sens, dans l\u2019int\u00e9r\u00eat de tous. \u00bb<\/p>\n<h2><strong>Une mesure salu\u00e9e par les professionnels de sant\u00e9<\/strong><\/h2>\n<p>Cette annonce a \u00e9t\u00e9 accueillie avec satisfaction par les acteurs du secteur sanitaire, \u00e0 la veille de la Journ\u00e9e mondiale du diab\u00e8te, c\u00e9l\u00e9br\u00e9e chaque 14 novembre.<\/p>\n<blockquote><p>la Journ\u00e9e mondiale du diab\u00e8te.<\/p><\/blockquote>\n<p>&nbsp;<\/p>\n<p>Le Professeur Jacko Abodo, vice-pr\u00e9sident de la F\u00e9d\u00e9ration Internationale du Diab\u00e8te (FID), a salu\u00e9 \u00ab un geste fort et porteur d\u2019espoir \u00bb :<\/p>\n<p>\u00ab C\u2019est une excellente nouvelle \u00e0 la veille de la Journ\u00e9e mondiale du diab\u00e8te. La C\u00f4te d\u2019Ivoire s\u2019inscrit d\u00e9sormais dans la dynamique mondiale de prise en charge des maladies chroniques. L\u2019\u00e9largissement de la Couverture Maladie Universelle aux soins, aux bilans et aux m\u00e9dicaments permettra aux malades de mieux vivre avec leur pathologie et d\u2019\u00e9viter les complications graves telles que les AVC, les comas ou les handicaps. \u00bb<\/p>\n<h3><strong>M\u00eame son de cloche du c\u00f4t\u00e9 des organisations de consommateurs.<\/strong><\/h3>\n<p>Le Pr\u00e9sident du Conseil National des Organisations de Consommateurs de C\u00f4te d\u2019Ivoire (CNOC-CI), Marius Como\u00e9, a exprim\u00e9 sa satisfaction :<\/p>\n<p>\u00ab Si cela n\u2019avait pas \u00e9t\u00e9 fait, il fallait y penser rapidement. Nous avons r\u00e9guli\u00e8rement attir\u00e9 l\u2019attention des autorit\u00e9s sur<a href=\"https:\/\/abidjannewsci.com\/amp\/cmu-le-diabete-et-lhypertension-desormais-pris-en-charge-en-cote-divoire\/\" target=\"_blank\" rel=\"noopener\"> la n\u00e9cessit\u00e9 de prendre en charge<\/a> le diab\u00e8te et l\u2019hypertension. Aujourd\u2019hui, nous saluons une d\u00e9cision qui d\u00e9montre que l\u2019\u00c9tat est \u00e0 l\u2019\u00e9coute. \u00bb<\/p>\n<h4><strong>Vers un meilleur acc\u00e8s aux soins pour tous<\/strong><\/h4>\n<p>Aujourd\u2019hui, plus de 22 millions d\u2019Ivoiriens sont inscrits \u00e0 la Couverture Maladie Universelle (CMU), soit pr\u00e8s de 71 % de la population.<\/p>\n<p>Un chiffre qui traduit les efforts du gouvernement pour garantir \u00e0 tous un meilleur acc\u00e8s aux soins de sant\u00e9.<\/p>\n<p>&nbsp;<\/p>\n<p><strong>Par Sapel Mon\u00e9<\/strong><\/p>\n<p>&nbsp;<\/p>\n<p>&nbsp;<\/p>\n<p>&nbsp;<\/p>\n<p>&nbsp;<\/p>\n<p>&nbsp;<\/p>\n","protected":false},"excerpt":{"rendered":"<p>En C\u00f4te d\u2019Ivoire, l\u2019hypertension art\u00e9rielle et le diab\u00e8te font d\u00e9sormais partie du panier de soins pris en charge par la Caisse Nationale d\u2019Assurance Maladie (CNAM). L\u2019annonce a \u00e9t\u00e9 faite ce vendredi, Abidjan, le 13 novembre 2025\u00a0 \u00e0 Cocody, lors d\u2019une rencontre entre la CNAM, les associations de personnes diab\u00e9tiques et hypertendues, ainsi que plusieurs organisations [&hellip;]<\/p>\n","protected":false},"author":4,"featured_media":41112,"comment_status":"closed","ping_status":"closed","sticky":false,"template":"","format":"standard","meta":{"_monsterinsights_skip_tracking":false,"_monsterinsights_sitenote_active":false,"_monsterinsights_sitenote_note":"","_monsterinsights_sitenote_category":0,"footnotes":""},"categories":[2,3],"tags":[],"class_list":["post-41111","post","type-post","status-publish","format-standard","has-post-thumbnail","hentry","category-featured","category-societe"],"_links":{"self":[{"href":"https:\/\/www.lintelligentdabidjan.info\/news\/wp-json\/wp\/v2\/posts\/41111","targetHints":{"allow":["GET"]}}],"collection":[{"href":"https:\/\/www.lintelligentdabidjan.info\/news\/wp-json\/wp\/v2\/posts"}],"about":[{"href":"https:\/\/www.lintelligentdabidjan.info\/news\/wp-json\/wp\/v2\/types\/post"}],"author":[{"embeddable":true,"href":"https:\/\/www.lintelligentdabidjan.info\/news\/wp-json\/wp\/v2\/users\/4"}],"replies":[{"embeddable":true,"href":"https:\/\/www.lintelligentdabidjan.info\/news\/wp-json\/wp\/v2\/comments?post=41111"}],"version-history":[{"count":1,"href":"https:\/\/www.lintelligentdabidjan.info\/news\/wp-json\/wp\/v2\/posts\/41111\/revisions"}],"predecessor-version":[{"id":41113,"href":"https:\/\/www.lintelligentdabidjan.info\/news\/wp-json\/wp\/v2\/posts\/41111\/revisions\/41113"}],"wp:featuredmedia":[{"embeddable":true,"href":"https:\/\/www.lintelligentdabidjan.info\/news\/wp-json\/wp\/v2\/media\/41112"}],"wp:attachment":[{"href":"https:\/\/www.lintelligentdabidjan.info\/news\/wp-json\/wp\/v2\/media?parent=41111"}],"wp:term":[{"taxonomy":"category","embeddable":true,"href":"https:\/\/www.lintelligentdabidjan.info\/news\/wp-json\/wp\/v2\/categories?post=41111"},{"taxonomy":"post_tag","embeddable":true,"href":"https:\/\/www.lintelligentdabidjan.info\/news\/wp-json\/wp\/v2\/tags?post=41111"}],"curies":[{"name":"wp","href":"https:\/\/api.w.org\/{rel}","templated":true}]}}