{"id":41120,"date":"2025-11-17T07:11:52","date_gmt":"2025-11-17T06:11:52","guid":{"rendered":"https:\/\/www.lintelligentdabidjan.info\/news\/?p=41120"},"modified":"2025-11-17T07:12:22","modified_gmt":"2025-11-17T06:12:22","slug":"gbeke-le-conseil-regional-adopte-le-budget-primitif-2026","status":"publish","type":"post","link":"https:\/\/www.lintelligentdabidjan.info\/news\/gbeke-le-conseil-regional-adopte-le-budget-primitif-2026\/","title":{"rendered":"Gb\u00eak\u00ea : le Conseil r\u00e9gional adopte le budget primitif 2026"},"content":{"rendered":"<p><em><strong>Le Conseil r\u00e9gional du Gb\u00eak\u00ea a tenu, le samedi 15 novembre 2025, sa troisi\u00e8me session ordinaire de l\u2019ann\u00e9e. La rencontre, pr\u00e9sid\u00e9e par le ministre Assahor\u00e9 Konan Jacques, pr\u00e9sident du <a href=\"https:\/\/www.lintelligentdabidjan.info\/news\/gbeke-le-conseil-regional-honore-120-eleves-et-enseignants\/\" target=\"_blank\" rel=\"noopener\">Conseil r\u00e9gional<\/a>, s\u2019est d\u00e9roul\u00e9e dans l\u2019enceinte de l\u2019Universit\u00e9 internationale ICK de Bouak\u00e9. Elle \u00e9tait principalement consacr\u00e9e \u00e0 l\u2019examen et \u00e0 l\u2019adoption du budget primitif pour l\u2019exercice 2026.<\/strong><\/em><\/p>\n<p>\u00c0 l\u2019ouverture des travaux, structur\u00e9s autour de quinze points inscrits \u00e0 l\u2019ordre du jour, Assahor\u00e9 Konan Jacques s\u2019est f\u00e9licit\u00e9 des actions d\u00e9j\u00e0 men\u00e9es pour am\u00e9liorer les conditions de vie des populations de la r\u00e9gion.<\/p>\n<p>\u00c0 l\u2019issue des \u00e9changes, les conseillers r\u00e9gionaux ont adopt\u00e9 un budget pr\u00e9visionnel arr\u00eat\u00e9 \u00e0 21 335 248 000 F CFA, dont 3 232 070 000 F CFA consacr\u00e9s au fonctionnement et 18 103 178 000 F CFA allou\u00e9s \u00e0 l\u2019investissement.<\/p>\n<p>Pour le pr\u00e9sident du Conseil r\u00e9gional, il s\u2019agit d\u2019un budget \u00ab volontairement progressiste \u00bb.<\/p>\n<p>\u00ab Nous voulons acc\u00e9l\u00e9rer la mise en \u0153uvre de l\u2019ensemble des projets engag\u00e9s depuis 2023 \u00bb, a-t-il d\u00e9clar\u00e9.<\/p>\n<blockquote><p>c\u2019est un droit fondamenta<\/p><\/blockquote>\n<p>&nbsp;<\/p>\n<p>Parmi les principaux axes d\u2019intervention pour l\u2019ann\u00e9e \u00e0 venir, la question de l\u2019acc\u00e8s \u00e0 l\u2019eau potable demeure prioritaire. Assahor\u00e9 Konan Jacques a r\u00e9affirm\u00e9 la volont\u00e9 du Conseil de doter, d\u2019ici la fin de ce premier mandat, tous les villages du Gb\u00eak\u00ea d\u2019au moins une pompe \u00e0 motricit\u00e9 humaine.<\/p>\n<p>\u00ab L\u2019acc\u00e8s \u00e0 l\u2019eau potable n\u2019est pas un privil\u00e8ge, c\u2019est un droit fondamental. Tant qu\u2019un seul village manquera d\u2019eau dans le Gb\u00eak\u00ea, nous ne consid\u00e9rerons pas notre mission comme accomplie \u00bb, a-t-il insist\u00e9.<\/p>\n<h2><strong>Un appel au maintien de la paix et de la coh\u00e9sion<\/strong><\/h2>\n<p>Profitant de la session, le pr\u00e9sident du Conseil r\u00e9gional a \u00e9galement salu\u00e9 la maturit\u00e9 des populations du Gb\u00eak\u00ea qui, selon lui, ont su pr\u00e9server la paix et la coh\u00e9sion sociale lors des derni\u00e8res \u00e9lections pr\u00e9sidentielles.<\/p>\n<blockquote><p>une nouvelle \u00e9ch\u00e9ance<\/p><\/blockquote>\n<p>&nbsp;<\/p>\n<p>\u00ab Nous avons f\u00e9licit\u00e9 la chefferie, les jeunes et les femmes pour leur mobilisation et leur sens de la <a href=\"https:\/\/www.aip.ci\/276573\/cote-divoire-aip-le-conseil-regional-du-bere-intensifie-son-engagement-pour-le-developpement-local-avec-un-budget-2026-en-forte-augmentation\/\" target=\"_blank\" rel=\"noopener\">responsabilit\u00e9<\/a>. Mais une nouvelle \u00e9ch\u00e9ance nous attend avec les \u00e9lections l\u00e9gislatives. Nous souhaitons qu\u2019elles se d\u00e9roulent dans la paix afin de montrer que le Gb\u00eak\u00ea est d\u00e9finitivement sorti du cycle de violence \u00bb, a-t-il conclu.<\/p>\n<p><strong>Nambac\u00e9r\u00e9 Jo\u00ebl <\/strong><\/p>\n<p>&nbsp;<\/p>\n","protected":false},"excerpt":{"rendered":"<p>Le Conseil r\u00e9gional du Gb\u00eak\u00ea a tenu, le samedi 15 novembre 2025, sa troisi\u00e8me session ordinaire de l\u2019ann\u00e9e. La rencontre, pr\u00e9sid\u00e9e par le ministre Assahor\u00e9 Konan Jacques, pr\u00e9sident du Conseil r\u00e9gional, s\u2019est d\u00e9roul\u00e9e dans l\u2019enceinte de l\u2019Universit\u00e9 internationale ICK de Bouak\u00e9. Elle \u00e9tait principalement consacr\u00e9e \u00e0 l\u2019examen et \u00e0 l\u2019adoption du budget primitif pour l\u2019exercice [&hellip;]<\/p>\n","protected":false},"author":4,"featured_media":41121,"comment_status":"closed","ping_status":"closed","sticky":false,"template":"","format":"standard","meta":{"_monsterinsights_skip_tracking":false,"_monsterinsights_sitenote_active":false,"_monsterinsights_sitenote_note":"","_monsterinsights_sitenote_category":0,"footnotes":""},"categories":[2,17,3],"tags":[6436,338,6049],"class_list":["post-41120","post","type-post","status-publish","format-standard","has-post-thumbnail","hentry","category-featured","category-politique","category-societe","tag-budget-primitif-2026","tag-gbeke","tag-le-conseil-regional"],"_links":{"self":[{"href":"https:\/\/www.lintelligentdabidjan.info\/news\/wp-json\/wp\/v2\/posts\/41120","targetHints":{"allow":["GET"]}}],"collection":[{"href":"https:\/\/www.lintelligentdabidjan.info\/news\/wp-json\/wp\/v2\/posts"}],"about":[{"href":"https:\/\/www.lintelligentdabidjan.info\/news\/wp-json\/wp\/v2\/types\/post"}],"author":[{"embeddable":true,"href":"https:\/\/www.lintelligentdabidjan.info\/news\/wp-json\/wp\/v2\/users\/4"}],"replies":[{"embeddable":true,"href":"https:\/\/www.lintelligentdabidjan.info\/news\/wp-json\/wp\/v2\/comments?post=41120"}],"version-history":[{"count":1,"href":"https:\/\/www.lintelligentdabidjan.info\/news\/wp-json\/wp\/v2\/posts\/41120\/revisions"}],"predecessor-version":[{"id":41122,"href":"https:\/\/www.lintelligentdabidjan.info\/news\/wp-json\/wp\/v2\/posts\/41120\/revisions\/41122"}],"wp:featuredmedia":[{"embeddable":true,"href":"https:\/\/www.lintelligentdabidjan.info\/news\/wp-json\/wp\/v2\/media\/41121"}],"wp:attachment":[{"href":"https:\/\/www.lintelligentdabidjan.info\/news\/wp-json\/wp\/v2\/media?parent=41120"}],"wp:term":[{"taxonomy":"category","embeddable":true,"href":"https:\/\/www.lintelligentdabidjan.info\/news\/wp-json\/wp\/v2\/categories?post=41120"},{"taxonomy":"post_tag","embeddable":true,"href":"https:\/\/www.lintelligentdabidjan.info\/news\/wp-json\/wp\/v2\/tags?post=41120"}],"curies":[{"name":"wp","href":"https:\/\/api.w.org\/{rel}","templated":true}]}}