{"id":41126,"date":"2025-11-17T07:22:17","date_gmt":"2025-11-17T06:22:17","guid":{"rendered":"https:\/\/www.lintelligentdabidjan.info\/news\/?p=41126"},"modified":"2025-11-17T07:22:42","modified_gmt":"2025-11-17T06:22:42","slug":"legislatives-2025-a-adzope-les-militants-rhdp-affichent-leur-soutien-a-la-candidature-dachi-patrick","status":"publish","type":"post","link":"https:\/\/www.lintelligentdabidjan.info\/news\/legislatives-2025-a-adzope-les-militants-rhdp-affichent-leur-soutien-a-la-candidature-dachi-patrick\/","title":{"rendered":"L\u00e9gislatives 2025 \u00e0 Adzop\u00e9 : Les militants RHDP affichent leur soutien \u00e0 la candidature d\u2019Achi Patrick\u00a0\u00a0"},"content":{"rendered":"<p><em><strong>Pour les l\u00e9gislatives 2025 \u00e0 Adzop\u00e9, les militants du <a href=\"https:\/\/www.lintelligentdabidjan.info\/news\/legislatives-2025-a-yamoussoukro-kossou-qui-est-anicet-bewan-candidat-du-rhdp\/\" target=\"_blank\" rel=\"noopener\">RHDP<\/a> affichent leur soutien \u00e0 la candidature d\u2019Achi Patrick.<\/strong><\/em><\/p>\n<p>Les militants et militantes du RHDP du d\u00e9partement politique d\u2019Adzop\u00e9 Commune se sont r\u00e9unis le jeudi 13 novembre 2025 au si\u00e8ge du parti \u00e0 Adzop\u00e9 pour exprimer leur soutien officiel \u00e0 la candidature du ministre d\u2019\u00c9tat et Conseiller sp\u00e9cial du Chef de l\u2019\u00c9tat,\u00a0 Achi Patrick J\u00e9r\u00f4me, pour les \u00e9lections l\u00e9gislatives du 27 d\u00e9cembre 2025.<\/p>\n<p>Au cours de cette rencontre, la base militante a rappel\u00e9 son alignement sur la position de la haute direction du parti concernant le choix des candidats pour ces \u00e9ch\u00e9ances \u00e9lectorales. Les participants ont soulign\u00e9 la place strat\u00e9gique qu\u2019occupe Achi Patrick J\u00e9r\u00f4me au sein du RHDP, ainsi que la confiance renouvel\u00e9e que lui accorde le Pr\u00e9sident Alassane Ouattara.<\/p>\n<blockquote><p>l\u2019\u00e9ducation et des infrastructures<\/p><\/blockquote>\n<p>&nbsp;<\/p>\n<p>Les militants ont mis en avant le leadership \u00e9prouv\u00e9 du ministre d\u2019\u00c9tat dans la conduite des affaires publiques de la r\u00e9gion de la M\u00e9, saluant les progr\u00e8s enregistr\u00e9s depuis 2011 dans les secteurs de la sant\u00e9, de l\u2019\u00e9ducation et des infrastructures. Ils ont \u00e9galement insist\u00e9 sur ses efforts constants en faveur de la paix, de la coh\u00e9sion sociale et du d\u00e9veloppement harmonieux de la r\u00e9gion.<\/p>\n<p>La motion a rappel\u00e9 la rigueur, l\u2019exp\u00e9rience et l\u2019engagement du candidat dans la gestion de la chose publique, r\u00e9pondant aux aspirations des communaut\u00e9s locales qui souhaitent la continuit\u00e9 des projets de d\u00e9veloppement et le renforcement du vivre-ensemble.<\/p>\n<p>Les militants d\u2019Adzop\u00e9 ont rendu un hommage appuy\u00e9 au Premier ministre, ministre d\u2019\u00c9tat, candidat du RHDP, pour son leadership d\u00e9terminant qui a contribu\u00e9 \u00e0 am\u00e9liorer les conditions de vie des populations. Ils ont ensuite r\u00e9affirm\u00e9 leur attachement au choix du parti et leur soutien total et sans r\u00e9serve \u00e0 la candidature d\u2019Achi Patrick J\u00e9r\u00f4me pour les l\u00e9gislatives.<\/p>\n<p>&#8220;Par cons\u00e9quent,\u00a0 Nous, Militants et Militantes du RHDP du d\u00e9partement politique Adzope commune\u00a0r\u00e9unis ce jour Jeudi 13 novembre 2025 au si\u00e8ge du RHDP \u00e0 <a href=\"https:\/\/web.facebook.com\/attieoyeee\/posts\/legislatives-2025patrick-achi-design%C3%A9-candidat-rhdp-adzop%C3%A9-commune\/863285599723896\/?_rdc=1&amp;_rdr#\" target=\"_blank\" rel=\"noopener\">Adzop\u00e9<\/a>, nous nous mettons \u00e0\u00a0votre enti\u00e8re disposition pour ces \u00e9lections afin d\u2019assurer une victoire \u00e9crasante au Parti\u00a0et de consolider les acquis de la R\u00e9gion dans une grande Nation&#8221;, ont t-ils d\u00e9clar\u00e9.<\/p>\n<p><strong>Tour\u00e9 Abdoulaye<\/strong><\/p>\n<p>&nbsp;<\/p>\n","protected":false},"excerpt":{"rendered":"<p>Pour les l\u00e9gislatives 2025 \u00e0 Adzop\u00e9, les militants du RHDP affichent leur soutien \u00e0 la candidature d\u2019Achi Patrick. Les militants et militantes du RHDP du d\u00e9partement politique d\u2019Adzop\u00e9 Commune se sont r\u00e9unis le jeudi 13 novembre 2025 au si\u00e8ge du parti \u00e0 Adzop\u00e9 pour exprimer leur soutien officiel \u00e0 la candidature du ministre d\u2019\u00c9tat et [&hellip;]<\/p>\n","protected":false},"author":4,"featured_media":41127,"comment_status":"closed","ping_status":"closed","sticky":false,"template":"","format":"standard","meta":{"_monsterinsights_skip_tracking":false,"_monsterinsights_sitenote_active":false,"_monsterinsights_sitenote_note":"","_monsterinsights_sitenote_category":0,"footnotes":""},"categories":[2,17],"tags":[1876,254,2073,6371,6439],"class_list":["post-41126","post","type-post","status-publish","format-standard","has-post-thumbnail","hentry","category-featured","category-politique","tag-achi-patrick","tag-adzope","tag-candidature","tag-legislatives-2025","tag-les-militants-rhdp"],"_links":{"self":[{"href":"https:\/\/www.lintelligentdabidjan.info\/news\/wp-json\/wp\/v2\/posts\/41126","targetHints":{"allow":["GET"]}}],"collection":[{"href":"https:\/\/www.lintelligentdabidjan.info\/news\/wp-json\/wp\/v2\/posts"}],"about":[{"href":"https:\/\/www.lintelligentdabidjan.info\/news\/wp-json\/wp\/v2\/types\/post"}],"author":[{"embeddable":true,"href":"https:\/\/www.lintelligentdabidjan.info\/news\/wp-json\/wp\/v2\/users\/4"}],"replies":[{"embeddable":true,"href":"https:\/\/www.lintelligentdabidjan.info\/news\/wp-json\/wp\/v2\/comments?post=41126"}],"version-history":[{"count":1,"href":"https:\/\/www.lintelligentdabidjan.info\/news\/wp-json\/wp\/v2\/posts\/41126\/revisions"}],"predecessor-version":[{"id":41128,"href":"https:\/\/www.lintelligentdabidjan.info\/news\/wp-json\/wp\/v2\/posts\/41126\/revisions\/41128"}],"wp:featuredmedia":[{"embeddable":true,"href":"https:\/\/www.lintelligentdabidjan.info\/news\/wp-json\/wp\/v2\/media\/41127"}],"wp:attachment":[{"href":"https:\/\/www.lintelligentdabidjan.info\/news\/wp-json\/wp\/v2\/media?parent=41126"}],"wp:term":[{"taxonomy":"category","embeddable":true,"href":"https:\/\/www.lintelligentdabidjan.info\/news\/wp-json\/wp\/v2\/categories?post=41126"},{"taxonomy":"post_tag","embeddable":true,"href":"https:\/\/www.lintelligentdabidjan.info\/news\/wp-json\/wp\/v2\/tags?post=41126"}],"curies":[{"name":"wp","href":"https:\/\/api.w.org\/{rel}","templated":true}]}}