{"id":41129,"date":"2025-11-17T07:31:58","date_gmt":"2025-11-17T06:31:58","guid":{"rendered":"https:\/\/www.lintelligentdabidjan.info\/news\/?p=41129"},"modified":"2025-11-17T07:32:24","modified_gmt":"2025-11-17T06:32:24","slug":"journee-nationale-de-la-paix-2025-beugre-mambe-aux-jeunes-sous-le-leadership-du-president-ouattara-le-pays-a-renoue-avec-son-adn-de-paix","status":"publish","type":"post","link":"https:\/\/www.lintelligentdabidjan.info\/news\/journee-nationale-de-la-paix-2025-beugre-mambe-aux-jeunes-sous-le-leadership-du-president-ouattara-le-pays-a-renoue-avec-son-adn-de-paix\/","title":{"rendered":"Journ\u00e9e Nationale de la Paix 2025 -Beugr\u00e9 Mamb\u00e9 aux jeunes :\u00a0 \u00ab Sous le leadership\u00a0 du Pr\u00e9sident\u00a0 \u00a0Ouattara, le pays a renou\u00e9 avec son ADN de paix \u00bb"},"content":{"rendered":"<p><em><strong>La C\u00f4te d\u2019Ivoire a c\u00e9l\u00e9br\u00e9, le samedi 15 novembre 2025, la 29\u1d49 Journ\u00e9e Nationale de la Paix (JNPaix) au Palais de la Culture \u00e0 Abidjan- Treichville. Plac\u00e9e sous le th\u00e8me \u00ab Unis dans la diversit\u00e9, renfor\u00e7ons la culture <a href=\"https:\/\/www.lintelligentdabidjan.info\/news\/legislatives-2025-a-adzope-les-militants-rhdp-affichent-leur-soutien-a-la-candidature-dachi-patrick\/\" target=\"_blank\" rel=\"noopener\">d\u00e9mocratique<\/a> pour la consolidation de la paix \u00bb, cette \u00e9dition a rassembl\u00e9 de hautes personnalit\u00e9s politiques, des partenaires institutionnels ainsi que des milliers de jeunes b\u00e9n\u00e9voles engag\u00e9s pour la paix.<\/strong> <\/em><\/p>\n<p>Pr\u00e9sid\u00e9e par le Premier Ministre Robert Beugr\u00e9 Mamb\u00e9, la c\u00e9r\u00e9monie a vu la participation de la Pr\u00e9sidente du S\u00e9nat Kandia Camara, du Pr\u00e9sident de l\u2019Assembl\u00e9e nationale Adama Bictogo, de plusieurs membres du gouvernement et de repr\u00e9sentants du Syst\u00e8me des Nations Unies. Pour le Premier ministre Beugr\u00e9 Mamb\u00e9, le th\u00e8me choisi cette ann\u00e9e rev\u00eat une importance particuli\u00e8re, dans un contexte marqu\u00e9 par la r\u00e9cente \u00e9lection pr\u00e9sidentielle et \u00e0 l\u2019approche des l\u00e9gislatives pr\u00e9vues en d\u00e9cembre. Il a rappel\u00e9 que la d\u00e9mocratie repose avant tout sur l\u2019exercice des libert\u00e9s, l\u2019acceptation des diff\u00e9rences et le respect des lois et des institutions : \u00ab La d\u00e9mocratie ne doit pas s\u2019illustrer par des actes et des paroles de d\u00e9fiance contre l\u2019ordre r\u00e9publicain. Elle est un moyen de consolidation de la paix. \u00bb<\/p>\n<blockquote><p>Vous \u00eates notre fiert\u00e9<\/p><\/blockquote>\n<p>&nbsp;<\/p>\n<p>S\u2019adressant aux\u00a0 \u00a0jeunes b\u00e9n\u00e9voles mobilis\u00e9s pour la sensibilisation, le Premier ministre a soulign\u00e9 : \u00ab Vous \u00eates notre fiert\u00e9 (\u2026 ) vous avez travaill\u00e9 dans le silence, dans le respect de l\u2019homme, pour faire comprendre aux Ivoiriens que nous sommes tous fr\u00e8res et s\u0153urs. \u00bb<\/p>\n<p>Il est ensuite revenu sur les ann\u00e9es marqu\u00e9es par les violences \u00e9lectorales, rappelant le r\u00f4le d\u00e9terminant du Pr\u00e9sident de la R\u00e9publique dans la restauration d\u2019un climat harmonieux :\u00ab Sous le leadership impactant du Pr\u00e9sident Alassane Ouattara, le pays a renou\u00e9 avec son ADN de paix\u2026 Cette paix retrouv\u00e9e nous a permis de reprendre la voie du d\u00e9veloppement et de la coh\u00e9sion nationale. \u00bb<\/p>\n<h2><strong>6500 jeunes b\u00e9n\u00e9voles : une g\u00e9n\u00e9ration engag\u00e9e pour la paix<\/strong><\/h2>\n<p>La ministre de la Coh\u00e9sion Nationale, de la Solidarit\u00e9 et de la Lutte contre la Pauvret\u00e9, Myss Belmonde Dogo, a mis en lumi\u00e8re le r\u00f4le central jou\u00e9 par les 6500 jeunes b\u00e9n\u00e9voles pour la paix, mobilis\u00e9s conjointement avec le minist\u00e8re de la Promotion de la Jeunesse, de l\u2019insertion professionnelle et du Service civique :<\/p>\n<p>\u00ab Cette nouvelle g\u00e9n\u00e9ration a montr\u00e9 un autre visage contrairement \u00e0 2011 et 2020. Gr\u00e2ce \u00e0 eux, nous avons eu des \u00e9lections apais\u00e9es. Ils ont chang\u00e9 le narratif. \u00bb Elle a encourag\u00e9 ces jeunes \u00e0 poursuivre leurs actions au-del\u00e0 de la p\u00e9riode \u00e9lectorale :<\/p>\n<p>\u00ab Vos actions n\u2019ont pas de prix(\u2026 )Vous \u00eates all\u00e9s partout pr\u00eacher la paix, m\u00eame dans les zones qui ont connu des turbulences. \u00bb<\/p>\n<blockquote><p>campagnes de sensibilisation<\/p><\/blockquote>\n<p>&nbsp;<\/p>\n<p>Mamadou Tour\u00e9, ministre de la Promotion de la Jeunesse, de l\u2019insertion professionnelle et du Service civique, pour sa part,\u00a0 a salu\u00e9 le succ\u00e8s de cette mobilisation nationale :<\/p>\n<p>\u00ab Les b\u00e9n\u00e9voles ont men\u00e9 des campagnes de sensibilisation de masse dans plusieurs r\u00e9gions pour pr\u00e9venir les conflits. Leurs actions ont port\u00e9 leurs fruits. Nous allons prolonger ce programme jusqu\u2019aux l\u00e9gislatives et le p\u00e9renniser. \u00bb<\/p>\n<p>&nbsp;<\/p>\n<h3><strong>Des t\u00e9moignages du terrain et l\u2019appel de Nations Unies<\/strong><\/h3>\n<p>&nbsp;<\/p>\n<p>Pascale Gbizi\u00e9, jeune b\u00e9n\u00e9vole et moniteur d\u2019alerte pr\u00e9coce \u00e0 Yamoussoukro, a partag\u00e9 son exp\u00e9rience sur le terrain, marqu\u00e9e par des tensions pr\u00e9-\u00e9lectorales : \u00ab Nous avons redoubl\u00e9 d\u2019efforts pour amplifier les messages de paix. La collaboration avec les forces de s\u00e9curit\u00e9 a \u00e9t\u00e9 d\u00e9terminante. Beaucoup de troubles venaient simplement de rumeurs. \u00bb<\/p>\n<p>La Coordonnatrice R\u00e9sidente du Syst\u00e8me des Nations Unies en C\u00f4te d\u2019Ivoire, H\u00e9l\u00e8ne N\u2019Garnim-Ganga, a insist\u00e9 sur le caract\u00e8re actif et \u00e9volutif de la paix :\u00a0 \u00ab La paix n\u2019est pas statique. C\u2019est un mouvement, <a href=\"https:\/\/www.fratmat.info\/article\/2638173\/politique\/journee-nationale-de-la-paix-2025-la-cote-divoire-reaffirme-son-unite-au-palais-de-la-culture\" target=\"_blank\" rel=\"noopener\">un engagement<\/a> qui se pratique chaque jour. Cette Journ\u00e9e doit \u00eatre un appel \u00e0 notre responsabilit\u00e9 collective. \u00bb<\/p>\n<p>&nbsp;<\/p>\n<p><strong>Olivier Dion avec G\u00e9rard Batoua\u00a0<\/strong><\/p>\n<p>&nbsp;<\/p>\n<p>&nbsp;<\/p>\n<p>&nbsp;<\/p>\n<p>&nbsp;<\/p>\n","protected":false},"excerpt":{"rendered":"<p>La C\u00f4te d\u2019Ivoire a c\u00e9l\u00e9br\u00e9, le samedi 15 novembre 2025, la 29\u1d49 Journ\u00e9e Nationale de la Paix (JNPaix) au Palais de la Culture \u00e0 Abidjan- Treichville. Plac\u00e9e sous le th\u00e8me \u00ab Unis dans la diversit\u00e9, renfor\u00e7ons la culture d\u00e9mocratique pour la consolidation de la paix \u00bb, cette \u00e9dition a rassembl\u00e9 de hautes personnalit\u00e9s politiques, des [&hellip;]<\/p>\n","protected":false},"author":4,"featured_media":41130,"comment_status":"closed","ping_status":"closed","sticky":false,"template":"","format":"standard","meta":{"_monsterinsights_skip_tracking":false,"_monsterinsights_sitenote_active":false,"_monsterinsights_sitenote_note":"","_monsterinsights_sitenote_category":0,"footnotes":""},"categories":[2,17],"tags":[6442,177,701,6440,6441,6055,2657],"class_list":["post-41129","post","type-post","status-publish","format-standard","has-post-thumbnail","hentry","category-featured","category-politique","tag-adn-de-paix","tag-beugre-mambe","tag-jeunes","tag-journee-nationale-de-la-paix-2025","tag-le-pays","tag-leadership","tag-president-ouattara"],"_links":{"self":[{"href":"https:\/\/www.lintelligentdabidjan.info\/news\/wp-json\/wp\/v2\/posts\/41129","targetHints":{"allow":["GET"]}}],"collection":[{"href":"https:\/\/www.lintelligentdabidjan.info\/news\/wp-json\/wp\/v2\/posts"}],"about":[{"href":"https:\/\/www.lintelligentdabidjan.info\/news\/wp-json\/wp\/v2\/types\/post"}],"author":[{"embeddable":true,"href":"https:\/\/www.lintelligentdabidjan.info\/news\/wp-json\/wp\/v2\/users\/4"}],"replies":[{"embeddable":true,"href":"https:\/\/www.lintelligentdabidjan.info\/news\/wp-json\/wp\/v2\/comments?post=41129"}],"version-history":[{"count":1,"href":"https:\/\/www.lintelligentdabidjan.info\/news\/wp-json\/wp\/v2\/posts\/41129\/revisions"}],"predecessor-version":[{"id":41131,"href":"https:\/\/www.lintelligentdabidjan.info\/news\/wp-json\/wp\/v2\/posts\/41129\/revisions\/41131"}],"wp:featuredmedia":[{"embeddable":true,"href":"https:\/\/www.lintelligentdabidjan.info\/news\/wp-json\/wp\/v2\/media\/41130"}],"wp:attachment":[{"href":"https:\/\/www.lintelligentdabidjan.info\/news\/wp-json\/wp\/v2\/media?parent=41129"}],"wp:term":[{"taxonomy":"category","embeddable":true,"href":"https:\/\/www.lintelligentdabidjan.info\/news\/wp-json\/wp\/v2\/categories?post=41129"},{"taxonomy":"post_tag","embeddable":true,"href":"https:\/\/www.lintelligentdabidjan.info\/news\/wp-json\/wp\/v2\/tags?post=41129"}],"curies":[{"name":"wp","href":"https:\/\/api.w.org\/{rel}","templated":true}]}}