{"id":41135,"date":"2025-11-18T05:09:35","date_gmt":"2025-11-18T04:09:35","guid":{"rendered":"https:\/\/www.lintelligentdabidjan.info\/news\/?p=41135"},"modified":"2025-11-18T05:09:38","modified_gmt":"2025-11-18T04:09:38","slug":"bediala-la-journee-nationale-de-la-paix-celebree-par-une-operation-de-planting-darbres","status":"publish","type":"post","link":"https:\/\/www.lintelligentdabidjan.info\/news\/bediala-la-journee-nationale-de-la-paix-celebree-par-une-operation-de-planting-darbres\/","title":{"rendered":"B\u00e9diala: La Journ\u00e9e nationale de la Paix c\u00e9l\u00e9br\u00e9e par une op\u00e9ration de planting d\u2019arbres"},"content":{"rendered":"<p><em><strong><a href=\"https:\/\/www.lintelligentdabidjan.info\/news\/cote-divoire-bouake-accueillera-la-26e-edition-de-la-journee-nationale-de-la-paix\/\" target=\"_blank\" rel=\"noopener\">La Journ\u00e9e nationale de la Paix<\/a> a \u00e9t\u00e9 c\u00e9l\u00e9br\u00e9e, le vendredi 15 novembre 2025 \u00e0 B\u00e9diala dans le d\u00e9partement de Daloa sous le th\u00e8me \u00ab Pour la paix, je plante un arbre \u00bb.\u00a0<\/strong><\/em><\/p>\n<blockquote><p>Un arbre, c\u2019est la vie<\/p><\/blockquote>\n<p>&nbsp;<\/p>\n<p>\u00c0 cette occasion, le colonel Tiapo K. F\u00e9lix, directeur r\u00e9gional des Eaux et For\u00eats du Haut-Sassandra et de la Marahou\u00e9, a rappel\u00e9 l\u2019importance des actions nationales de reboisement et invit\u00e9 les agents ainsi que la population \u00e0 respecter et pr\u00e9server le couvert forestier. Cette journ\u00e9e, d\u00e9di\u00e9e \u00e0 la promotion du vivre-ensemble, du pardon et de la coh\u00e9sion sociale, constitue un moment privil\u00e9gi\u00e9 pour sensibiliser chacun \u00e0 la n\u00e9cessit\u00e9 de pr\u00e9server la paix, condition essentielle pour un d\u00e9veloppement durable. Le directeur r\u00e9gional a \u00e9galement soulign\u00e9 la port\u00e9e symbolique de la plantation : \u00ab Un arbre, c\u2019est la vie. Et la paix, c\u2019est le socle de toute vie harmonieuse. En plantant ces arbres, nous semons \u00e9galement des graines de paix pour les g\u00e9n\u00e9rations futures. \u00bb Le secr\u00e9taire g\u00e9n\u00e9ral 2 de la pr\u00e9fecture de Daloa, Yaya Bamba, repr\u00e9sentant le pr\u00e9fet de r\u00e9gion, a rappel\u00e9 que, conform\u00e9ment \u00e0 la vision du pr\u00e9sident Alassane Ouattara d\u2019un \u00ab citoyen nouveau \u00bb, chaque citoyen est encourag\u00e9 \u00e0 planter un arbre pour contribuer \u00e0 la protection de l\u2019environnement et au renforcement de la paix sociale. Dans le cadre de cette c\u00e9l\u00e9bration, une op\u00e9ration de planting d\u2019arbres a \u00e9t\u00e9 organis\u00e9e sur une superficie de 0,8 hectare. Les participants ont mis en terre des plants de teck, un geste \u00e0 la fois symbolique et \u00e9cologique, visant \u00e0 lutter contre la d\u00e9forestation et \u00e0 inciter la population \u00e0 prot\u00e9ger l\u2019environnement.<\/p>\n<p>Notons que la c\u00e9r\u00e9monie s\u2019est d\u00e9roul\u00e9e au poste <a href=\"https:\/\/web.facebook.com\/minefrci\/videos\/samedi-15-novembre-2025c%C3%A9l%C3%A9bration-de-la-journ%C3%A9e-nationale-de-la-paix-2025-plant\/2550313472008775\/?_rdc=1&amp;_rdr#\" target=\"_blank\" rel=\"noopener\">des Eaux et For\u00eats<\/a> de B\u00e9diala, en pr\u00e9sence des autorit\u00e9s administratives, des forces de d\u00e9fense, des encadreurs forestiers, des jeunes et des leaders communautaires.<\/p>\n<p>&nbsp;<\/p>\n<p><strong>Beker Yao<\/strong><\/p>\n<p>&nbsp;<\/p>\n<p>&nbsp;<\/p>\n<p>&nbsp;<\/p>\n<p>&nbsp;<\/p>\n","protected":false},"excerpt":{"rendered":"<p>La Journ\u00e9e nationale de la Paix a \u00e9t\u00e9 c\u00e9l\u00e9br\u00e9e, le vendredi 15 novembre 2025 \u00e0 B\u00e9diala dans le d\u00e9partement de Daloa sous le th\u00e8me \u00ab Pour la paix, je plante un arbre \u00bb.\u00a0 Un arbre, c\u2019est la vie &nbsp; \u00c0 cette occasion, le colonel Tiapo K. F\u00e9lix, directeur r\u00e9gional des Eaux et For\u00eats du Haut-Sassandra [&hellip;]<\/p>\n","protected":false},"author":4,"featured_media":41136,"comment_status":"closed","ping_status":"closed","sticky":false,"template":"","format":"standard","meta":{"_monsterinsights_skip_tracking":false,"_monsterinsights_sitenote_active":false,"_monsterinsights_sitenote_note":"","_monsterinsights_sitenote_category":0,"footnotes":""},"categories":[2,3],"tags":[704,6443,2844,3874],"class_list":["post-41135","post","type-post","status-publish","format-standard","has-post-thumbnail","hentry","category-featured","category-societe","tag-bediala","tag-la-journee-nationale-de-la-paix","tag-operation","tag-planting-darbres"],"_links":{"self":[{"href":"https:\/\/www.lintelligentdabidjan.info\/news\/wp-json\/wp\/v2\/posts\/41135","targetHints":{"allow":["GET"]}}],"collection":[{"href":"https:\/\/www.lintelligentdabidjan.info\/news\/wp-json\/wp\/v2\/posts"}],"about":[{"href":"https:\/\/www.lintelligentdabidjan.info\/news\/wp-json\/wp\/v2\/types\/post"}],"author":[{"embeddable":true,"href":"https:\/\/www.lintelligentdabidjan.info\/news\/wp-json\/wp\/v2\/users\/4"}],"replies":[{"embeddable":true,"href":"https:\/\/www.lintelligentdabidjan.info\/news\/wp-json\/wp\/v2\/comments?post=41135"}],"version-history":[{"count":1,"href":"https:\/\/www.lintelligentdabidjan.info\/news\/wp-json\/wp\/v2\/posts\/41135\/revisions"}],"predecessor-version":[{"id":41137,"href":"https:\/\/www.lintelligentdabidjan.info\/news\/wp-json\/wp\/v2\/posts\/41135\/revisions\/41137"}],"wp:featuredmedia":[{"embeddable":true,"href":"https:\/\/www.lintelligentdabidjan.info\/news\/wp-json\/wp\/v2\/media\/41136"}],"wp:attachment":[{"href":"https:\/\/www.lintelligentdabidjan.info\/news\/wp-json\/wp\/v2\/media?parent=41135"}],"wp:term":[{"taxonomy":"category","embeddable":true,"href":"https:\/\/www.lintelligentdabidjan.info\/news\/wp-json\/wp\/v2\/categories?post=41135"},{"taxonomy":"post_tag","embeddable":true,"href":"https:\/\/www.lintelligentdabidjan.info\/news\/wp-json\/wp\/v2\/tags?post=41135"}],"curies":[{"name":"wp","href":"https:\/\/api.w.org\/{rel}","templated":true}]}}