{"id":41138,"date":"2025-11-18T05:21:32","date_gmt":"2025-11-18T04:21:32","guid":{"rendered":"https:\/\/www.lintelligentdabidjan.info\/news\/?p=41138"},"modified":"2025-11-18T05:23:07","modified_gmt":"2025-11-18T04:23:07","slug":"journee-nationale-de-la-paix-la-fondation-houphouet-boigny-et-la-maison-de-lafrique-scellent-un-partenariat-strategique","status":"publish","type":"post","link":"https:\/\/www.lintelligentdabidjan.info\/news\/journee-nationale-de-la-paix-la-fondation-houphouet-boigny-et-la-maison-de-lafrique-scellent-un-partenariat-strategique\/","title":{"rendered":"Journ\u00e9e nationale de la Paix:   La Fondation Houphou\u00ebt-Boigny et la Maison de l\u2019Afrique scellent un partenariat strat\u00e9gique"},"content":{"rendered":"<p><em><strong>Le samedi 15 novembre 2025,\u00a0 <a href=\"https:\/\/www.lintelligentdabidjan.info\/news\/bediala-la-journee-nationale-de-la-paix-celebree-par-une-operation-de-planting-darbres\/\" target=\"_blank\" rel=\"noopener\">Journ\u00e9e nationale de la Paix<\/a>,\u00a0 la Fondation F\u00e9lix Houphou\u00ebt-Boigny pour la Recherche de la Paix et la Maison de l\u2019Afrique ont sign\u00e9, \u00e0 Yamoussoukro, une convention de partenariat\u00a0 visant \u00e0 renforcer la coop\u00e9ration en faveur de la paix, du dialogue et du d\u00e9veloppement durable en Afrique.<\/strong> <\/em><\/p>\n<p>La c\u00e9r\u00e9monie, qui s\u2019est tenue \u00e0 la salle r\u00e9conciliation au si\u00e8ge de la Fondation, a r\u00e9uni de nombreuses personnalit\u00e9s politiques, administratives, religieuses et traditionnelles, parmi lesquelles des repr\u00e9sentants du S\u00e9nat, du Conseil \u00e9conomique, social, environnemental et culturel, du District autonome de Yamoussoukro, ainsi que des \u00e9lus locaux.<\/p>\n<p><strong>Un partenariat plac\u00e9 sous le signe de l\u2019h\u00e9ritage de F\u00e9lix Houphou\u00ebt-Boigny<\/strong><\/p>\n<p>Ouvrant la s\u00e9rie des allocutions, Jean-No\u00ebl Loucou, Secr\u00e9taire g\u00e9n\u00e9ral de la Fondation F\u00e9lix Houphou\u00ebt-Boigny, a rappel\u00e9 la port\u00e9e symbolique de cette collaboration, qui s\u2019inscrit directement dans la vision du P\u00e8re fondateur de la C\u00f4te d\u2019Ivoire moderne. Selon lui, \u00ab tout concourait \u00e0 ce moment \u00bb: la proximit\u00e9 des dates de cr\u00e9ation des deux institutions (1973 pour la fondation F\u00e9lix HB et 1974 pour la maison de l\u2019Afrique), leur mission commune de promotion de l\u2019Afrique et le r\u00f4le d\u00e9terminant du Pr\u00e9sident F\u00e9lix Houphou\u00ebt-Boigny dans la naissance de la Maison de l\u2019Afrique, aux c\u00f4t\u00e9s de L\u00e9opold S\u00e9dar Senghor et Georges Pompidou. Jean-No\u00ebl Loucou a salu\u00e9 le soutien constant du Pr\u00e9sident de la R\u00e9publique, Alassane Ouattara, qu\u2019il a qualifi\u00e9 de \u00ab fid\u00e8le disciple du Pr\u00e9sident F\u00e9lix Houphou\u00ebt-Boigny \u00bb. Il a \u00e9galement remerci\u00e9 la Pr\u00e9sidente du S\u00e9nat, Kandia Camara, marraine de la c\u00e9r\u00e9monie, ainsi que les nombreuses autorit\u00e9s pr\u00e9sentes. Le Secr\u00e9taire g\u00e9n\u00e9ral a d\u00e9taill\u00e9 les ambitions du partenariat :\u00e9laboration d\u2019un plan d\u2019activit\u00e9s conjoint ,cr\u00e9ation d\u2019un annuaire sur l\u2019\u00e9tat de la paix en Afrique, mise en place d\u2019un observatoire de recherche appliqu\u00e9e sur la paix, financement et rayonnement des projets de la Fondation, renforcement de sa visibilit\u00e9 internationale, notamment via un bureau \u00e0 Paris. Par ailleurs, Il a r\u00e9affirm\u00e9 l\u2019ambition de la Fondation d\u2019obtenir un jour le Prix Nobel de la Paix, en hommage posthume \u00e0 l&#8217;ap\u00f4tre de la paix.<\/p>\n<blockquote><p>la sc\u00e8ne internationale<\/p><\/blockquote>\n<p>&nbsp;<\/p>\n<p><strong>Tour\u00e9 Faman Tour\u00e9 : \u00ab Deux institutions, deux piliers d\u2019un m\u00eame \u00e9difice \u00bb<\/strong><\/p>\n<p>Au nom de la Maison de l\u2019Afrique,<\/p>\n<p>Tour\u00e9 Faman, pr\u00e9sident du Conseil d\u2019administration, a exprim\u00e9 son \u00e9motion de voir s\u2019unir officiellement deux structures issues de la vision des p\u00e8res fondateurs de l\u2019Afrique moderne. Il a rendu un hommage au professeur Jean-No\u00ebl Loucou pour son engagement intellectuel et son r\u00f4le dans la pr\u00e9servation de l\u2019h\u00e9ritage Houphou\u00ebtiste, faisant de la Fondation \u00ab une institution phare du rayonnement africain sur la sc\u00e8ne internationale \u00bb.\u00a0 Tour\u00e9 Faman a rappel\u00e9 la vocation historique de la Maison de l\u2019Afrique, cr\u00e9\u00e9e en 1974 comme outil de diplomatie \u00e9conomique, artistique et culturelle, et d\u00e9sormais devenue une agence d\u2019intelligence strat\u00e9gique pour l\u2019Afrique. Il a soulign\u00e9 que cette synergie permettra de promouvoir la paix ; de soutenir les actions de la Fondation sur les sc\u00e8nes internationale, et de valoriser la C\u00f4te d\u2019Ivoire et l\u2019Afrique \u00e0 travers leurs initiatives. \u00ab La paix n\u2019est pas un vain mot mais un comportement \u00bb, a-t-il rappel\u00e9, citant F\u00e9lix Houphou\u00ebt-Boigny, avant de saluer l\u2019action du Pr\u00e9sident Alassane Ouattara dans la consolidation durable de la stabilit\u00e9 nationale.<\/p>\n<blockquote><p>synergie africaine<\/p><\/blockquote>\n<p>&nbsp;<\/p>\n<p><strong>Le S\u00e9nat salue une \u201cinitiative visionnaire\u201d<\/strong><\/p>\n<p>Repr\u00e9sentant la Pr\u00e9sidente du S\u00e9nat,\u00a0 Michel Coffi Beno\u00eet a r\u00e9affirm\u00e9 le soutien de Kandia Camara \u00e0 cette initiative, qui s\u2019inscrit dans la continuit\u00e9 du Prix F\u00e9lix Houphou\u00ebt-Boigny pour la Recherche de la Paix, reconnu \u00e0 l\u2019international. Le s\u00e9nateur a insist\u00e9 sur la port\u00e9e symbolique de cette convention, sign\u00e9e le jour m\u00eame d\u00e9di\u00e9 \u00e0 la paix en C\u00f4te d\u2019Ivoire, et a soulign\u00e9 que ce partenariat incarne \u00ab la n\u00e9cessit\u00e9 d\u2019une synergie africaine face aux d\u00e9fis communs \u00bb. Il a salu\u00e9 la vision du Pr\u00e9sident de la R\u00e9publique, Alassane Ouattara, dont la gouvernance repose sur la paix et le dialogue, affirmant que \u00ab sans la paix, il ne saurait y avoir de prosp\u00e9rit\u00e9 \u00bb. Le S\u00e9nat, en tant que chambre de sagesse et de r\u00e9flexion, \u00ab partage pleinement cette d\u00e9marche \u00bb qui ambitionne de renforcer la coh\u00e9sion nationale et d\u2019am\u00e9liorer le vivre-ensemble.<\/p>\n<p><strong>Une nouvelle \u00e8re pour la coop\u00e9ration africaine<\/strong><\/p>\n<p>La signature de cette convention marque une \u00e9tape majeure dans l\u2019histoire des deux institutions. Elle ouvre la voie \u00e0 des <a href=\"https:\/\/web.facebook.com\/fondationfhb\/?locale=pt_BR&amp;_rdc=1&amp;_rdr#\" target=\"_blank\" rel=\"noopener\">actions<\/a> communes structurantes, align\u00e9es sur les Objectifs de D\u00e9veloppement Durable, en particulier : l\u2019\u00e9ducation de qualit\u00e9, la r\u00e9duction des in\u00e9galit\u00e9s, la paix et la justice et les partenariats pour le d\u00e9veloppement. Les deux parties s\u2019engagent \u00e0 conjuguer leurs efforts pour b\u00e2tir un avenir o\u00f9 la paix, le dialogue et l\u2019unit\u00e9 seront au c\u0153ur du d\u00e9veloppement du continent.<\/p>\n<p><strong>\u00a0Harry Diallo, depuis Yamoussoukro<\/strong><\/p>\n<p>&nbsp;<\/p>\n","protected":false},"excerpt":{"rendered":"<p>Le samedi 15 novembre 2025,\u00a0 Journ\u00e9e nationale de la Paix,\u00a0 la Fondation F\u00e9lix Houphou\u00ebt-Boigny pour la Recherche de la Paix et la Maison de l\u2019Afrique ont sign\u00e9, \u00e0 Yamoussoukro, une convention de partenariat\u00a0 visant \u00e0 renforcer la coop\u00e9ration en faveur de la paix, du dialogue et du d\u00e9veloppement durable en Afrique. La c\u00e9r\u00e9monie, qui s\u2019est [&hellip;]<\/p>\n","protected":false},"author":4,"featured_media":41139,"comment_status":"closed","ping_status":"closed","sticky":false,"template":"","format":"standard","meta":{"footnotes":""},"categories":[2,17,3],"tags":[1885,6444,6445,5986],"class_list":["post-41138","post","type-post","status-publish","format-standard","has-post-thumbnail","hentry","category-featured","category-politique","category-societe","tag-journee-nationale-de-la-paix","tag-la-fondation-houphouet-boigny","tag-la-maison-de-lafrique","tag-partenariat-strategique"],"_links":{"self":[{"href":"https:\/\/www.lintelligentdabidjan.info\/news\/wp-json\/wp\/v2\/posts\/41138","targetHints":{"allow":["GET"]}}],"collection":[{"href":"https:\/\/www.lintelligentdabidjan.info\/news\/wp-json\/wp\/v2\/posts"}],"about":[{"href":"https:\/\/www.lintelligentdabidjan.info\/news\/wp-json\/wp\/v2\/types\/post"}],"author":[{"embeddable":true,"href":"https:\/\/www.lintelligentdabidjan.info\/news\/wp-json\/wp\/v2\/users\/4"}],"replies":[{"embeddable":true,"href":"https:\/\/www.lintelligentdabidjan.info\/news\/wp-json\/wp\/v2\/comments?post=41138"}],"version-history":[{"count":1,"href":"https:\/\/www.lintelligentdabidjan.info\/news\/wp-json\/wp\/v2\/posts\/41138\/revisions"}],"predecessor-version":[{"id":41140,"href":"https:\/\/www.lintelligentdabidjan.info\/news\/wp-json\/wp\/v2\/posts\/41138\/revisions\/41140"}],"wp:featuredmedia":[{"embeddable":true,"href":"https:\/\/www.lintelligentdabidjan.info\/news\/wp-json\/wp\/v2\/media\/41139"}],"wp:attachment":[{"href":"https:\/\/www.lintelligentdabidjan.info\/news\/wp-json\/wp\/v2\/media?parent=41138"}],"wp:term":[{"taxonomy":"category","embeddable":true,"href":"https:\/\/www.lintelligentdabidjan.info\/news\/wp-json\/wp\/v2\/categories?post=41138"},{"taxonomy":"post_tag","embeddable":true,"href":"https:\/\/www.lintelligentdabidjan.info\/news\/wp-json\/wp\/v2\/tags?post=41138"}],"curies":[{"name":"wp","href":"https:\/\/api.w.org\/{rel}","templated":true}]}}