{"id":41153,"date":"2025-11-20T05:46:09","date_gmt":"2025-11-20T04:46:09","guid":{"rendered":"https:\/\/www.lintelligentdabidjan.info\/news\/?p=41153"},"modified":"2025-11-20T05:46:13","modified_gmt":"2025-11-20T04:46:13","slug":"interview-arsene-desire-nene-bi-membre-de-la-commission-centrale-du-cndh-ci-la-jeunesse-se-presente-comme-lun-des-piliers-de-notre-democratie","status":"publish","type":"post","link":"https:\/\/www.lintelligentdabidjan.info\/news\/interview-arsene-desire-nene-bi-membre-de-la-commission-centrale-du-cndh-ci-la-jeunesse-se-presente-comme-lun-des-piliers-de-notre-democratie\/","title":{"rendered":"\u00a0Interview- Ars\u00e8ne D\u00e9sir\u00e9 N\u00e9n\u00e9 Bi, membre de la Commission Centrale du CNDH-CI:           \u00ab\u00a0 La jeunesse se pr\u00e9sente comme l\u2019un des piliers de notre d\u00e9mocratie \u00bb"},"content":{"rendered":"<p><em><strong>Dr Ars\u00e8ne D\u00e9sir\u00e9 N\u00e9n\u00e9 Bi, Enseignant-Chercheur\u00a0 et expert en droit public et conseiller au Conseil national des droits de l\u2019homme (<a href=\"https:\/\/www.lintelligentdabidjan.info\/news\/interview-elections-presidentielles-carine-keffa-appelle-a-refuser-toute-forme-de-manipulation-politique\/\" target=\"_blank\" rel=\"noopener\">CNDH<\/a>) nous a accord\u00e9\u00a0 un entretien au si\u00e8ge de la Commission R\u00e9gionale des Droits de l\u2019Homme (CRDH) de Bouak\u00e9 sur le r\u00f4le des jeunes dans le processus d\u00e9mocratique en C\u00f4te d\u2019Ivoire.<\/strong><\/em><\/p>\n<p>Dans cet \u00e9change, il invite la jeunesse \u00e0 d\u00e9passer le fatalisme pour adopter un engagement responsable, notamment par le vote, le d\u00e9bat citoyen et l\u2019usage constructif du num\u00e9rique.<\/p>\n<p>Il appelle enfin les jeunes \u00e0 devenir des acteurs d\u2019influence et de paix, pleinement capables de renforcer durablement la d\u00e9mocratie en C\u00f4te d\u2019Ivoire.<\/p>\n<blockquote><p>des \u00e9lections apais\u00e9es en C\u00f4te d\u2019Ivoire<\/p><\/blockquote>\n<p>&nbsp;<\/p>\n<p><strong>Docteur, l\u2019opinion publique vous sait tr\u00e8s engag\u00e9 sur les questions en lien avec les droits humains de fa\u00e7on g\u00e9n\u00e9rale et particuli\u00e8rement sur la question \u00e9lectorale. A cet effet, vous avez \u00e9crit en 2020 un ouvrage intitul\u00e9 \u00ab Manuel d\u2019instruction \u00e9lectorale pour l\u2019\u00e9lection pr\u00e9sidentielle de 2020 en C\u00f4te d\u2019Ivoire \u00bb et cette ann\u00e9e (2025), nous apprenons que vous avez \u00e9galement publi\u00e9 un autre ouvrage dans le m\u00eame contexte intitul\u00e9 \u00ab Jeunesse, Citoyennet\u00e9 et Paix : Pour des \u00e9lections apais\u00e9es en C\u00f4te d\u2019Ivoire \u00bb.\u00a0 Qu\u2019est-ce qui motivent ces diff\u00e9rentes th\u00e9matiques ?<\/strong><\/p>\n<p>Mes motivations pour \u00e9crire \u00ab Manuel d\u2019instruction \u00e9lectorale pour l\u2019\u00e9lection pr\u00e9sidentielle de 2020 en C\u00f4te d\u2019Ivoire \u00bb et \u00ab Jeunesse, citoyennet\u00e9 et paix pour des \u00e9lections apais\u00e9es en C\u00f4te d\u2019Ivoire \u00bb s\u2019enracinent dans une profonde volont\u00e9 de contribuer \u00e0 la consolidation de la d\u00e9mocratie et de la paix dans mon pays.<\/p>\n<p>En 2020, le contexte \u00e9lectoral ivoirien \u00e9tait marqu\u00e9 par des tensions politiques et sociales. J\u2019ai ressenti la n\u00e9cessit\u00e9 de produire un outil p\u00e9dagogique, le \u00ab Manuel d\u2019instruction \u00e9lectorale pour l\u2019\u00e9lection pr\u00e9sidentielle de 2020 en C\u00f4te d\u2019Ivoire \u00bb pour informer et sensibiliser les citoyens sur le processus \u00e9lectoral, leurs droits, leurs devoirs et le r\u00f4le de chaque acteur dans le maintien d\u2019un climat de confiance. Mon objectif \u00e9tait de renforcer la culture d\u00e9mocratique et la transparence \u00e9lectorale \u00e0 travers une meilleure compr\u00e9hension des r\u00e8gles du jeu d\u00e9mocratique.<\/p>\n<p>En 2025, avec \u00ab Jeunesse, citoyennet\u00e9 et paix pour des \u00e9lections apais\u00e9es en C\u00f4te d\u2019Ivoire \u00bb, j\u2019ai voulu prolonger cette r\u00e9flexion en mettant l\u2019accent sur le r\u00f4le central de la jeunesse. Les jeunes repr\u00e9sentent une force vive, mais souvent instrumentalis\u00e9e dans les crises \u00e9lectorales. J\u2019ai donc souhait\u00e9 leur adresser un message fort : celui de la responsabilit\u00e9 citoyenne, de l\u2019engagement constructif et de la non-violence. Ce livre vise \u00e0 encourager la jeunesse ivoirienne \u00e0 devenir un acteur du changement positif, porteur de paix et de coh\u00e9sion sociale.<\/p>\n<p>En somme, ces deux ouvrages traduisent une m\u00eame ambition : promouvoir une citoyennet\u00e9 \u00e9clair\u00e9e et active pour une C\u00f4t\u00e9 d\u2019Ivoire d\u00e9mocratique, pacifique et unie.<\/p>\n<p><strong>\u00c0 ce sujet Docteur, nous abordons aujourd\u2019hui avec vous le th\u00e8me suivant : \u00ab R\u00f4le des jeunes dans le processus d\u00e9mocratique \u00bb. Quel est l\u2019int\u00e9r\u00eat pour vous de cibler une telle couche sociale ?<\/strong><\/p>\n<p>La jeunesse est souvent pr\u00e9sent\u00e9e comme l\u2019avenir d\u2019une nation, et, en C\u00f4te d\u2019Ivoire, elle est bien plus que cela. Elle est le pr\u00e9sent, le souffle, la vibration profonde du pays. Avec plus de 77% de la population compos\u00e9e de jeunes de moins de 35 ans. Cette r\u00e9alit\u00e9 d\u00e9mographiqueee n\u2019est pas qu\u2019un chiffre abstrait mais plut\u00f4t une force sociale, \u00e9conomique, politique et culturelle, \u00e0 mettre au service de notre d\u00e9mocratie. Trop longtemps on a trait\u00e9 les jeunes comme des figurants du th\u00e9\u00e2tre politique : on les applaudit quant ils crient fort dans les meetings, on les exhibe pour montrer une pr\u00e9tendue diversit\u00e9, et on les oublie si t\u00f4t, le rideau tomb\u00e9. Or, je suis convaincu que la jeunesse n\u2019est pas seulement un public, elle est une sc\u00e8ne, une plume, une voix. Ainsi, la jeunesse se pr\u00e9sente comme l\u2019un des piliers de notre d\u00e9mocratie.<\/p>\n<blockquote><p>votre voix peut changer<\/p><\/blockquote>\n<p>&nbsp;<\/p>\n<p><strong>Au regard de ce tableau que vous pr\u00e9sentez relativement au r\u00f4le parfois mitig\u00e9 de la jeunesse dans le processus d\u00e9mocratique, que devons-attendre d\u2019elle pour sa contribution effective dans la construction d\u00e9mocratique notre pays ?<\/strong><\/p>\n<p>Je pars d\u2019un constat, lors de mes ateliers ou \u00e9changes avec la jeunesse, je pose toujours la question suivante : \u00ab pensez-vous que votre voix peut changer les choses dans notre pays ? \u00bb. La r\u00e9ponse qui revient souvent est un silence g\u00ean\u00e9 ou une phrase comme \u00ab \u00abBfff! On vote mais rien ne change ! \u00bb.<\/p>\n<p>En effet, ce fatalisme est l\u2019un des grands d\u00e9fis \u00e0 surmonter. La jeunesse doit passer du statut de figurant \u00e0 celui d\u2019acteur principal. Cela commence par une prise de conscience. Poser des gestes comme voter, observer et surtout s\u2019exprimer, constitueee des actes de transformation.<\/p>\n<p>Par ailleurs, \u00e0 cette \u00e8re du num\u00e9rique o\u00f9 les jeunes sont les maitres incontest\u00e9s des r\u00e9seaux sociaux, souvent utilis\u00e9s comme des canaux d\u2019affrontement, je reste convaincu qu\u2019ils peuvent les r\u00e9orienter vers des usages citoyens. Ils peuvent utiliser ces canaux pour v\u00e9hiculer des messages de paix, de coh\u00e9sion sociale et de respect des droits humains. Un smartphone bien utilis\u00e9 est une urne num\u00e9rique qui peut amplifier la v\u00e9rit\u00e9 ou propager la haine : Une jeunesse responsable saura faire le bon choix.<\/p>\n<p>Vous avez parl\u00e9 plus haut de fatalisme qui se pr\u00e9sente comme \u2018\u2018l\u2019un des grands d\u00e9fis \u00e0 surmonter\u2019\u2019.<\/p>\n<p><strong>\u00a0Qu\u2019est-ce que vous pr\u00e9conisez, en tant qu\u2019\u00e9veilleur de conscience ?\u00a0<\/strong><\/p>\n<p>Merci pour cette qualit\u00e9 avec laquelle vous me pr\u00e9sentez ma modeste personne, mais humblement, je me consid\u00e8re plut\u00f4t comme un fils du peuple et dans le peuple, raison pour laquelle je pr\u00e9conise \u00e0 la jeunesse de changer de posture : de passer de la r\u00e9volte \u00e0 la responsabilit\u00e9. Cela signifie que la jeunesse doit croire en ses capacit\u00e9s \u00e0 influencer autrement.<\/p>\n<blockquote><p>c\u2019est un acte<\/p><\/blockquote>\n<p>&nbsp;<\/p>\n<p>Car, comme le disait John Lewis, militant Am\u00e9ricain des droits civiques, \u00ab la d\u00e9mocratie n\u2019est pas un \u00e9tat, c\u2019est un acte \u00bb. Et, j\u2019ajouterais que la d\u00e9mocratie est un acte r\u00e9p\u00e9t\u00e9, coh\u00e9rent et courageux. Pour moi, \u00eatre jeune aujourd\u2019hui c\u2019est choisir entre deux postures : l\u2019indiff\u00e9rence ou l\u2019influence.<\/p>\n<p>Ainsi, de peur de le regretter \u00e0 travers nos larmes, j\u2019invite la jeunesse \u00e0 choisir l\u2019influence qui nous permettra de d\u00e9fendre notre d\u00e9mocratie au risque de la voir confisquer par d\u2019autres.<\/p>\n<p><strong>Docteur , quel conseil pratique pouvez-vous donner aux jeunes qui veulent s\u2019engager efficacement en politique ?\u00a0<\/strong><\/p>\n<p>Pour s\u2019engager de fa\u00e7on efficace, la base c\u2019est l\u2019inscription sur la liste \u00e9lectorale d\u00e8s qu\u2019on est en \u00e2ge. Il faut :<\/p>\n<p>Lire les programmes des diff\u00e9rents candidats, les comparer, en discuter entre amis, les critiquer de mani\u00e8re constructive dans l\u2019objectif de mieux faire; Se former aux techniques de plaidoyer, de d\u00e9bat, de leadership \u00e9tique; Refuser toute proposition violente ou manipulatrice et parler de d\u00e9mocratie autour de vous, car chaque conversation peut r\u00e9veiller une conscience.<\/p>\n<blockquote><p>l\u2019\u00e9lection pr\u00e9sidentielle<\/p><\/blockquote>\n<p>&nbsp;<\/p>\n<p><strong>Quel\u00a0 est votre mot de fin ?<\/strong><\/p>\n<p>Je voudrais terminer en disant que la paix n\u2019est pas un hasard, c\u2019est un choix citoyen. Nous appelons donc \u00e0 une prise de conscience collective et \u00e0 une culture de la responsabilit\u00e9 citoyenne par la jeunesse. <a href=\"https:\/\/cndh.ci\/le-cndh-initie-un-panel-sur-la-responsabilite-des-jeunes-dans-les-partis-politiques\/\" target=\"_blank\" rel=\"noopener\">Une citoyennet\u00e9<\/a> qui s\u2019apprend, se pratique, se transmet. Ainsi, \u00ab Manuel d\u2019instruction \u00e9lectorale pour l\u2019\u00e9lection pr\u00e9sidentielle de 2020 en C\u00f4te d\u2019Ivoire \u00bb et \u00ab Jeunesse, citoyennet\u00e9 et paix pour des \u00e9lections apais\u00e9es en C\u00f4te d\u2019Ivoire \u00bb sont, je l\u2019esp\u00e8re, une modeste pierre \u00e0 l\u2019\u00e9difice de cette ambition.<\/p>\n<p><strong>Interview r\u00e9alis\u00e9e per Nambac\u00e9r\u00e9 Jo\u00ebl\u00a0<\/strong><\/p>\n<p>&nbsp;<\/p>\n<p>&nbsp;<\/p>\n<p>&nbsp;<\/p>\n<p>&nbsp;<\/p>\n<p>&nbsp;<\/p>\n<p>&nbsp;<\/p>\n<p>&nbsp;<\/p>\n","protected":false},"excerpt":{"rendered":"<p>Dr Ars\u00e8ne D\u00e9sir\u00e9 N\u00e9n\u00e9 Bi, Enseignant-Chercheur\u00a0 et expert en droit public et conseiller au Conseil national des droits de l\u2019homme (CNDH) nous a accord\u00e9\u00a0 un entretien au si\u00e8ge de la Commission R\u00e9gionale des Droits de l\u2019Homme (CRDH) de Bouak\u00e9 sur le r\u00f4le des jeunes dans le processus d\u00e9mocratique en C\u00f4te d\u2019Ivoire. Dans cet \u00e9change, il [&hellip;]<\/p>\n","protected":false},"author":4,"featured_media":41154,"comment_status":"closed","ping_status":"closed","sticky":false,"template":"","format":"standard","meta":{"_monsterinsights_skip_tracking":false,"_monsterinsights_sitenote_active":false,"_monsterinsights_sitenote_note":"","_monsterinsights_sitenote_category":0,"footnotes":""},"categories":[2,17,3],"tags":[6450,6452,5303,2438,5516,6451],"class_list":["post-41153","post","type-post","status-publish","format-standard","has-post-thumbnail","hentry","category-featured","category-politique","category-societe","tag-arsene-desire-nene-bi","tag-cndh-ci","tag-democratie","tag-interview","tag-la-jeunesse","tag-membre-de-la-commission-centrale"],"_links":{"self":[{"href":"https:\/\/www.lintelligentdabidjan.info\/news\/wp-json\/wp\/v2\/posts\/41153","targetHints":{"allow":["GET"]}}],"collection":[{"href":"https:\/\/www.lintelligentdabidjan.info\/news\/wp-json\/wp\/v2\/posts"}],"about":[{"href":"https:\/\/www.lintelligentdabidjan.info\/news\/wp-json\/wp\/v2\/types\/post"}],"author":[{"embeddable":true,"href":"https:\/\/www.lintelligentdabidjan.info\/news\/wp-json\/wp\/v2\/users\/4"}],"replies":[{"embeddable":true,"href":"https:\/\/www.lintelligentdabidjan.info\/news\/wp-json\/wp\/v2\/comments?post=41153"}],"version-history":[{"count":1,"href":"https:\/\/www.lintelligentdabidjan.info\/news\/wp-json\/wp\/v2\/posts\/41153\/revisions"}],"predecessor-version":[{"id":41155,"href":"https:\/\/www.lintelligentdabidjan.info\/news\/wp-json\/wp\/v2\/posts\/41153\/revisions\/41155"}],"wp:featuredmedia":[{"embeddable":true,"href":"https:\/\/www.lintelligentdabidjan.info\/news\/wp-json\/wp\/v2\/media\/41154"}],"wp:attachment":[{"href":"https:\/\/www.lintelligentdabidjan.info\/news\/wp-json\/wp\/v2\/media?parent=41153"}],"wp:term":[{"taxonomy":"category","embeddable":true,"href":"https:\/\/www.lintelligentdabidjan.info\/news\/wp-json\/wp\/v2\/categories?post=41153"},{"taxonomy":"post_tag","embeddable":true,"href":"https:\/\/www.lintelligentdabidjan.info\/news\/wp-json\/wp\/v2\/tags?post=41153"}],"curies":[{"name":"wp","href":"https:\/\/api.w.org\/{rel}","templated":true}]}}