{"id":41156,"date":"2025-11-20T05:51:28","date_gmt":"2025-11-20T04:51:28","guid":{"rendered":"https:\/\/www.lintelligentdabidjan.info\/news\/?p=41156"},"modified":"2025-11-20T05:52:25","modified_gmt":"2025-11-20T04:52:25","slug":"lintelligent-en-pdf-transformation-numerique-la-cote-divoire-et-18-pays-africains-adoptent-la-declaration-de-cotonou","status":"publish","type":"post","link":"https:\/\/www.lintelligentdabidjan.info\/news\/lintelligent-en-pdf-transformation-numerique-la-cote-divoire-et-18-pays-africains-adoptent-la-declaration-de-cotonou\/","title":{"rendered":"L&#8217;Intelligent en PDF:  \u00a0Transformation num\u00e9rique  La C\u00f4te d&#8217;Ivoire et 18 pays africains adoptent la D\u00e9claration de Cotonou  \u00a0"},"content":{"rendered":"<p class=\"yiv0270412301ydp7fb8f419MsoNormal\"><strong><span lang=\"fr\">Le Sommet minist\u00e9riel r\u00e9gional sur la transformation num\u00e9rique, co-organis\u00e9 par la Banque mondiale et le gouvernement b\u00e9ninois, s\u2019est tenu du 17 au 18 novembre 2025 \u00e0 Cotonou.\u00a0\u00a0La C\u00f4te d&#8217;Ivoire et 18 pays africains ont adopt\u00e9 \u00e0 cette occasion\u00a0\u00a0la D\u00e9claration de Cotonou. Que dit cette d\u00e9claration?<\/span><\/strong><\/p>\n<p class=\"yiv0270412301ydp7fb8f419MsoNormal\"><span lang=\"fr\">Article \u00e0 d\u00e9couvrir en ligne sur&#8230;<\/span><\/p>\n<p><a href=\"https:\/\/news.abidjan.net\/titrologie\/39-lintelligent-dabidjan\/articles\" target=\"_blank\" rel=\"noopener\">https:\/\/news.abidjan.net\/titrologie\/39-lintelligent-dabidjan\/articles<\/a><\/p>\n<p class=\"yiv0270412301ydp7fb8f419MsoNormal\"><span lang=\"fr\">\u00c0 lire aussi Un b\u00e2timent inaugur\u00e9 au Chu de Cocody\u00a0\u00a0, la promotion Beugr\u00e9 Mamb\u00e9 baptis\u00e9e, Anne Ouloto annonce l\u2019acc\u00e9l\u00e9ration de la d\u00e9mat\u00e9rialisation des services\u00a0 avec un budget de <\/span><span lang=\"fr\">45,1 milliards Fcfa pour la Fonction publique en 2026, 22 cadres du PPA-CI subissent le sort de Don Mello et alli\u00e9s <\/span><span lang=\"fr\">pour non\u00a0\u00a0respect des d\u00e9cisions du Comit\u00e9 central, La campagne &#8220;Gare choco&#8221; lanc\u00e9e \u00e0\u00a0\u00a0Adjam\u00e9 et Yopougon, \u00c7a pr\u00e9pare la f\u00eate de la victoire du\u00a0\u00a0Pr\u00e9sident\u00a0\u00a0Ouattara au <\/span><span lang=\"fr\">Rhdp, Ti\u00e9moko Kon\u00e9 re\u00e7oit Sidi Ould Tah et Magida Karaki dans le cadre du renforcement de la coop\u00e9ration internationale.<\/span><\/p>\n<p class=\"yiv0270412301ydp7fb8f419MsoNormal\"><span lang=\"fr\">\u00a0<\/span><span lang=\"fr\">Cliquez pour les d\u00e9tails<\/span><\/p>\n<p><a href=\"https:\/\/www.afrikipresse.fr\/abonnement\" target=\"_blank\" rel=\"noopener\">https:\/\/www.afrikipresse.fr\/abonnement<\/a><\/p>\n<p class=\"yiv0270412301ydp7fb8f419MsoNormal\"><span lang=\"fr\">\u00c0 voir aussi La C\u00f4te d\u2019Ivoire conserve sa 7e place africaine au niveau du classement FIFA et\u00a0\u00a0la finale du tournoi \u00ab Coupe Fair Play Jeunesse \u00bb \u00e0 Yamoussoukro.<\/span><\/p>\n<p><a href=\"https:\/\/www.pressecotedivoire.fr\/titrologie\" target=\"_blank\" rel=\"noopener\">https:\/\/www.pressecotedivoire.fr\/titrologie<\/a><\/p>\n","protected":false},"excerpt":{"rendered":"<p>Le Sommet minist\u00e9riel r\u00e9gional sur la transformation num\u00e9rique, co-organis\u00e9 par la Banque mondiale et le gouvernement b\u00e9ninois, s\u2019est tenu du 17 au 18 novembre 2025 \u00e0 Cotonou.\u00a0\u00a0La C\u00f4te d&#8217;Ivoire et 18 pays africains ont adopt\u00e9 \u00e0 cette occasion\u00a0\u00a0la D\u00e9claration de Cotonou. Que dit cette d\u00e9claration? Article \u00e0 d\u00e9couvrir en ligne sur&#8230; https:\/\/news.abidjan.net\/titrologie\/39-lintelligent-dabidjan\/articles \u00c0 lire aussi [&hellip;]<\/p>\n","protected":false},"author":4,"featured_media":41157,"comment_status":"closed","ping_status":"closed","sticky":false,"template":"","format":"standard","meta":{"_monsterinsights_skip_tracking":false,"_monsterinsights_sitenote_active":false,"_monsterinsights_sitenote_note":"","_monsterinsights_sitenote_category":0,"footnotes":""},"categories":[2,3],"tags":[],"class_list":["post-41156","post","type-post","status-publish","format-standard","has-post-thumbnail","hentry","category-featured","category-societe"],"_links":{"self":[{"href":"https:\/\/www.lintelligentdabidjan.info\/news\/wp-json\/wp\/v2\/posts\/41156","targetHints":{"allow":["GET"]}}],"collection":[{"href":"https:\/\/www.lintelligentdabidjan.info\/news\/wp-json\/wp\/v2\/posts"}],"about":[{"href":"https:\/\/www.lintelligentdabidjan.info\/news\/wp-json\/wp\/v2\/types\/post"}],"author":[{"embeddable":true,"href":"https:\/\/www.lintelligentdabidjan.info\/news\/wp-json\/wp\/v2\/users\/4"}],"replies":[{"embeddable":true,"href":"https:\/\/www.lintelligentdabidjan.info\/news\/wp-json\/wp\/v2\/comments?post=41156"}],"version-history":[{"count":2,"href":"https:\/\/www.lintelligentdabidjan.info\/news\/wp-json\/wp\/v2\/posts\/41156\/revisions"}],"predecessor-version":[{"id":41159,"href":"https:\/\/www.lintelligentdabidjan.info\/news\/wp-json\/wp\/v2\/posts\/41156\/revisions\/41159"}],"wp:featuredmedia":[{"embeddable":true,"href":"https:\/\/www.lintelligentdabidjan.info\/news\/wp-json\/wp\/v2\/media\/41157"}],"wp:attachment":[{"href":"https:\/\/www.lintelligentdabidjan.info\/news\/wp-json\/wp\/v2\/media?parent=41156"}],"wp:term":[{"taxonomy":"category","embeddable":true,"href":"https:\/\/www.lintelligentdabidjan.info\/news\/wp-json\/wp\/v2\/categories?post=41156"},{"taxonomy":"post_tag","embeddable":true,"href":"https:\/\/www.lintelligentdabidjan.info\/news\/wp-json\/wp\/v2\/tags?post=41156"}],"curies":[{"name":"wp","href":"https:\/\/api.w.org\/{rel}","templated":true}]}}