{"id":41163,"date":"2025-11-21T06:33:05","date_gmt":"2025-11-21T05:33:05","guid":{"rendered":"https:\/\/www.lintelligentdabidjan.info\/news\/?p=41163"},"modified":"2025-11-21T06:33:40","modified_gmt":"2025-11-21T05:33:40","slug":"journee-mondiale-de-lenfance-la-cote-divoire-reaffirme-son-engagement-en-faveur-des-droits-des-enfants","status":"publish","type":"post","link":"https:\/\/www.lintelligentdabidjan.info\/news\/journee-mondiale-de-lenfance-la-cote-divoire-reaffirme-son-engagement-en-faveur-des-droits-des-enfants\/","title":{"rendered":"Journ\u00e9e mondiale de l\u2019Enfance:  \u00a0La C\u00f4te d\u2019Ivoire r\u00e9affirme son engagement en faveur des droits des enfants"},"content":{"rendered":"<p><em><strong>\u00c0 l\u2019occasion de la <a href=\"https:\/\/www.lintelligentdabidjan.info\/news\/journee-mondiale-de-lenfance-jean-francois-basse-une-opportunite-unique-de-sensibiliser-le-grand-public\/\" target=\"_blank\" rel=\"noopener\">Journ\u00e9e mondiale de l\u2019Enfance<\/a>, c\u00e9l\u00e9br\u00e9e le mercredi 19 novembre 2025, la ministre de l\u2019\u00c9ducation nationale et de l\u2019Alphab\u00e9tisation, Mariatou Kon\u00e9, s\u2019est adress\u00e9e\u00a0 aux enfants, aux partenaires \u00e9ducatifs et aux repr\u00e9sentants institutionnels r\u00e9unis au groupe scolaire La Bague de Williamsville dans la commune d\u2019Adjam\u00e9 \u00e0 Abidjan.<\/strong><\/em><\/p>\n<p>Elle a tenu \u00e0 exprimer sa profonde gratitude \u00e0 l\u2019UNICEF pour son accompagnement constant, affirmant que cette journ\u00e9e \u00ab rappelle notre responsabilit\u00e9 collective envers les enfants et le respect de leurs droits fondamentaux \u00bb.<\/p>\n<p>&nbsp;<\/p>\n<blockquote><p>un appel \u00e0 renouveler l\u2019engagement national<\/p><\/blockquote>\n<p>&nbsp;<\/p>\n<p>La ministre a soulign\u00e9 que la c\u00e9l\u00e9bration du 20 novembre \u00ab n\u2019est pas une simple comm\u00e9moration, mais un appel \u00e0 renouveler l\u2019engagement national en faveur d\u2019une soci\u00e9t\u00e9 juste, inclusive et solidaire \u00bb. Elle a rappel\u00e9 que l\u2019\u00e9ducation constitue \u00ab une priorit\u00e9 historique de l\u2019\u00c9tat ivoirien depuis l\u2019ind\u00e9pendance \u00bb, une orientation consolid\u00e9e depuis 2011 par la politique de scolarisation obligatoire de 6 \u00e0 16 ans, instaur\u00e9e par le Pr\u00e9sident Alassane Ouattara.<\/p>\n<p>&nbsp;<\/p>\n<p>Mariatou Kon\u00e9 a ensuite mis en avant plusieurs actions structurantes : construction et r\u00e9habilitation d\u2019\u00e9coles, distribution gratuite de kits et manuels, formation continue des enseignants, r\u00e9forme des curricula\u00a0 notamment en sciences\u00a0 ainsi que la mise en place de dispositifs d\u2019\u00e9ducation alternative pour les jeunes non scolaris\u00e9s. Elle a indiqu\u00e9 que pr\u00e8s de 9 millions d\u2019enfants, y compris en situation de handicap, sont d\u00e9sormais accueillis dans le syst\u00e8me \u00e9ducatif ivoirien.<\/p>\n<p>&nbsp;<\/p>\n<h2><strong>Des avanc\u00e9es salu\u00e9es par les partenaires<\/strong><\/h2>\n<p>&nbsp;<\/p>\n<p>Le repr\u00e9sentant de l\u2019UNICEF, Jean Fran\u00e7ois Bass, a pour sa part salu\u00e9 \u00ab les progr\u00e8s significatifs \u00bb accomplis par la C\u00f4te d\u2019Ivoire. Il a rappel\u00e9 avec insistance que \u00ab chaque enfant poss\u00e8de des droits inali\u00e9nables : aller \u00e0 l\u2019\u00e9cole, \u00eatre prot\u00e9g\u00e9, jouer, s\u2019exprimer, r\u00eaver \u00bb.<\/p>\n<p>Selon lui, la Journ\u00e9e mondiale de l\u2019Enfance \u00ab renforce l\u2019engagement partag\u00e9 envers la Convention relative aux droits de l\u2019enfant \u00bb.<\/p>\n<blockquote><p>partenariat solide<\/p><\/blockquote>\n<p>&nbsp;<\/p>\n<p>Jean Fran\u00e7ois Bass a \u00e9galement mis en lumi\u00e8re plusieurs r\u00e9sultats majeurs : un taux d\u2019ach\u00e8vement du secondaire inf\u00e9rieur de 72 % ; des innovations \u00e9ducatives telles que la plateforme Mon\u00c9cole \u00e0 la Maison, cumulant plus de 28 millions de visites, et les tablettes solaires DigiDocs destin\u00e9es aux zones recul\u00e9es ; des avanc\u00e9es notables en sant\u00e9 et nutrition, notamment une couverture vaccinale VTC3 de 95 %, l\u2019introduction du vaccin antipaludique, le renforcement de la prise en charge de la malnutrition et l\u2019extension des unit\u00e9s de soins m\u00e8re-enfant.<\/p>\n<p>Pour le repr\u00e9sentant de l\u2019UNICEF, ces progr\u00e8s t\u00e9moignent \u00ab du partenariat solide unissant le gouvernement ivoirien et l\u2019UNICEF \u00bb, ainsi que du leadership affirm\u00e9 du minist\u00e8re de l\u2019\u00c9ducation nationale.<\/p>\n<p>&nbsp;<\/p>\n<h3><strong>Un message d\u2019espoir et d\u2019inspiration<\/strong><\/h3>\n<p>&nbsp;<\/p>\n<p>Intervenant \u00e0 son tour, Mireille Ahour\u00e9\u00a0 a livr\u00e9 un message empreint d\u2019\u00e9motion. Elle a affirm\u00e9 que cette journ\u00e9e \u00ab existe pour rappeler que chaque enfant a une voix, un r\u00eave, une histoire \u00bb. Revenant sur sa propre exp\u00e9rience, elle a encourag\u00e9 les enfants \u00e0 croire en leurs capacit\u00e9s :<\/p>\n<p>\u00ab Vous avez le droit d\u2019aller \u00e0 l\u2019\u00e9cole, d\u2019\u00eatre en s\u00e9curit\u00e9, de jouer, de vous exprimer, et surtout de croire en vos r\u00eaves. Nous, les adultes, avons la responsabilit\u00e9 de cr\u00e9er un environnement o\u00f9 vous pouvez vous \u00e9panouir. \u00bb<\/p>\n<p>&nbsp;<\/p>\n<h4><strong>Pour une C\u00f4te d\u2019Ivoire \u201camie des enfants\u201d<\/strong><\/h4>\n<p>&nbsp;<\/p>\n<p>La ministre Mariatou Kon\u00e9 a appel\u00e9 avec vigueur \u00e0 une mobilisation collective. Elle a invit\u00e9 parents, enseignants, collectivit\u00e9s territoriales, ONG et leaders communautaires \u00e0 \u00ab renforcer l\u2019effort national pour offrir un environnement protecteur \u00e0 chaque enfant \u00bb.<\/p>\n<p>La ministre a enfin r\u00e9affirm\u00e9<a href=\"https:\/\/www.aip.ci\/281189\/aip-protection-et-promotion-des-droits-des-enfants-la-cote-divoire-et-lunicef-entre-progres-notables-et-defis-persistants-a-surmonter-feature\/\" target=\"_blank\" rel=\"noopener\"> l\u2019engagement du gouvernement<\/a> \u00e0 poursuivre les actions en faveur d\u2019une C\u00f4te d\u2019Ivoire \u00ab v\u00e9ritablement amie des enfants \u00bb, un pays o\u00f9 chaque enfant peut r\u00eaver, apprendre, jouer et grandir en toute s\u00e9curit\u00e9.<\/p>\n<p>&nbsp;<\/p>\n<p><strong>Olivier Dion avec G\u00e9rard Batoua<\/strong><\/p>\n<p>&nbsp;<\/p>\n<p>&nbsp;<\/p>\n","protected":false},"excerpt":{"rendered":"<p>\u00c0 l\u2019occasion de la Journ\u00e9e mondiale de l\u2019Enfance, c\u00e9l\u00e9br\u00e9e le mercredi 19 novembre 2025, la ministre de l\u2019\u00c9ducation nationale et de l\u2019Alphab\u00e9tisation, Mariatou Kon\u00e9, s\u2019est adress\u00e9e\u00a0 aux enfants, aux partenaires \u00e9ducatifs et aux repr\u00e9sentants institutionnels r\u00e9unis au groupe scolaire La Bague de Williamsville dans la commune d\u2019Adjam\u00e9 \u00e0 Abidjan. Elle a tenu \u00e0 exprimer sa [&hellip;]<\/p>\n","protected":false},"author":4,"featured_media":41164,"comment_status":"closed","ping_status":"closed","sticky":false,"template":"","format":"standard","meta":{"_monsterinsights_skip_tracking":false,"_monsterinsights_sitenote_active":false,"_monsterinsights_sitenote_note":"","_monsterinsights_sitenote_category":0,"footnotes":""},"categories":[2,3],"tags":[6456,2771,5380],"class_list":["post-41163","post","type-post","status-publish","format-standard","has-post-thumbnail","hentry","category-featured","category-societe","tag-droits-des-enfants","tag-journee-mondiale-de-lenfance","tag-la-cote-divoire"],"_links":{"self":[{"href":"https:\/\/www.lintelligentdabidjan.info\/news\/wp-json\/wp\/v2\/posts\/41163","targetHints":{"allow":["GET"]}}],"collection":[{"href":"https:\/\/www.lintelligentdabidjan.info\/news\/wp-json\/wp\/v2\/posts"}],"about":[{"href":"https:\/\/www.lintelligentdabidjan.info\/news\/wp-json\/wp\/v2\/types\/post"}],"author":[{"embeddable":true,"href":"https:\/\/www.lintelligentdabidjan.info\/news\/wp-json\/wp\/v2\/users\/4"}],"replies":[{"embeddable":true,"href":"https:\/\/www.lintelligentdabidjan.info\/news\/wp-json\/wp\/v2\/comments?post=41163"}],"version-history":[{"count":1,"href":"https:\/\/www.lintelligentdabidjan.info\/news\/wp-json\/wp\/v2\/posts\/41163\/revisions"}],"predecessor-version":[{"id":41165,"href":"https:\/\/www.lintelligentdabidjan.info\/news\/wp-json\/wp\/v2\/posts\/41163\/revisions\/41165"}],"wp:featuredmedia":[{"embeddable":true,"href":"https:\/\/www.lintelligentdabidjan.info\/news\/wp-json\/wp\/v2\/media\/41164"}],"wp:attachment":[{"href":"https:\/\/www.lintelligentdabidjan.info\/news\/wp-json\/wp\/v2\/media?parent=41163"}],"wp:term":[{"taxonomy":"category","embeddable":true,"href":"https:\/\/www.lintelligentdabidjan.info\/news\/wp-json\/wp\/v2\/categories?post=41163"},{"taxonomy":"post_tag","embeddable":true,"href":"https:\/\/www.lintelligentdabidjan.info\/news\/wp-json\/wp\/v2\/tags?post=41163"}],"curies":[{"name":"wp","href":"https:\/\/api.w.org\/{rel}","templated":true}]}}