{"id":41172,"date":"2025-11-21T12:47:56","date_gmt":"2025-11-21T11:47:56","guid":{"rendered":"https:\/\/www.lintelligentdabidjan.info\/news\/?p=41172"},"modified":"2025-11-21T12:50:42","modified_gmt":"2025-11-21T11:50:42","slug":"assemblee-nationale-la-caef-adopte-les-budgets-2026-de-lemploi-et-de-la-protection-sociale","status":"publish","type":"post","link":"https:\/\/www.lintelligentdabidjan.info\/news\/assemblee-nationale-la-caef-adopte-les-budgets-2026-de-lemploi-et-de-la-protection-sociale\/","title":{"rendered":"Assembl\u00e9e Nationale : la Caef adopte les budgets 2026 de l\u2019Emploi et de la Protection Sociale"},"content":{"rendered":"<p><em><strong>La Commission des affaires \u00e9conomiques et financi\u00e8res (Caef) de l\u2019Assembl\u00e9e nationale a adopt\u00e9, le Jeudi 20 Novembre 2025 , \u00e0 Abidjan, le budget-programmes 2026 du minist\u00e8re de l\u2019emploi et de la protection Sociale (Meps). La pr\u00e9sentation a \u00e9t\u00e9 assur\u00e9e par le Ministre de l\u2019Emploi et de la Protection Sociale Me Adama Kamara.<\/strong><\/em><\/p>\n<p>&nbsp;<\/p>\n<p>Le budget du minist\u00e8re de l\u2019emploi et de la protection Sociale, arr\u00eat\u00e9 \u00e0 91,4 milliards de francs CFA, s\u2019articule autour des priorit\u00e9s majeures d\u00e9finies par le gouvernement. Il vise la promotion de l\u2019acc\u00e8s \u00e0 un emploi d\u00e9cent, l\u2019am\u00e9lioration continue des conditions de travail et le renforcement de la protection sociale en faveur des populations vuln\u00e9rables. Cette enveloppe permettra notamment de soutenir les projets relatifs \u00e0 la couverture maladie universelle, \u00e0 la Sosteci et au programme d\u2019Investissements publics et sociaux. Auparavant , les performances r\u00e9alis\u00e9es en 2024 ont \u00e9t\u00e9 salu\u00e9es par les d\u00e9put\u00e9s membres de la commission. L\u2019exercice pr\u00e9c\u00e9dent, dot\u00e9 d\u2019un budget de 64,768 milliards de francs CFA, a enregistr\u00e9 un taux d\u2019ex\u00e9cution de 99,72 %. Cette gestion rigoureuse a permis l\u2019insertion professionnelle de personnes vuln\u00e9rables, le traitement efficace des conflits en milieu de travail, le renforcement de la lutte contre le travail des enfants ainsi que l\u2019enr\u00f4lement massif de travailleurs ind\u00e9pendants au r\u00e9gime social des travailleurs Ind\u00e9pendants et de millions de b\u00e9n\u00e9ficiaires \u00e0 la couverture maladie universelle. Il est bien de noter que la mise en \u0153uvre du budget 2026 accompagnera \u00e9galement le plan national de d\u00e9veloppement 2026-2030, avec pour objectif d\u2019atteindre 30 millions d\u2019enr\u00f4l\u00e9s \u00e0 la Cmu, de renforcer davantage les filets sociaux, de cr\u00e9er des emplois d\u00e9cents et d\u2019am\u00e9liorer les m\u00e9canismes de contr\u00f4le du travail.<\/p>\n<p>&nbsp;<\/p>\n<p><strong>Moustapha Ismaila<\/strong><\/p>\n","protected":false},"excerpt":{"rendered":"<p>La Commission des affaires \u00e9conomiques et financi\u00e8res (Caef) de l\u2019Assembl\u00e9e nationale a adopt\u00e9, le Jeudi 20 Novembre 2025 , \u00e0 Abidjan, le budget-programmes 2026 du minist\u00e8re de l\u2019emploi et de la protection Sociale (Meps). La pr\u00e9sentation a \u00e9t\u00e9 assur\u00e9e par le Ministre de l\u2019Emploi et de la Protection Sociale Me Adama Kamara. &nbsp; Le budget [&hellip;]<\/p>\n","protected":false},"author":4,"featured_media":41173,"comment_status":"closed","ping_status":"closed","sticky":false,"template":"","format":"standard","meta":{"_monsterinsights_skip_tracking":false,"_monsterinsights_sitenote_active":false,"_monsterinsights_sitenote_note":"","_monsterinsights_sitenote_category":0,"footnotes":""},"categories":[2,17,3],"tags":[2728,76,6460,6458,6459],"class_list":["post-41172","post","type-post","status-publish","format-standard","has-post-thumbnail","hentry","category-featured","category-politique","category-societe","tag-adopte","tag-assemblee-nationale","tag-lemploi-et-de-la-protection-sociale","tag-la-caef","tag-les-budgets-2026"],"_links":{"self":[{"href":"https:\/\/www.lintelligentdabidjan.info\/news\/wp-json\/wp\/v2\/posts\/41172","targetHints":{"allow":["GET"]}}],"collection":[{"href":"https:\/\/www.lintelligentdabidjan.info\/news\/wp-json\/wp\/v2\/posts"}],"about":[{"href":"https:\/\/www.lintelligentdabidjan.info\/news\/wp-json\/wp\/v2\/types\/post"}],"author":[{"embeddable":true,"href":"https:\/\/www.lintelligentdabidjan.info\/news\/wp-json\/wp\/v2\/users\/4"}],"replies":[{"embeddable":true,"href":"https:\/\/www.lintelligentdabidjan.info\/news\/wp-json\/wp\/v2\/comments?post=41172"}],"version-history":[{"count":1,"href":"https:\/\/www.lintelligentdabidjan.info\/news\/wp-json\/wp\/v2\/posts\/41172\/revisions"}],"predecessor-version":[{"id":41174,"href":"https:\/\/www.lintelligentdabidjan.info\/news\/wp-json\/wp\/v2\/posts\/41172\/revisions\/41174"}],"wp:featuredmedia":[{"embeddable":true,"href":"https:\/\/www.lintelligentdabidjan.info\/news\/wp-json\/wp\/v2\/media\/41173"}],"wp:attachment":[{"href":"https:\/\/www.lintelligentdabidjan.info\/news\/wp-json\/wp\/v2\/media?parent=41172"}],"wp:term":[{"taxonomy":"category","embeddable":true,"href":"https:\/\/www.lintelligentdabidjan.info\/news\/wp-json\/wp\/v2\/categories?post=41172"},{"taxonomy":"post_tag","embeddable":true,"href":"https:\/\/www.lintelligentdabidjan.info\/news\/wp-json\/wp\/v2\/tags?post=41172"}],"curies":[{"name":"wp","href":"https:\/\/api.w.org\/{rel}","templated":true}]}}