{"id":41182,"date":"2025-11-24T06:12:40","date_gmt":"2025-11-24T05:12:40","guid":{"rendered":"https:\/\/www.lintelligentdabidjan.info\/news\/?p=41182"},"modified":"2025-11-24T06:12:45","modified_gmt":"2025-11-24T05:12:45","slug":"lintelligent-en-pdf-edan-2025-en-cote-divoire-les-femmes-encore-totalement-sous-representees-parmi-les-candidats","status":"publish","type":"post","link":"https:\/\/www.lintelligentdabidjan.info\/news\/lintelligent-en-pdf-edan-2025-en-cote-divoire-les-femmes-encore-totalement-sous-representees-parmi-les-candidats\/","title":{"rendered":"L&#8217;Intelligent en PDF:  \u00a0  EDAN 2025 en C\u00f4te d&#8217;Ivoire  Les femmes encore totalement sous-repr\u00e9sent\u00e9es\u00a0\u00a0parmi les candidats"},"content":{"rendered":"<p class=\"yiv4540050120ydpd3108f0eMsoNormal\"><strong><span lang=\"fr\">La C\u00f4te d\u2019Ivoire se pr\u00e9pare \u00e0 \u00e9lire 255 d\u00e9put\u00e9s \u00e0 l\u2019Assembl\u00e9e nationale le 27 d\u00e9cembre 2025. Les chiffres des candidatures montrent que les hommes continuent de se tailler la part du lion. En effet, les donn\u00e9es disponibles r\u00e9v\u00e8lent un foss\u00e9 toujours important entre la place des femmes dans la soci\u00e9t\u00e9 ivoirienne, sur la liste \u00e9lectorale, et leur pr\u00e9sence parmi les candidats.\u00a0<\/span><\/strong><\/p>\n<p class=\"yiv4540050120ydpd3108f0eMsoNormal\"><span lang=\"fr\">\u00a0<\/span><span lang=\"fr\">\u00a0La suite \u00e0 d\u00e9couvrir dans vos kiosques et en ligne sur&#8230;<\/span><\/p>\n<p><a href=\"https:\/\/news.abidjan.net\/titrologie\/39-lintelligent-dabidjan\/articles\" target=\"_blank\" rel=\"noopener\">https:\/\/news.abidjan.net\/titrologie\/39-lintelligent-dabidjan\/articles<\/a><\/p>\n<p class=\"yiv4540050120ydpd3108f0eMsoNormal\"><span lang=\"fr\">\u00c0 lire aussi une participation gagnante pour <\/span><span lang=\"fr\">la C\u00f4te d&#8217;Ivoire \u00e0 l&#8217;AG de l\u2019IDC-CDI au Br\u00e9sil, La CAEF de l&#8217;Assembl\u00e9e nationale adopte \u00e0 l\u2019unanimit\u00e9 le budget de l\u2019\u00c9tat et l\u2019annexe fiscale 2026, Ibrahim Tour\u00e9 fait des r\u00e9v\u00e9lations depuis Montr\u00e9al sur la Diaspora et vision Ouattara, L&#8217;Ombre et la Proie,\u00a0\u00a0Mohamed Ouattara fait entendre sa voix \u00e0 Paris <\/span><span lang=\"fr\">au\u00a0\u00a0\u00a0SIIMMOAF2025, A\u00efcha Kon\u00e9, Antoinette Konan et Thierry Coffie parlent d&#8217;Olivia Yac\u00e9 Miss Univers Afrique Oc\u00e9anie.<\/span><\/p>\n<p class=\"yiv4540050120ydpd3108f0eMsoNormal\"><span lang=\"fr\">\u00a0<\/span><span lang=\"fr\">Cliquez pour les d\u00e9tails<\/span><\/p>\n<p><a href=\"https:\/\/www.afrikipresse.fr\/abonnement\" target=\"_blank\" rel=\"noopener\">https:\/\/www.afrikipresse.fr\/abonnement<\/a><\/p>\n<p class=\"yiv4540050120ydpd3108f0eMsoNormal\"><span lang=\"fr\">\u00a0<\/span><span lang=\"fr\">\u00c0 voir \u00e9galement ce que Diarrassouba , Thiam , Zehouri, Amed\u00e9, Konat\u00e9 et Metch ont fait sur le terrain ce week-end et Bruno Kon\u00e9 inaugure \u00e0 Bless\u00e9gu\u00e9 en marge du Conseil r\u00e9gional de la Bagou\u00e9.<\/span><\/p>\n<p><a href=\"https:\/\/www.pressecotedivoire.fr\/titrologie\" target=\"_blank\" rel=\"noopener\">https:\/\/www.pressecotedivoire.fr\/titrologie<\/a><\/p>\n","protected":false},"excerpt":{"rendered":"<p>La C\u00f4te d\u2019Ivoire se pr\u00e9pare \u00e0 \u00e9lire 255 d\u00e9put\u00e9s \u00e0 l\u2019Assembl\u00e9e nationale le 27 d\u00e9cembre 2025. Les chiffres des candidatures montrent que les hommes continuent de se tailler la part du lion. En effet, les donn\u00e9es disponibles r\u00e9v\u00e8lent un foss\u00e9 toujours important entre la place des femmes dans la soci\u00e9t\u00e9 ivoirienne, sur la liste \u00e9lectorale, [&hellip;]<\/p>\n","protected":false},"author":4,"featured_media":41183,"comment_status":"closed","ping_status":"closed","sticky":false,"template":"","format":"standard","meta":{"_monsterinsights_skip_tracking":false,"_monsterinsights_sitenote_active":false,"_monsterinsights_sitenote_note":"","_monsterinsights_sitenote_category":0,"footnotes":""},"categories":[2,3],"tags":[],"class_list":["post-41182","post","type-post","status-publish","format-standard","has-post-thumbnail","hentry","category-featured","category-societe"],"_links":{"self":[{"href":"https:\/\/www.lintelligentdabidjan.info\/news\/wp-json\/wp\/v2\/posts\/41182","targetHints":{"allow":["GET"]}}],"collection":[{"href":"https:\/\/www.lintelligentdabidjan.info\/news\/wp-json\/wp\/v2\/posts"}],"about":[{"href":"https:\/\/www.lintelligentdabidjan.info\/news\/wp-json\/wp\/v2\/types\/post"}],"author":[{"embeddable":true,"href":"https:\/\/www.lintelligentdabidjan.info\/news\/wp-json\/wp\/v2\/users\/4"}],"replies":[{"embeddable":true,"href":"https:\/\/www.lintelligentdabidjan.info\/news\/wp-json\/wp\/v2\/comments?post=41182"}],"version-history":[{"count":1,"href":"https:\/\/www.lintelligentdabidjan.info\/news\/wp-json\/wp\/v2\/posts\/41182\/revisions"}],"predecessor-version":[{"id":41184,"href":"https:\/\/www.lintelligentdabidjan.info\/news\/wp-json\/wp\/v2\/posts\/41182\/revisions\/41184"}],"wp:featuredmedia":[{"embeddable":true,"href":"https:\/\/www.lintelligentdabidjan.info\/news\/wp-json\/wp\/v2\/media\/41183"}],"wp:attachment":[{"href":"https:\/\/www.lintelligentdabidjan.info\/news\/wp-json\/wp\/v2\/media?parent=41182"}],"wp:term":[{"taxonomy":"category","embeddable":true,"href":"https:\/\/www.lintelligentdabidjan.info\/news\/wp-json\/wp\/v2\/categories?post=41182"},{"taxonomy":"post_tag","embeddable":true,"href":"https:\/\/www.lintelligentdabidjan.info\/news\/wp-json\/wp\/v2\/tags?post=41182"}],"curies":[{"name":"wp","href":"https:\/\/api.w.org\/{rel}","templated":true}]}}