{"id":41204,"date":"2025-11-26T02:18:41","date_gmt":"2025-11-26T01:18:41","guid":{"rendered":"https:\/\/www.lintelligentdabidjan.info\/news\/?p=41204"},"modified":"2025-11-26T11:22:33","modified_gmt":"2025-11-26T10:22:33","slug":"lancement-de-la-35e-edition-des-16-jours-dactivisme-contre-les-violences-faites-aux-femmes-et-aux-filles-le-plaidoyer-de-francoise-remarck","status":"publish","type":"post","link":"https:\/\/www.lintelligentdabidjan.info\/news\/lancement-de-la-35e-edition-des-16-jours-dactivisme-contre-les-violences-faites-aux-femmes-et-aux-filles-le-plaidoyer-de-francoise-remarck\/","title":{"rendered":"Lancement de la 35\u00e8 \u00e9dition des 16 jours d&#8217;activisme contre les violences faites aux femmes et aux filles  :     Le plaidoyer de Fran\u00e7oise Remarck"},"content":{"rendered":"<p class=\"s5\"><em><strong>Fran\u00e7oise Remarck a fait un plaidoyer lors du lancement de la 35\u1d49 \u00e9dition des 16 jours d\u2019activisme contre les violences faites aux femmes et aux filles.<\/strong><\/em><\/p>\n<p class=\"s5\"><em><strong><br \/>\n<\/strong><\/em>La 35\u00e8 \u00e9dition de la campagne des 16 jours d&#8217;activisme contre les violences faites aux femmes et aux filles a \u00e9t\u00e9 officiellement lanc\u00e9e le mardi 25 novembre 2025 \u00e0 l\u2019Agora d&#8217;Abidjan-Koumassi.<\/p>\n<p class=\"s5\"><span class=\"s4\"><span class=\"bumpedFont17\">Repr\u00e9sentant la ministre de la Femme, de la Famille et de l\u2019Enfant, Fran\u00e7oise Remarck, a soulign\u00e9 que le lancement de la campagne des 16 jours d&#8217;activisme contre les violences faites aux femmes et aux filles n\u2019est pas un simple rendez-vous symbolique, mais pour graver dans la conscience nationale une v\u00e9rit\u00e9 incontournable : la violence faite aux femmes et aux filles est la violation des droits humains la plus honteuse et la plus tol\u00e9r\u00e9e de notre temps. Pr\u00e9vue du 25 novembre au 10 d\u00e9cembre 2025, cette \u00e9dition se tient autour du th\u00e8me : \u00abTous unis contre les\u00a0 violences num\u00e9riques et les f\u00e9minicides : pr\u00e9venir, prot\u00e9ger, d\u00e9noncer\u00bb. Elle a affirm\u00e9 que ce th\u00e8me doit agir comme une feuille de route, engageant tous les acteurs \u00e0 ne rien laisser passer.\u00a0 Elle a pr\u00e9cis\u00e9 que le combat contre cette violence se d\u00e9roule sur deux fronts : celui de l\u2019espace num\u00e9rique et celui des f\u00e9minicides. Concernant le premier, elle a d\u00e9nonc\u00e9 les cyberviolences, y compris le cyberharc\u00e8lement et la diffusion non consentie d&#8217;images intimes, qui \u00e9touffent la voix des femmes et les chassent de l&#8217;espace public. \u00ab Toutes ces formes de violence brisent des vies. Elles ne d\u00e9truisent pas\u00a0 seulement des r\u00e9putations :\u00a0 Elles \u00e9touffent la voix des femmes, elles les chassent de l\u2019espace public, elles les privent de leur droit fondamental \u00e0 s\u2019exprimer, \u00e0 travailler,\u00a0 \u00e0 s\u2019\u00e9panouir. On estime aujourd\u2019hui que pr\u00e8s de 90 % des contenus illicites en ligne\u00a0 ciblent les femmes. C\u2019est une v\u00e9ritable pand\u00e9mie de misogynie 2.0. Face \u00e0 cela, nous disons ensemble, d\u2019une seule voix : \u00c7a suffit\u00bb, a-t-elle lanc\u00e9.\u00a0<\/span><\/span><\/p>\n<p class=\"s5\"><span class=\"s4\"><span class=\"bumpedFont17\">Sur le second front, Fran\u00e7oise Remarck a \u00e9voqu\u00e9 les f\u00e9minicides, d\u00e9clarant que chaque femme tu\u00e9e \u00e0 cause de son genre est un \u00e9chec de la vigilance sociale. Par ailleurs, elle a\u00a0 exhort\u00e9 les jeunes \u00e0 utiliser leurs plateformes num\u00e9riques pour promouvoir le respect et l\u2019\u00e9galit\u00e9. Aussi a-t-elle appel\u00e9 les hommes \u00e0 devenir des alli\u00e9s vigilants.\u00a0 Au nom de la coordinatrice r\u00e9sidente du syst\u00e8me\u00a0 des Nations Unies, Jean-Fran\u00e7ois Basse, repr\u00e9sentant r\u00e9sident de l\u2019Unicef en C\u00f4te d\u2019Ivoire, a indiqu\u00e9 que les violences num\u00e9riques contre les femmes et les filles connaissent une progression alarmante. \u00ab Les f\u00e9minicides demeurent \u00e9galement une r\u00e9alit\u00e9 tragique. Selon un rapport\u00a0 des Nations Unies publi\u00e9 en 2023, 51 100 femmes et filles ont \u00e9t\u00e9 tu\u00e9es intentionnellement, souvent par un partenaire intime ou un membre de la famille soit une femme ou une fille toutes les 10 minutes. Ces violences doivent \u00eatre reconnues, sanctionn\u00e9es et, surtout, pr\u00e9venues. Ces violences compromettent des efforts essentiels: l&#8217;\u00e9galit\u00e9 entre les sexes, la r\u00e9duction des in\u00e9galit\u00e9s, le maintien de communaut\u00e9s pacifiques, la justice sociale, et la construction d&#8217;institutions efficaces capables de prot\u00e9ger chaque citoyenne \u00bb, a-t-il pr\u00e9cis\u00e9, tout en f\u00e9licitant le leadership du Gouvernement de C\u00f4te d&#8217;Ivoire pour ses efforts tangibles visant le renforcement du cadre juridique et op\u00e9rationnel en mati\u00e8re de lutte contre les violences bas\u00e9es sur le genre.<\/span><\/span><\/p>\n<p class=\"s5\"><strong><span class=\"s4\"><span class=\"bumpedFont17\">Olivier Dion avec A. Traor\u00e9<\/span><\/span><\/strong><\/p>\n<p>&nbsp;<\/p>\n","protected":false},"excerpt":{"rendered":"<p>Fran\u00e7oise Remarck a fait un plaidoyer lors du lancement de la 35\u1d49 \u00e9dition des 16 jours d\u2019activisme contre les violences faites aux femmes et aux filles. La 35\u00e8 \u00e9dition de la campagne des 16 jours d&#8217;activisme contre les violences faites aux femmes et aux filles a \u00e9t\u00e9 officiellement lanc\u00e9e le mardi 25 novembre 2025 \u00e0 [&hellip;]<\/p>\n","protected":false},"author":4,"featured_media":41215,"comment_status":"closed","ping_status":"closed","sticky":false,"template":"","format":"standard","meta":{"_monsterinsights_skip_tracking":false,"_monsterinsights_sitenote_active":false,"_monsterinsights_sitenote_note":"","_monsterinsights_sitenote_category":0,"footnotes":""},"categories":[2,3],"tags":[548,2373,1579,6485,6486,545],"class_list":["post-41204","post","type-post","status-publish","format-standard","has-post-thumbnail","hentry","category-featured","category-societe","tag-femmes","tag-filles","tag-francoise-remarck","tag-lancement-de-la-35e-edition","tag-le-plaidoyer","tag-violences"],"_links":{"self":[{"href":"https:\/\/www.lintelligentdabidjan.info\/news\/wp-json\/wp\/v2\/posts\/41204","targetHints":{"allow":["GET"]}}],"collection":[{"href":"https:\/\/www.lintelligentdabidjan.info\/news\/wp-json\/wp\/v2\/posts"}],"about":[{"href":"https:\/\/www.lintelligentdabidjan.info\/news\/wp-json\/wp\/v2\/types\/post"}],"author":[{"embeddable":true,"href":"https:\/\/www.lintelligentdabidjan.info\/news\/wp-json\/wp\/v2\/users\/4"}],"replies":[{"embeddable":true,"href":"https:\/\/www.lintelligentdabidjan.info\/news\/wp-json\/wp\/v2\/comments?post=41204"}],"version-history":[{"count":2,"href":"https:\/\/www.lintelligentdabidjan.info\/news\/wp-json\/wp\/v2\/posts\/41204\/revisions"}],"predecessor-version":[{"id":41207,"href":"https:\/\/www.lintelligentdabidjan.info\/news\/wp-json\/wp\/v2\/posts\/41204\/revisions\/41207"}],"wp:featuredmedia":[{"embeddable":true,"href":"https:\/\/www.lintelligentdabidjan.info\/news\/wp-json\/wp\/v2\/media\/41215"}],"wp:attachment":[{"href":"https:\/\/www.lintelligentdabidjan.info\/news\/wp-json\/wp\/v2\/media?parent=41204"}],"wp:term":[{"taxonomy":"category","embeddable":true,"href":"https:\/\/www.lintelligentdabidjan.info\/news\/wp-json\/wp\/v2\/categories?post=41204"},{"taxonomy":"post_tag","embeddable":true,"href":"https:\/\/www.lintelligentdabidjan.info\/news\/wp-json\/wp\/v2\/tags?post=41204"}],"curies":[{"name":"wp","href":"https:\/\/api.w.org\/{rel}","templated":true}]}}