{"id":41217,"date":"2025-11-27T05:48:42","date_gmt":"2025-11-27T04:48:42","guid":{"rendered":"https:\/\/www.lintelligentdabidjan.info\/news\/?p=41217"},"modified":"2025-11-27T06:21:14","modified_gmt":"2025-11-27T05:21:14","slug":"45%e1%b5%89journee-mondiale-de-lalimentation-me-adama-kamara-parle-de-la-securite-alimentaire","status":"publish","type":"post","link":"https:\/\/www.lintelligentdabidjan.info\/news\/45%e1%b5%89journee-mondiale-de-lalimentation-me-adama-kamara-parle-de-la-securite-alimentaire\/","title":{"rendered":"45\u1d49Journ\u00e9e Mondiale de l&#8217;Alimentation  :Me Adama  KAMARA\u00a0\u00a0parle de la s\u00e9curit\u00e9 alimentaire"},"content":{"rendered":"<p><em><strong>Me Adama Kamara met l\u2019accent sur la s\u00e9curit\u00e9 alimentaire lors de la c\u00e9l\u00e9bration de la 45\u1d49 Journ\u00e9e mondiale de l\u2019Alimentation.<\/strong><\/em><\/p>\n<p>Le mercredi 26 novembre 2025, \u00e0 l\u2019occasion de la Journ\u00e9e mondiale de l\u2019Alimentation c\u00e9l\u00e9br\u00e9e \u00e0 l\u2019auditorium de l\u2019immeuble CAISTAB (Plateau), le Ministre de l\u2019Emploi et de la Protection Sociale, Me Adama KAMARA, repr\u00e9sentant le Ministre d\u2019\u00c9tat, Ministre de l\u2019Agriculture, du D\u00e9veloppement rural et des Productions vivri\u00e8res, Kobenan Kouassi Adjoumani, a insist\u00e9 sur l\u2019importance de ma\u00eetriser l\u2019eau et de d\u00e9velopper la production locale de semences \u00e0 tr\u00e8s haut rendement pour garantir la s\u00e9curit\u00e9 alimentaire nationale.<\/p>\n<p>&nbsp;<\/p>\n<p>Adama Kamara\u00a0\u00a0a\u00a0\u00a0exprim\u00e9 la gratitude du Gouvernement ivoirien aux Partenaires Techniques et Financiers pour leur appui constant, notamment \u00e0 travers le lancement du projet de digitalisation de la riziculture en C\u00f4te d\u2019Ivoire. Rappelant que cette journ\u00e9e, c\u00e9l\u00e9br\u00e9e chaque 16 octobre dans le monde, vise \u00e0 sensibiliser les populations sur les enjeux de la s\u00e9curit\u00e9 alimentaire, le Repr\u00e9sentant de la FAO en C\u00f4te d\u2019Ivoire, M. Joseph Nyameh-\u00e9galement porte-parole du PAM et du FIDA &#8211; a soulign\u00e9 que cet \u00e9v\u00e9nement permet de mettre en lumi\u00e8re les d\u00e9fis du secteur agricole, de pr\u00e9senter les r\u00e9sultats obtenus, de consolider les partenariats et d\u2019appeler \u00e0 des actions concr\u00e8tes pour transformer durablement les syst\u00e8mes alimentaires.<\/p>\n<p>Il a en outre salu\u00e9 l\u2019engagement du Ministre Adama KAMARA, qui prouve son int\u00e9r\u00eat pour les femmes et les jeunes du secteur agricole.<\/p>\n<p>C\ud835\udc1e\ud835\udc2d\ud835\udc2d\ud835\udc1e \ud835\udc23\ud835\udc28\ud835\udc2e\ud835\udc2b\ud835\udc27\ud835\udc1e\u0301\ud835\udc1e \ud835\udc1a \ud835\udc1e\u0301\ud835\udc20\ud835\udc1a\ud835\udc25\ud835\udc1e\ud835\udc26\ud835\udc1e\ud835\udc27\ud835\udc2d \ud835\udc26\ud835\udc22\ud835\udc2c \ud835\udc1e\ud835\udc27 exergue \ud835\udc25\u2019\ud835\udc22\ud835\udc27\ud835\udc27\ud835\udc28\ud835\udc2f\ud835\udc1a\ud835\udc2d\ud835\udc22\ud835\udc28\ud835\udc27 \ud835\udc1a\ud835\udc20\ud835\udc2b\ud835\udc22\ud835\udc1c\ud835\udc28\ud835\udc25\ud835\udc1e, \ud835\udc1a\ud835\udc2f\ud835\udc1e\ud835\udc1c \ud835\udc25\ud835\udc1a \ud835\udc2b\ud835\udc1e\ud835\udc26\ud835\udc22\ud835\udc2c\ud835\udc1e \ud835\udc1d\ud835\udc1e \ud835\udc29\ud835\udc2b\ud835\udc22\ud835\udc31 \ud835\udc1a\u0300 \ud835\udc29\ud835\udc25\ud835\udc2e\ud835\udc2c\ud835\udc22\ud835\udc1e\ud835\udc2e\ud835\udc2b\ud835\udc2c \ud835\udc2c\ud835\udc2d\ud835\udc1a\ud835\udc2b\ud835\udc2d\ud835\udc2e\ud835\udc29\ud835\udc2c \ud835\udc1a\ud835\udc32\ud835\udc1a\ud835\udc27\ud835\udc2d \ud835\udc1d\ud835\udc1e\u0301\ud835\udc2f\ud835\udc1e\ud835\udc25\ud835\udc28\ud835\udc29\ud835\udc29\ud835\udc1e\u0301 \ud835\udc1d\ud835\udc1e\ud835\udc2c \ud835\udc2c\ud835\udc28\ud835\udc25\ud835\udc2e\ud835\udc2d\ud835\udc22\ud835\udc28\ud835\udc27\ud835\udc2c \ud835\udc27\ud835\udc28\ud835\udc2f\ud835\udc1a\ud835\udc2d\ud835\udc2b\ud835\udc22\ud835\udc1c\ud835\udc1e\ud835\udc2c \ud835\udc1f\ud835\udc1a\ud835\udc1c\ud835\udc1e \ud835\udc1a\ud835\udc2e\ud835\udc31 \ud835\udc1d\ud835\udc1e\u0301\ud835\udc1f\ud835\udc22\ud835\udc2c \ud835\udc1d\ud835\udc2e \ud835\udc2c\ud835\udc1e\ud835\udc1c\ud835\udc2d\ud835\udc1e\ud835\udc2e\ud835\udc2b.<\/p>\n<p><strong>Moustapha Ismaila\u00a0<\/strong><\/p>\n<p>&nbsp;<\/p>\n<p>&nbsp;<\/p>\n","protected":false},"excerpt":{"rendered":"<p>Me Adama Kamara met l\u2019accent sur la s\u00e9curit\u00e9 alimentaire lors de la c\u00e9l\u00e9bration de la 45\u1d49 Journ\u00e9e mondiale de l\u2019Alimentation. Le mercredi 26 novembre 2025, \u00e0 l\u2019occasion de la Journ\u00e9e mondiale de l\u2019Alimentation c\u00e9l\u00e9br\u00e9e \u00e0 l\u2019auditorium de l\u2019immeuble CAISTAB (Plateau), le Ministre de l\u2019Emploi et de la Protection Sociale, Me Adama KAMARA, repr\u00e9sentant le Ministre [&hellip;]<\/p>\n","protected":false},"author":4,"featured_media":41219,"comment_status":"closed","ping_status":"closed","sticky":false,"template":"","format":"standard","meta":{"_monsterinsights_skip_tracking":false,"_monsterinsights_sitenote_active":false,"_monsterinsights_sitenote_note":"","_monsterinsights_sitenote_category":0,"footnotes":""},"categories":[2,3],"tags":[6487,2583,6488],"class_list":["post-41217","post","type-post","status-publish","format-standard","has-post-thumbnail","hentry","category-featured","category-societe","tag-45--","tag-securite-alimentaire","tag-6488"],"_links":{"self":[{"href":"https:\/\/www.lintelligentdabidjan.info\/news\/wp-json\/wp\/v2\/posts\/41217","targetHints":{"allow":["GET"]}}],"collection":[{"href":"https:\/\/www.lintelligentdabidjan.info\/news\/wp-json\/wp\/v2\/posts"}],"about":[{"href":"https:\/\/www.lintelligentdabidjan.info\/news\/wp-json\/wp\/v2\/types\/post"}],"author":[{"embeddable":true,"href":"https:\/\/www.lintelligentdabidjan.info\/news\/wp-json\/wp\/v2\/users\/4"}],"replies":[{"embeddable":true,"href":"https:\/\/www.lintelligentdabidjan.info\/news\/wp-json\/wp\/v2\/comments?post=41217"}],"version-history":[{"count":3,"href":"https:\/\/www.lintelligentdabidjan.info\/news\/wp-json\/wp\/v2\/posts\/41217\/revisions"}],"predecessor-version":[{"id":41230,"href":"https:\/\/www.lintelligentdabidjan.info\/news\/wp-json\/wp\/v2\/posts\/41217\/revisions\/41230"}],"wp:featuredmedia":[{"embeddable":true,"href":"https:\/\/www.lintelligentdabidjan.info\/news\/wp-json\/wp\/v2\/media\/41219"}],"wp:attachment":[{"href":"https:\/\/www.lintelligentdabidjan.info\/news\/wp-json\/wp\/v2\/media?parent=41217"}],"wp:term":[{"taxonomy":"category","embeddable":true,"href":"https:\/\/www.lintelligentdabidjan.info\/news\/wp-json\/wp\/v2\/categories?post=41217"},{"taxonomy":"post_tag","embeddable":true,"href":"https:\/\/www.lintelligentdabidjan.info\/news\/wp-json\/wp\/v2\/tags?post=41217"}],"curies":[{"name":"wp","href":"https:\/\/api.w.org\/{rel}","templated":true}]}}