{"id":4123,"date":"2017-05-13T11:55:13","date_gmt":"2017-05-13T09:55:13","guid":{"rendered":"http:\/\/www.lintelligentdabidjan.info\/news\/?p=4123"},"modified":"2017-05-14T18:17:11","modified_gmt":"2017-05-14T16:17:11","slug":"direction-generale-des-douanes-le-colonel-major-da-pierre-alphonse-prend-des-engagements","status":"publish","type":"post","link":"https:\/\/www.lintelligentdabidjan.info\/news\/direction-generale-des-douanes-le-colonel-major-da-pierre-alphonse-prend-des-engagements\/","title":{"rendered":"Direction g\u00e9n\u00e9rale des Douanes : Le colonel-major Da Pierre Alphonse prend des engagements"},"content":{"rendered":"<p>Nouveau Directeur g\u00e9n\u00e9ral des Douanes, le colonel-major Da Pierre Alphonse a pris officiellement fonction le vendredi 12 mai 2017. <!--more-->A l\u2019occasion de son installation dans ses nouvelles fonctions \u00e0 la Direction g\u00e9n\u00e9rale des Douanes au Plateau par Sidi Ciss\u00e9, le Directeur de cabinet adjoint du ministre du Budget et du Portefeuille de l\u2019Etat, il a fait plusieurs promesses pour le bon fonctionnement de l\u2019administration douani\u00e8re.<br \/>\nS\u2019adressant \u00e0 l\u2019ensemble du personnel des Douanes, Da Pierre Alphonse a indiqu\u00e9 : \u00ab Je m&#8217;engage \u00e0 fournir, avec votre concours, des services de qualit\u00e9 auxquels s&#8217;attendent l\u00e9gitimement les clients de notre administration. Par-dessus tout, je veillerai \u00e0 garantir dans la mesure de nos possibilit\u00e9s de meilleures conditions de travail aux agents qui, somme toute, demeurent le levain des r\u00e9ussites que nous conna\u00eetrons. A ce titre, je voudrais rassurer l&#8217;ensemble du personnel de mon engagement \u00e0 susciter et \u00e0 accompagner les initiatives visant \u00e0 la modernisation de l&#8217;administration des Douanes et \u00e0 la performance de nos rendements aussi bien au niveau de la s\u00e9curisation des recettes, la facilitation des \u00e9changes, la lutte contre la fraude et la protection de l&#8217;\u00e9conomie ivoirienne. Pour ma part, je mettrai comme d&#8217;habitude l&#8217;homme au c\u0153ur de ma gouvernance. Oui, avec vous nous b\u00e2tirons une Douane vertueuse qui incarne des valeurs de probit\u00e9, d&#8217;honn\u00eatet\u00e9 rigoureuse, avec des agents de douane qui observent scrupuleusement les r\u00e8gles de la morale sociale et qui accomplissent leur devoir citoyen. (\u2026) Je voudrais \u00e9galement faire remarquer, aux uns et aux autres, que les acquis seront pr\u00e9serv\u00e9s et que les actions qui n&#8217;auraient pas \u00e9t\u00e9 conduites \u00e0 terme, seront poursuivies et achev\u00e9es. C&#8217;est sur cette note d&#8217;espoir et d&#8217;engagement que je vous invite donc \u00e0 redoubler d&#8217;efforts et \u00e0 faire preuve de discipline et d&#8217;abn\u00e9gation au travail.\u00bb<br \/>\nA son personnel, il a joint les partenaires sociaux de l\u2019administration douani\u00e8re pour les rassurer ensuite de sa disponibilit\u00e9 et de sa franche collaboration pour qu&#8217;ensemble, ils partagent la priorit\u00e9 du Chef de l&#8217;Etat qui est de mobiliser le maximum de ressources afin de les redistribuer aux populations et leur assurer ainsi un bien-\u00eatre.<br \/>\nDa Pierre Alphonse a, \u00e9galement, tenu \u00e0 rendre hommage \u00e0 son pr\u00e9d\u00e9cesseur, le contr\u00f4leur g\u00e9n\u00e9ral des Douanes, le g\u00e9n\u00e9ral Issa Coulibaly.<br \/>\n\u00ab Je salue la qualit\u00e9 de son travail et de son sens \u00e9lev\u00e9 de manager qui ont valu \u00e0 la Douane de demeurer le pilier de l&#8217;\u00e9conomie nationale, mais surtout d&#8217;\u00eatre une administration leader dans la sous-r\u00e9gion. Je m&#8217;att\u00e8lerai \u00e0 pr\u00e9server les acquis et \u00e0 renforcer cette image de leadership de notre administration \u00bb, a dit le nouveau Directeur g\u00e9n\u00e9ral des Douanes.<br \/>\nA sa suite, Sidi Ciss\u00e9, le Directeur de cabinet adjoint du ministre du Budget et du Portefeuille de l\u2019Etat, a d\u00e9voil\u00e9 les d\u00e9fis que doit relever Da Pierre Alphonse : \u00ab Revenant aux attentes du gouvernement, Monsieur le Directeur g\u00e9n\u00e9ral, votre feuille de route sera de moderniser la Douane, de faire casser les r\u00e9seaux de trafics illicites de marchandises, de lutter contre les trafics de drogues, les trafics d&#8217;armes, les actes terroristes, de trouver des solutions pour que la s\u00e9curisation des recettes soit assur\u00e9e durablement. Certes, la t\u00e2che para\u00eet rude car je sais que tout ne se fera pas en un tour de main, d&#8217;un coup de baguette magique. Cependant, l&#8217;urgence que le gouvernement r\u00e9clame n&#8217;est pas celle des illusions, c&#8217;est avant tout celle de l&#8217;impulsion, de la mobilisation et de l&#8217;action \u00e0 venir. \u00bb<br \/>\nAlex A<\/p>\n<div class=\"fb-comments\" data-width=\"728\" data-numposts=\"50\"><\/div>\n","protected":false},"excerpt":{"rendered":"<p>Nouveau Directeur g\u00e9n\u00e9ral des Douanes, le colonel-major Da Pierre Alphonse a pris officiellement fonction le vendredi 12 mai 2017.<\/p>\n","protected":false},"author":2,"featured_media":4124,"comment_status":"closed","ping_status":"closed","sticky":false,"template":"","format":"standard","meta":{"footnotes":""},"categories":[18],"tags":[],"class_list":["post-4123","post","type-post","status-publish","format-standard","has-post-thumbnail","hentry","category-economie"],"_links":{"self":[{"href":"https:\/\/www.lintelligentdabidjan.info\/news\/wp-json\/wp\/v2\/posts\/4123","targetHints":{"allow":["GET"]}}],"collection":[{"href":"https:\/\/www.lintelligentdabidjan.info\/news\/wp-json\/wp\/v2\/posts"}],"about":[{"href":"https:\/\/www.lintelligentdabidjan.info\/news\/wp-json\/wp\/v2\/types\/post"}],"author":[{"embeddable":true,"href":"https:\/\/www.lintelligentdabidjan.info\/news\/wp-json\/wp\/v2\/users\/2"}],"replies":[{"embeddable":true,"href":"https:\/\/www.lintelligentdabidjan.info\/news\/wp-json\/wp\/v2\/comments?post=4123"}],"version-history":[{"count":2,"href":"https:\/\/www.lintelligentdabidjan.info\/news\/wp-json\/wp\/v2\/posts\/4123\/revisions"}],"predecessor-version":[{"id":4142,"href":"https:\/\/www.lintelligentdabidjan.info\/news\/wp-json\/wp\/v2\/posts\/4123\/revisions\/4142"}],"wp:featuredmedia":[{"embeddable":true,"href":"https:\/\/www.lintelligentdabidjan.info\/news\/wp-json\/wp\/v2\/media\/4124"}],"wp:attachment":[{"href":"https:\/\/www.lintelligentdabidjan.info\/news\/wp-json\/wp\/v2\/media?parent=4123"}],"wp:term":[{"taxonomy":"category","embeddable":true,"href":"https:\/\/www.lintelligentdabidjan.info\/news\/wp-json\/wp\/v2\/categories?post=4123"},{"taxonomy":"post_tag","embeddable":true,"href":"https:\/\/www.lintelligentdabidjan.info\/news\/wp-json\/wp\/v2\/tags?post=4123"}],"curies":[{"name":"wp","href":"https:\/\/api.w.org\/{rel}","templated":true}]}}