{"id":41236,"date":"2025-11-28T06:46:43","date_gmt":"2025-11-28T05:46:43","guid":{"rendered":"https:\/\/www.lintelligentdabidjan.info\/news\/?p=41236"},"modified":"2025-11-28T06:46:50","modified_gmt":"2025-11-28T05:46:50","slug":"ecole-des-talents-remise-de-diplomes-de-formation-a-203-apprentis","status":"publish","type":"post","link":"https:\/\/www.lintelligentdabidjan.info\/news\/ecole-des-talents-remise-de-diplomes-de-formation-a-203-apprentis\/","title":{"rendered":"\u00c9cole des Talents:  Remise de dipl\u00f4mes de formation \u00e0 203 apprentis\u00a0\u00a0"},"content":{"rendered":"<p><em><strong>Le ministre Koffi N\u2019Guessan, \u00e0 l\u2019occasion d\u2019une c\u00e9r\u00e9monie de remise de dipl\u00f4mes \u00e0 203 apprentis de <a href=\"https:\/\/www.lintelligentdabidjan.info\/news\/bounda-le-centre-de-sante-et-lecole-primaire-renoves-grace-a-leglise-des-saints-des-derniers-jours\/\" target=\"_blank\" rel=\"noopener\">l\u2019\u00c9cole<\/a> des Talents, a exhort\u00e9 les jeunes \u00e0 s\u2019int\u00e9resser aux m\u00e9tiers pour lesquels, selon lui, l\u2019insertion professionnelle est relativement ais\u00e9e.<\/strong><\/em><\/p>\n<p>203 apprentis de l\u2019\u00c9cole des Talents, form\u00e9s par Kaydan Groupe dans le cadre du programme gouvernemental d\u00e9nomm\u00e9 \u00ab L\u2019\u00c9cole de la deuxi\u00e8me chance \u00bb, ont re\u00e7u leurs dipl\u00f4mes de fin de formation le jeudi 27 novembre 2025 au Sofitel H\u00f4tel Ivoire \u00e0 Abidjan-Cocody. Ils ont \u00e9t\u00e9 form\u00e9s aux m\u00e9tiers du b\u00e2timent : 25 apprentis carreleurs, 14 menuisiers-coffreurs, 15 \u00e9lectriciens b\u00e2timent, 16 plombiers et plus d\u2019une centaine de ma\u00e7ons. Koffi N\u2019Guessan, ministre de l\u2019Enseignement technique, de la Formation professionnelle et de l\u2019Apprentissage (METFPA), repr\u00e9sentait le Premier ministre Robert Beugr\u00e9 Mamb\u00e9 \u00e0 cette c\u00e9r\u00e9monie. Il s\u2019est r\u00e9joui de voir autant de jeunes form\u00e9s gr\u00e2ce \u00e0 ce programme, fruit d\u2019un partenariat entre l\u2019\u00c9tat et cette entreprise priv\u00e9e sp\u00e9cialis\u00e9e dans le BTP. \u00ab Cet accord a \u00e9t\u00e9 sign\u00e9 entre le METFPA et l\u2019entreprise, et les termes de cet accord stipulent qu\u2019elle accepterait de former des jeunes directement sur les chantiers. Ce sont donc des chantiers-\u00e9coles o\u00f9 la pratique du m\u00e9tier repr\u00e9sente 75 % de la formation et les cours th\u00e9oriques 25 %. Il s\u2019agit, \u00e0 partir de cas concrets, d\u2019apprendre en travaillant aupr\u00e8s des formateurs et des experts charg\u00e9s de conduire les travaux.<\/p>\n<blockquote><p>le syst\u00e8me formel pour pr\u00e9parer d\u2019autres dipl\u00f4me<\/p><\/blockquote>\n<p>&nbsp;<\/p>\n<p>C\u2019est une exp\u00e9rience \u00e0 la fois courageuse pour l\u2019entreprise et pour les apprenants. Je voudrais saluer cet esprit citoyen et cet engagement sans r\u00e9serve de notre partenaire. Ainsi, notre collaboration permet de former de nombreux jeunes dans les m\u00e9tiers du b\u00e2timent, dont 203 viennent de recevoir leurs dipl\u00f4mes. Cette reconnaissance de la comp\u00e9tence, attest\u00e9e par le dipl\u00f4me, est un moment important pour chacune et chacun des apprenants. C\u2019est le d\u00e9but d\u2019une carri\u00e8re professionnelle qui rassure et qui vous permet \u00e9galement de revenir dans le syst\u00e8me formel pour pr\u00e9parer d\u2019autres dipl\u00f4mes, notamment le CAP, le BT, etc. (\u2026) Je demande aux jeunes de s\u2019int\u00e9resser \u00e0 ces m\u00e9tiers pour lesquels l\u2019insertion est relativement ais\u00e9e \u00bb, a d\u00e9clar\u00e9 le ministre Koffi N\u2019Guessan. Cette promotion constitue la deuxi\u00e8me cohorte form\u00e9e par l\u2019entreprise dans le cadre de ce partenariat. La premi\u00e8re avait concern\u00e9 169 apprentis. \u00ab Notre entreprise n\u2019a pas subi l\u2019absence de comp\u00e9tences dans son secteur d\u2019activit\u00e9. Elle cr\u00e9e ses propres comp\u00e9tences gr\u00e2ce \u00e0 l\u2019\u00c9cole des Talents. Nous sommes aujourd\u2019hui \u00e0 la deuxi\u00e8me cohorte. (\u2026) Ce que nous vivons aujourd\u2019hui n\u2019est pas simplement une remise de dipl\u00f4mes. C\u2019est le symbole d\u2019une C\u00f4te d\u2019Ivoire qui croit en sa jeunesse. C\u2019est le symbole d\u2019un secteur priv\u00e9 qui ne se contente pas de cr\u00e9er des emplois, mais qui cr\u00e9e des opportunit\u00e9s, des comp\u00e9tences et des destins \u00bb, a d\u00e9clar\u00e9 pour sa part Alain Kouadio, PDG de l\u2019entreprise formatrice. Pour lui, ces promotions de jeunes form\u00e9s sont la preuve que la deuxi\u00e8me chance n\u2019est pas un simple concept, mais une r\u00e9alit\u00e9 palpable, visible et mesurable. Le ministre et le PDG du groupe partenaire ont f\u00e9licit\u00e9 les jeunes form\u00e9s pour l\u2019int\u00e9r\u00eat qu\u2019ils ont port\u00e9 au programme et les ont assur\u00e9s d\u2019avoir fait <a href=\"https:\/\/www.aip.ci\/284453\/cote-divoire-aip-203-nouveaux-professionnels-du-btp-de-lecole-des-talents-de-kaydan-groupe-recoivent-leurs-diplomes\/?utm_source=rss&amp;utm_medium=rss&amp;utm_campaign=cote-divoire-aip-203-nouveaux-professionnels-du-btp-de-lecole-des-talents-de-kaydan-groupe-recoivent-leurs-diplomes&amp;amp=1\" target=\"_blank\" rel=\"noopener\">le bon choix pour leur vie professionnelle<\/a>. Porte-parole des r\u00e9cipiendaires, Prisca Oulobo a exprim\u00e9 sa gratitude : \u00ab Cette formation a r\u00e9ellement transform\u00e9 nos vies. Nous avons appris un m\u00e9tier, acquis une discipline et gagn\u00e9 en confiance. Certains d\u2019entre nous avaient des doutes au d\u00e9part, mais cette opportunit\u00e9 est une porte ouverte sur un avenir meilleur \u00bb, a-t-elle dit.<\/p>\n<p>&nbsp;<\/p>\n<p><strong>Jean-Hubert Koffo<\/strong><\/p>\n<p>&nbsp;<\/p>\n<p>&nbsp;<\/p>\n<p>&nbsp;<\/p>\n<p>&nbsp;<\/p>\n<p>&nbsp;<\/p>\n<p>&nbsp;<\/p>\n","protected":false},"excerpt":{"rendered":"<p>Le ministre Koffi N\u2019Guessan, \u00e0 l\u2019occasion d\u2019une c\u00e9r\u00e9monie de remise de dipl\u00f4mes \u00e0 203 apprentis de l\u2019\u00c9cole des Talents, a exhort\u00e9 les jeunes \u00e0 s\u2019int\u00e9resser aux m\u00e9tiers pour lesquels, selon lui, l\u2019insertion professionnelle est relativement ais\u00e9e. 203 apprentis de l\u2019\u00c9cole des Talents, form\u00e9s par Kaydan Groupe dans le cadre du programme gouvernemental d\u00e9nomm\u00e9 \u00ab L\u2019\u00c9cole [&hellip;]<\/p>\n","protected":false},"author":4,"featured_media":41237,"comment_status":"closed","ping_status":"closed","sticky":false,"template":"","format":"standard","meta":{"_monsterinsights_skip_tracking":false,"_monsterinsights_sitenote_active":false,"_monsterinsights_sitenote_note":"","_monsterinsights_sitenote_category":0,"footnotes":""},"categories":[2,3],"tags":[6499,6497,1590,6498],"class_list":["post-41236","post","type-post","status-publish","format-standard","has-post-thumbnail","hentry","category-featured","category-societe","tag-apprentis","tag-ecole-des-talents","tag-formation","tag-remise-de-diplomes"],"_links":{"self":[{"href":"https:\/\/www.lintelligentdabidjan.info\/news\/wp-json\/wp\/v2\/posts\/41236","targetHints":{"allow":["GET"]}}],"collection":[{"href":"https:\/\/www.lintelligentdabidjan.info\/news\/wp-json\/wp\/v2\/posts"}],"about":[{"href":"https:\/\/www.lintelligentdabidjan.info\/news\/wp-json\/wp\/v2\/types\/post"}],"author":[{"embeddable":true,"href":"https:\/\/www.lintelligentdabidjan.info\/news\/wp-json\/wp\/v2\/users\/4"}],"replies":[{"embeddable":true,"href":"https:\/\/www.lintelligentdabidjan.info\/news\/wp-json\/wp\/v2\/comments?post=41236"}],"version-history":[{"count":1,"href":"https:\/\/www.lintelligentdabidjan.info\/news\/wp-json\/wp\/v2\/posts\/41236\/revisions"}],"predecessor-version":[{"id":41238,"href":"https:\/\/www.lintelligentdabidjan.info\/news\/wp-json\/wp\/v2\/posts\/41236\/revisions\/41238"}],"wp:featuredmedia":[{"embeddable":true,"href":"https:\/\/www.lintelligentdabidjan.info\/news\/wp-json\/wp\/v2\/media\/41237"}],"wp:attachment":[{"href":"https:\/\/www.lintelligentdabidjan.info\/news\/wp-json\/wp\/v2\/media?parent=41236"}],"wp:term":[{"taxonomy":"category","embeddable":true,"href":"https:\/\/www.lintelligentdabidjan.info\/news\/wp-json\/wp\/v2\/categories?post=41236"},{"taxonomy":"post_tag","embeddable":true,"href":"https:\/\/www.lintelligentdabidjan.info\/news\/wp-json\/wp\/v2\/tags?post=41236"}],"curies":[{"name":"wp","href":"https:\/\/api.w.org\/{rel}","templated":true}]}}