{"id":41258,"date":"2025-12-01T06:18:20","date_gmt":"2025-12-01T05:18:20","guid":{"rendered":"https:\/\/www.lintelligentdabidjan.info\/news\/?p=41258"},"modified":"2025-12-01T06:18:27","modified_gmt":"2025-12-01T05:18:27","slug":"fif-assemblee-generale-extraordinaire-voici-les-grandes-decisions-validees-par-les-membres-actifs","status":"publish","type":"post","link":"https:\/\/www.lintelligentdabidjan.info\/news\/fif-assemblee-generale-extraordinaire-voici-les-grandes-decisions-validees-par-les-membres-actifs\/","title":{"rendered":"FIF \u2013 Assembl\u00e9e g\u00e9n\u00e9rale extraordinaire:   Voici les grandes d\u00e9cisions valid\u00e9es par les membres actifs"},"content":{"rendered":"<p><strong>Les membres actifs de la F\u00e9d\u00e9ration Ivoirienne de Football (<a href=\"https:\/\/www.lintelligentdabidjan.info\/news\/fif-et-rotary-international-un-partenariat-devoile\/\" target=\"_blank\" rel=\"noopener\">FIF<\/a>) \u00e9taient r\u00e9unis en assembl\u00e9e g\u00e9n\u00e9rale extraordinaire le samedi 29 novembre 2025, au minist\u00e8re des Affaires \u00e9trang\u00e8res \u00e0 Abidjan-Plateau. Plusieurs d\u00e9cisions ont \u00e9t\u00e9 adopt\u00e9es, notamment le budget 2026 et la p\u00e9riode de l\u2019\u00e9lection \u00e0 la pr\u00e9sidence de la FIF.<\/strong><\/p>\n<p>Pr\u00e9sid\u00e9e par Yacine Idriss Diallo, pr\u00e9sident de la FIF, cette assembl\u00e9e g\u00e9n\u00e9rale extraordinaire a enregistr\u00e9 la participation de l\u2019ensemble des membres actifs. Les d\u00e9bats ont principalement port\u00e9 sur la modification de certains textes, notamment l\u2019article 118 des statuts, qui fixe la date de l\u2019\u00e9lection du pr\u00e9sident de la \u00ab Maison de verre \u00bb. Alors que la version pr\u00e9c\u00e9dente de l\u2019article stipulait que \u00ab l\u2019\u00e9lection du pr\u00e9sident et des membres du comit\u00e9 ex\u00e9cutif qui suit celle de sortie de Transition aura lieu le dernier samedi du mois de juin de l\u2019ann\u00e9e 2026 \u00bb, la nouvelle version adopt\u00e9e pr\u00e9cise d\u00e9sormais qu\u2019elle \u00ab aura lieu entre le dernier samedi du mois de juin 2026 et les trois mois suivants au plus tard \u00bb. Les membres actifs ont ainsi d\u00e9cid\u00e9 que le renouvellement des instances dirigeantes de la FIF se tiendra apr\u00e8s la Coupe du monde 2026.<\/p>\n<blockquote><p>la maturit\u00e9 des diff\u00e9rents participants<\/p><\/blockquote>\n<p>&nbsp;<\/p>\n<p>\u00ab Ce qu\u2019il faut retenir, c\u2019est la maturit\u00e9 des diff\u00e9rents participants \u00e0 l\u2019Assembl\u00e9e g\u00e9n\u00e9rale. Nous avons eu des d\u00e9bats tr\u00e8s int\u00e9ressants sur les diff\u00e9rents points. Le premier \u00e9tait relatif au changement de l\u2019article, afin de fixer une fourchette permettant de tenir l\u2019\u00e9lection \u00e0 la pr\u00e9sidence de la F\u00e9d\u00e9ration Ivoirienne de Football trois mois avant ou au plus tard trois mois apr\u00e8s la fin juin. Il y a eu des discussions constructives, et nous avons valid\u00e9 l\u2019orientation de la FIFA (\u2026)<\/p>\n<p>Il est important de pr\u00e9server la s\u00e9r\u00e9nit\u00e9 autour de notre \u00e9quipe nationale. C\u2019est pourquoi nous privil\u00e9gions une \u00e9lection apr\u00e8s la comp\u00e9tition, afin de maintenir l\u2019unit\u00e9 et la concentration des acteurs \u00bb, a comment\u00e9 le pr\u00e9sident de la FIF, Yacine Idriss Diallo, au terme des travaux.<\/p>\n<p>L\u2019adoption du budget 2026 a \u00e9galement constitu\u00e9 un point majeur. En 2025, le budget pr\u00e9visionnel dit \u00ab exceptionnel \u00bb \u00e9tait fix\u00e9 \u00e0 24 milliards de FCFA. Pour 2026, il est arr\u00eat\u00e9 \u00e0 21,7 milliards de FCFA. Au 30 septembre 2025, la FIF avait mobilis\u00e9 14,2 milliards de FCFA en ressources, pour une d\u00e9pense de 12 milliards de FCFA. Le budget 2026 conna\u00eet ainsi une baisse de 13 % par rapport \u00e0 celui de 2025.<\/p>\n<p>Le pr\u00e9sident de la FIF, par ailleurs pr\u00e9sident de la commission des s\u00e9lections nationales, a \u00e9galement \u00e9voqu\u00e9 la pr\u00e9paration de la CAN 2025 au Maroc. Il a d\u00e9taill\u00e9 le plan de travail du staff technique pour la d\u00e9fense du titre continental. Ainsi, selon lui, Fa\u00e9 Emerse d\u00e9voilera sa liste de joueurs retenus le 9 d\u00e9cembre 2025 sur la cha\u00eene nationale. Les champions d\u2019Afrique entameront leur pr\u00e9paration \u00e0 partir du 11 d\u00e9cembre en Espagne, dans la ville de Marbella. Ce stage sera sanctionn\u00e9 par deux matchs tests dont l\u2019identit\u00e9 des adversaires n\u2019est pas encore connue. Les \u00c9l\u00e9phants rejoindront ensuite Marrakech \u00e0 partir du 20 d\u00e9cembre 2025 pour la d\u00e9fense du titre.<\/p>\n<p>Concernant le budget de la CAN 2025 , Yacine Idriss Diallo a renvoy\u00e9 les journalistes vers le minist\u00e8re des Sports, plus pr\u00e9cis\u00e9ment <a href=\"https:\/\/www.supersport.ci\/a-la-une\/ag-fif-les-grandes-decisions-prisesar-lassemblee\/\" target=\"_blank\" rel=\"noopener\">l\u2019Office national des Sports<\/a> (ONS).<\/p>\n<p><strong>Ange Kouadio<\/strong><\/p>\n","protected":false},"excerpt":{"rendered":"<p>Les membres actifs de la F\u00e9d\u00e9ration Ivoirienne de Football (FIF) \u00e9taient r\u00e9unis en assembl\u00e9e g\u00e9n\u00e9rale extraordinaire le samedi 29 novembre 2025, au minist\u00e8re des Affaires \u00e9trang\u00e8res \u00e0 Abidjan-Plateau. Plusieurs d\u00e9cisions ont \u00e9t\u00e9 adopt\u00e9es, notamment le budget 2026 et la p\u00e9riode de l\u2019\u00e9lection \u00e0 la pr\u00e9sidence de la FIF. Pr\u00e9sid\u00e9e par Yacine Idriss Diallo, pr\u00e9sident de [&hellip;]<\/p>\n","protected":false},"author":4,"featured_media":41259,"comment_status":"closed","ping_status":"closed","sticky":false,"template":"","format":"standard","meta":{"_monsterinsights_skip_tracking":false,"_monsterinsights_sitenote_active":false,"_monsterinsights_sitenote_note":"","_monsterinsights_sitenote_category":0,"footnotes":""},"categories":[2,23],"tags":[5870,343,6515],"class_list":["post-41258","post","type-post","status-publish","format-standard","has-post-thumbnail","hentry","category-featured","category-sport","tag-assemblee-generale-extraordinaire","tag-fif","tag-membres-actifs"],"_links":{"self":[{"href":"https:\/\/www.lintelligentdabidjan.info\/news\/wp-json\/wp\/v2\/posts\/41258","targetHints":{"allow":["GET"]}}],"collection":[{"href":"https:\/\/www.lintelligentdabidjan.info\/news\/wp-json\/wp\/v2\/posts"}],"about":[{"href":"https:\/\/www.lintelligentdabidjan.info\/news\/wp-json\/wp\/v2\/types\/post"}],"author":[{"embeddable":true,"href":"https:\/\/www.lintelligentdabidjan.info\/news\/wp-json\/wp\/v2\/users\/4"}],"replies":[{"embeddable":true,"href":"https:\/\/www.lintelligentdabidjan.info\/news\/wp-json\/wp\/v2\/comments?post=41258"}],"version-history":[{"count":1,"href":"https:\/\/www.lintelligentdabidjan.info\/news\/wp-json\/wp\/v2\/posts\/41258\/revisions"}],"predecessor-version":[{"id":41260,"href":"https:\/\/www.lintelligentdabidjan.info\/news\/wp-json\/wp\/v2\/posts\/41258\/revisions\/41260"}],"wp:featuredmedia":[{"embeddable":true,"href":"https:\/\/www.lintelligentdabidjan.info\/news\/wp-json\/wp\/v2\/media\/41259"}],"wp:attachment":[{"href":"https:\/\/www.lintelligentdabidjan.info\/news\/wp-json\/wp\/v2\/media?parent=41258"}],"wp:term":[{"taxonomy":"category","embeddable":true,"href":"https:\/\/www.lintelligentdabidjan.info\/news\/wp-json\/wp\/v2\/categories?post=41258"},{"taxonomy":"post_tag","embeddable":true,"href":"https:\/\/www.lintelligentdabidjan.info\/news\/wp-json\/wp\/v2\/tags?post=41258"}],"curies":[{"name":"wp","href":"https:\/\/api.w.org\/{rel}","templated":true}]}}