{"id":41261,"date":"2025-12-01T06:25:19","date_gmt":"2025-12-01T05:25:19","guid":{"rendered":"https:\/\/www.lintelligentdabidjan.info\/news\/?p=41261"},"modified":"2025-12-01T06:25:29","modified_gmt":"2025-12-01T05:25:29","slug":"judo-open-international-dabidjanles-juniors-ivoiriens-sacres-champions-dafrique-les-cadets-brillent-egalement","status":"publish","type":"post","link":"https:\/\/www.lintelligentdabidjan.info\/news\/judo-open-international-dabidjanles-juniors-ivoiriens-sacres-champions-dafrique-les-cadets-brillent-egalement\/","title":{"rendered":"Judo \u2013 Open international d\u2019Abidjan:Les juniors ivoiriens sacr\u00e9s champions d\u2019Afrique, les cadets brillent \u00e9galement"},"content":{"rendered":"<p><strong>La C\u00f4te d\u2019Ivoire a marqu\u00e9 les tatamis de l\u2019Open international d\u2019Abidjan, qui accueillait les 28 ,\u00a0 \u00a029 et 30 novembre 2025 les <a href=\"https:\/\/www.lintelligentdabidjan.info\/news\/championnat-dafrique-de-judo-les-elephants-judokas-au-labo\/\" target=\"_blank\" rel=\"noopener\">Coupes d\u2019Afrique<\/a> Juniors et Cadets. La moisson a \u00e9t\u00e9 bonne pour les s\u00e9lections ivoiriennes juniors et cadettes.<\/strong><\/p>\n<h2><strong>Les Juniors au sommet de l\u2019Afrique\u00a0<\/strong><\/h2>\n<p>Lors de la journ\u00e9e inaugurale, le vendredi 28 novembre 2025, au Palais des sports d\u2019Abidjan-Treichville et consacr\u00e9e aux Juniors, les \u00c9l\u00e9phanteaux judokas ont domin\u00e9 la comp\u00e9tition en remportant la Coupe d\u2019Afrique des Juniors avec sept m\u00e9dailles : 2 en or, 3 en argent et 2 en bronze.<\/p>\n<p>La premi\u00e8re m\u00e9daille d\u2019or ivoirienne a \u00e9t\u00e9 remport\u00e9e par Dabonn\u00e9 Sara dans la cat\u00e9gorie des -63 kg Dames, victorieuse en finale face \u00e0 la Marocaine Bouazzaoui.<\/p>\n<p>La seconde m\u00e9daille d\u2019or est revenue \u00e0 B\u00e2 Lou Carlie, imp\u00e9riale chez les -78 kg Dames.<\/p>\n<p>Trois judokas ont d\u00e9croch\u00e9 l&#8217;argent. Il s&#8217;agit d\u2019 Acca Ariel Christopher (-60 kg Hommes), battu en finale par le S\u00e9n\u00e9galais B\u00e2 Mamadou Y\u00e9ro ; Ouattara Lassine (+100 kg Hommes), d\u00e9fait par le Tunisien Kouki Adem et Kabor\u00e9 Fatim (-57 kg Dames), domin\u00e9e par la Camerounaise Nsame Mbongo Flora.<\/p>\n<p>En bronze, Ouattara Massira (-57 kg Dames) et Bamba Aboubacar Sidick (-73 kg Hommes) compl\u00e8tent la belle r\u00e9colte ivoirienne.<\/p>\n<p>Gr\u00e2ce \u00e0 cette performance collective, la C\u00f4te d\u2019Ivoire d\u00e9croche le titre continental devant le S\u00e9n\u00e9gal et le Cameroun.<\/p>\n<h3><strong>Les Cadets confirment la dynamique\u00a0<\/strong><\/h3>\n<p>Le samedi 29 novembre 2025, la s\u00e9lection nationale des Cadets a poursuivi sur la m\u00eame lanc\u00e9e en remportant cinq m\u00e9dailles\u00a0 dont 2 en or, 1 en argent et 2 en bronze\u00a0 lors de la Coupe d\u2019Afrique des Cadets, organis\u00e9e en marge de l\u2019Open d\u2019Abidjan. Les Ivoiriens Zan Bi Ethan-Christ (-81 kg gar\u00e7ons) et Ezirim Dan-Yedidia (+90 kg) se sont illustr\u00e9s en montant sur la plus haute marche du podium, faisant r\u00e9sonner <a href=\"https:\/\/www.supersport.ci\/a-la-une\/coupe-dafrique-cadets-la-cote-divoire-soffre-5-medailles-dont-2-en-or\/\" target=\"_blank\" rel=\"noopener\">l\u2019hymne national au Palais des sports<\/a> d\u2019Abidjan. En finale des -60 kg, Ope Ahipo Wesley a d\u00fb se contenter de l\u2019argent apr\u00e8s un combat serr\u00e9 face \u00e0 l\u2019Alg\u00e9rien Moussaoui Mohamed. Les m\u00e9dailles de bronze ont \u00e9t\u00e9 remport\u00e9es par Adam Mouyassar (-60 kg) et Yoro Yves Ethan (-66 kg). Avec ces r\u00e9sultats, la C\u00f4te d\u2019Ivoire se hisse \u00e0 la 3\u1d49 place du classement g\u00e9n\u00e9ral des Cadets, derri\u00e8re le Niger (3 or) et le Maroc (2 or, 3 argent, 1 bronze).<\/p>\n<p><strong>Ange Kouadio<\/strong><\/p>\n<p>&nbsp;<\/p>\n<p>&nbsp;<\/p>\n<p>&nbsp;<\/p>\n<p>&nbsp;<\/p>\n","protected":false},"excerpt":{"rendered":"<p>La C\u00f4te d\u2019Ivoire a marqu\u00e9 les tatamis de l\u2019Open international d\u2019Abidjan, qui accueillait les 28 ,\u00a0 \u00a029 et 30 novembre 2025 les Coupes d\u2019Afrique Juniors et Cadets. La moisson a \u00e9t\u00e9 bonne pour les s\u00e9lections ivoiriennes juniors et cadettes. Les Juniors au sommet de l\u2019Afrique\u00a0 Lors de la journ\u00e9e inaugurale, le vendredi 28 novembre 2025, [&hellip;]<\/p>\n","protected":false},"author":4,"featured_media":41262,"comment_status":"closed","ping_status":"closed","sticky":false,"template":"","format":"standard","meta":{"_monsterinsights_skip_tracking":false,"_monsterinsights_sitenote_active":false,"_monsterinsights_sitenote_note":"","_monsterinsights_sitenote_category":0,"footnotes":""},"categories":[2,23],"tags":[6518,728,6519,6517,6516],"class_list":["post-41261","post","type-post","status-publish","format-standard","has-post-thumbnail","hentry","category-featured","category-sport","tag-champions-dafrique","tag-judo","tag-les-cadets","tag-les-juniors-ivoiriens","tag-open-international-dabidjan"],"_links":{"self":[{"href":"https:\/\/www.lintelligentdabidjan.info\/news\/wp-json\/wp\/v2\/posts\/41261","targetHints":{"allow":["GET"]}}],"collection":[{"href":"https:\/\/www.lintelligentdabidjan.info\/news\/wp-json\/wp\/v2\/posts"}],"about":[{"href":"https:\/\/www.lintelligentdabidjan.info\/news\/wp-json\/wp\/v2\/types\/post"}],"author":[{"embeddable":true,"href":"https:\/\/www.lintelligentdabidjan.info\/news\/wp-json\/wp\/v2\/users\/4"}],"replies":[{"embeddable":true,"href":"https:\/\/www.lintelligentdabidjan.info\/news\/wp-json\/wp\/v2\/comments?post=41261"}],"version-history":[{"count":1,"href":"https:\/\/www.lintelligentdabidjan.info\/news\/wp-json\/wp\/v2\/posts\/41261\/revisions"}],"predecessor-version":[{"id":41263,"href":"https:\/\/www.lintelligentdabidjan.info\/news\/wp-json\/wp\/v2\/posts\/41261\/revisions\/41263"}],"wp:featuredmedia":[{"embeddable":true,"href":"https:\/\/www.lintelligentdabidjan.info\/news\/wp-json\/wp\/v2\/media\/41262"}],"wp:attachment":[{"href":"https:\/\/www.lintelligentdabidjan.info\/news\/wp-json\/wp\/v2\/media?parent=41261"}],"wp:term":[{"taxonomy":"category","embeddable":true,"href":"https:\/\/www.lintelligentdabidjan.info\/news\/wp-json\/wp\/v2\/categories?post=41261"},{"taxonomy":"post_tag","embeddable":true,"href":"https:\/\/www.lintelligentdabidjan.info\/news\/wp-json\/wp\/v2\/tags?post=41261"}],"curies":[{"name":"wp","href":"https:\/\/api.w.org\/{rel}","templated":true}]}}