{"id":41276,"date":"2025-12-01T06:53:08","date_gmt":"2025-12-01T05:53:08","guid":{"rendered":"https:\/\/www.lintelligentdabidjan.info\/news\/?p=41276"},"modified":"2025-12-01T06:54:16","modified_gmt":"2025-12-01T05:54:16","slug":"bouake-plus-de-400-personnes-marchent-aux-cotes-du-cndh-pour-dire-non-au-sida","status":"publish","type":"post","link":"https:\/\/www.lintelligentdabidjan.info\/news\/bouake-plus-de-400-personnes-marchent-aux-cotes-du-cndh-pour-dire-non-au-sida\/","title":{"rendered":"Bouak\u00e9 : Plus de 400 personnes marchent aux c\u00f4t\u00e9s du CNDH pour dire non au SIDA"},"content":{"rendered":"<p><em><strong>En pr\u00e9lude \u00e0 la c\u00e9l\u00e9bration de la 38\u1d49 Journ\u00e9e mondiale de lutte contre le SIDA, observ\u00e9e chaque 1er d\u00e9cembre, le Conseil national des droits de l\u2019homme (<a href=\"https:\/\/www.lintelligentdabidjan.info\/news\/interview-arsene-desire-nene-bi-membre-de-la-commission-centrale-du-cndh-ci-la-jeunesse-se-presente-comme-lun-des-piliers-de-notre-democratie\/\" target=\"_blank\" rel=\"noopener\">CNDH<\/a>), en partenariat avec le Centre Solidarit\u00e9 et Action Sociale (SAS) et l&#8217;ONU-SIDA, a organis\u00e9 le samedi 29 novembre 2025 une grande marche de sensibilisation dans les rues de Bouak\u00e9. Plus de 400 participants, issus de divers horizons, ont pris part \u00e0 cette activit\u00e9 inscrite dans le cadre de la Quinzaine des Droits de l\u2019Homme, autour du th\u00e8me : \u00ab Surmonter les perturbations, transformer la riposte au SIDA \u00bb.<\/strong><\/em><\/p>\n<p>Repr\u00e9sentant la pr\u00e9sidente du CNDH Namizata Sangar\u00e9, la pr\u00e9sidente de la Commission r\u00e9gionale des droits de l\u2019homme (CRDH) de Gb\u00eak\u00ea, Carine Keffa, a rappel\u00e9 que la lutte contre le VIH\/SIDA demeure un engagement constant. \u00ab Ce combat n\u2019a jamais \u00e9t\u00e9 un long fleuve tranquille, mais une marche courageuse \u00e0 travers des r\u00e9alit\u00e9s complexes et profond\u00e9ment humaines \u00bb, a-t-elle d\u00e9clar\u00e9.<\/p>\n<p>Pour le CNDH, le th\u00e8me de cette ann\u00e9e porte une responsabilit\u00e9 claire : ancrer davantage la lutte contre le VIH dans la promotion et la protection des droits humains. \u00ab Nous avons le devoir de d\u00e9noncer toute forme de discrimination, de plaider pour un acc\u00e8s \u00e9quitable aux soins et de prot\u00e9ger les personnes les plus vuln\u00e9rables. Il nous revient aussi d\u2019accompagner l\u2019\u00c9tat dans la mise en \u0153uvre de politiques inclusives, afin que les perturbations sociales, \u00e9conomiques ou internationales ne compromettent jamais les droits fondamentaux des personnes vivant avec le VIH \u00bb, a exhort\u00e9 Carine Keffa au nom de sa responsable.<\/p>\n<p>Elle a \u00e9galement rappel\u00e9 que la lutte contre le SIDA est avant tout \u00ab une question de justice, d\u2019\u00e9galit\u00e9 et de dignit\u00e9 humaine \u00bb, appelant \u00e0 une transformation des politiques publiques, mais aussi des mentalit\u00e9s, pour b\u00e2tir une riposte plus inclusive et d\u00e9nu\u00e9e de stigmatisation.<\/p>\n<h2><strong>Des progr\u00e8s significatifs, mais un d\u00e9fi toujours pr\u00e9sent<\/strong><\/h2>\n<p>Prenant la parole, le directeur r\u00e9gional de la Sant\u00e9 de Bouak\u00e9, Coulibaly Aboubacary, a salu\u00e9 les progr\u00e8s enregistr\u00e9s par la C\u00f4te d\u2019Ivoire dans la lutte contre le VIH\/SIDA. Selon les donn\u00e9es de septembre 2024, la pr\u00e9valence du VIH chez les personnes de 15 \u00e0 49 ans est pass\u00e9e \u00e0 1,7 % en 2024, contre 1,82 % en 2022, alors qu\u2019elle s\u2019\u00e9levait encore \u00e0 4,87 % en 2010.<\/p>\n<blockquote><p>une baisse remarquable<\/p><\/blockquote>\n<p>&nbsp;<\/p>\n<p>Il a \u00e9galement indiqu\u00e9 que le nombre de nouvelles infections en 2024 est estim\u00e9 \u00e0 environ 8 000, soit une baisse de 10 %, tandis que les d\u00e9c\u00e8s li\u00e9s au SIDA ont chut\u00e9 de 16 %. \u00ab Depuis 2010, la C\u00f4te d\u2019Ivoire a enregistr\u00e9 une baisse remarquable de 67 % des nouvelles infections et de 75 % des d\u00e9c\u00e8s li\u00e9s au SIDA \u00bb, a-t-il soulign\u00e9.<\/p>\n<p>Malgr\u00e9 ces avanc\u00e9es, la directrice du Centre SAS, Penda Diagola Tour\u00e9, a rappel\u00e9 que le d\u00e9fi demeure immense. Elle a invit\u00e9 les populations et les autorit\u00e9s \u00e0 redoubler d\u2019efforts pour parvenir \u00e0 l\u2019\u00e9radication totale de la maladie.<\/p>\n<p>Pr\u00e9sent \u00e0 la c\u00e9r\u00e9monie, le directeur pays de <a href=\"https:\/\/www.aip.ci\/285617\/cote-divoire-aip-journee-mondiale-du-sida-le-cndh-appelle-a-la-resilience-et-a-la-transformation-des-mentalites-a-bouake\/\" target=\"_blank\" rel=\"noopener\">l\u2019ONU-SIDA<\/a>, Henk Van Renterghem, a r\u00e9affirm\u00e9 l\u2019engagement de l&#8217;organisation \u00e0 soutenir la C\u00f4te d\u2019Ivoire afin de r\u00e9duire consid\u00e9rablement les nouvelles infections d\u2019ici 2030. Il a salu\u00e9 les actions men\u00e9es par les structures locales engag\u00e9es dans la lutte contre le VIH\/SIDA.<\/p>\n<p>La journ\u00e9e s\u2019est achev\u00e9e par un panel d\u2019\u00e9changes portant sur les strat\u00e9gies de lutte contre le SIDA, offrant aux participants des pistes de r\u00e9flexion et d\u2019action pour renforcer la riposte nationale.<\/p>\n<p>&nbsp;<\/p>\n<p>&nbsp;<\/p>\n<p><strong>Nambac\u00e9r\u00e9 Jo\u00ebl\u00a0<\/strong><\/p>\n<p>&nbsp;<\/p>\n<p>&nbsp;<\/p>\n<p>&nbsp;<\/p>\n<p>&nbsp;<\/p>\n<p>&nbsp;<\/p>\n<p>&nbsp;<\/p>\n<p>&nbsp;<\/p>\n","protected":false},"excerpt":{"rendered":"<p>En pr\u00e9lude \u00e0 la c\u00e9l\u00e9bration de la 38\u1d49 Journ\u00e9e mondiale de lutte contre le SIDA, observ\u00e9e chaque 1er d\u00e9cembre, le Conseil national des droits de l\u2019homme (CNDH), en partenariat avec le Centre Solidarit\u00e9 et Action Sociale (SAS) et l&#8217;ONU-SIDA, a organis\u00e9 le samedi 29 novembre 2025 une grande marche de sensibilisation dans les rues de [&hellip;]<\/p>\n","protected":false},"author":4,"featured_media":41277,"comment_status":"closed","ping_status":"closed","sticky":false,"template":"","format":"standard","meta":{"_monsterinsights_skip_tracking":false,"_monsterinsights_sitenote_active":false,"_monsterinsights_sitenote_note":"","_monsterinsights_sitenote_category":0,"footnotes":""},"categories":[2,3],"tags":[125,1178,1792,6524],"class_list":["post-41276","post","type-post","status-publish","format-standard","has-post-thumbnail","hentry","category-featured","category-societe","tag-bouake","tag-cndh","tag-personnes","tag-sida"],"_links":{"self":[{"href":"https:\/\/www.lintelligentdabidjan.info\/news\/wp-json\/wp\/v2\/posts\/41276","targetHints":{"allow":["GET"]}}],"collection":[{"href":"https:\/\/www.lintelligentdabidjan.info\/news\/wp-json\/wp\/v2\/posts"}],"about":[{"href":"https:\/\/www.lintelligentdabidjan.info\/news\/wp-json\/wp\/v2\/types\/post"}],"author":[{"embeddable":true,"href":"https:\/\/www.lintelligentdabidjan.info\/news\/wp-json\/wp\/v2\/users\/4"}],"replies":[{"embeddable":true,"href":"https:\/\/www.lintelligentdabidjan.info\/news\/wp-json\/wp\/v2\/comments?post=41276"}],"version-history":[{"count":2,"href":"https:\/\/www.lintelligentdabidjan.info\/news\/wp-json\/wp\/v2\/posts\/41276\/revisions"}],"predecessor-version":[{"id":41279,"href":"https:\/\/www.lintelligentdabidjan.info\/news\/wp-json\/wp\/v2\/posts\/41276\/revisions\/41279"}],"wp:featuredmedia":[{"embeddable":true,"href":"https:\/\/www.lintelligentdabidjan.info\/news\/wp-json\/wp\/v2\/media\/41277"}],"wp:attachment":[{"href":"https:\/\/www.lintelligentdabidjan.info\/news\/wp-json\/wp\/v2\/media?parent=41276"}],"wp:term":[{"taxonomy":"category","embeddable":true,"href":"https:\/\/www.lintelligentdabidjan.info\/news\/wp-json\/wp\/v2\/categories?post=41276"},{"taxonomy":"post_tag","embeddable":true,"href":"https:\/\/www.lintelligentdabidjan.info\/news\/wp-json\/wp\/v2\/tags?post=41276"}],"curies":[{"name":"wp","href":"https:\/\/api.w.org\/{rel}","templated":true}]}}