{"id":41283,"date":"2025-12-01T07:06:38","date_gmt":"2025-12-01T06:06:38","guid":{"rendered":"https:\/\/www.lintelligentdabidjan.info\/news\/?p=41283"},"modified":"2025-12-01T07:07:13","modified_gmt":"2025-12-01T06:07:13","slug":"bouake-forum-citoyen-paix-et-securite-le-ril-et-la-fondation-fes-renforcent-le-dialogue-communautaire","status":"publish","type":"post","link":"https:\/\/www.lintelligentdabidjan.info\/news\/bouake-forum-citoyen-paix-et-securite-le-ril-et-la-fondation-fes-renforcent-le-dialogue-communautaire\/","title":{"rendered":"Bouak\u00e9 \u2013 Forum Citoyen Paix et S\u00e9curit\u00e9 : Le RIL et la Fondation FES renforcent le dialogue communautaire"},"content":{"rendered":"<p><em><strong>Le R\u00e9seau Ivoirien des Leaders (RIL), \u00e0 travers sa coordination r\u00e9gionale de <a href=\"https:\/\/www.lintelligentdabidjan.info\/news\/bouake-plus-de-400-personnes-marchent-aux-cotes-du-cndh-pour-dire-non-au-sida\/\" target=\"_blank\" rel=\"noopener\">Bouak\u00e9 et en partenariat<\/a> avec la Fondation Friedrich-Ebert-Stiftung (FES), a organis\u00e9 du 25 au 29 novembre 2025 un Forum Citoyen Paix et S\u00e9curit\u00e9 dans plusieurs quartiers de la ville, notamment Dar-es-Salam, Tollakouadiokro, Ahougboussou, Gonfr\u00e9ville et Sokoura.<\/strong><\/em><\/p>\n<p>Selon Soro Youssouf, coordonnateur du RIL \u00e0 Bouak\u00e9, cette initiative s\u2019inscrit dans la continuit\u00e9 du programme phare de l\u2019organisation, \u00ab Le Grain citoyen \u00bb, dont l\u2019objectif est de cr\u00e9er un cadre d\u2019\u00e9change entre les populations et les organisateurs afin d\u2019aborder les probl\u00e9matiques qui affectent la vie communautaire.<\/p>\n<blockquote><p>une expression de libert\u00e9<\/p><\/blockquote>\n<p>&nbsp;<\/p>\n<p>\u00ab C\u2019est une activit\u00e9 citoyenne qui consiste \u00e0 aller vers les populations, identifier des th\u00e9matiques d\u2019actualit\u00e9 et leur donner la parole. C\u2019est une expression de libert\u00e9, un moyen de mettre en lumi\u00e8re les difficult\u00e9s v\u00e9cues afin de rechercher ensemble des solutions \u00bb, a-t-il expliqu\u00e9.<\/p>\n<p>L\u2019une des \u00e9tapes majeures de cette tourn\u00e9e de sensibilisation s\u2019est tenue dans la nuit du jeudi 27 novembre 2025 \u00e0 Gonfr\u00e9ville, en pr\u00e9sence de leaders de jeunesse et des habitants du quartier. Pendant plusieurs heures, les discussions ont port\u00e9 sur les enjeux s\u00e9curitaires locaux.<\/p>\n<p>Pour Karamoko Diakit\u00e9, conseiller politique \u00e0 la FES, le renforcement du dialogue entre populations et institutions est essentiel pour pr\u00e9venir et r\u00e9soudre les difficult\u00e9s rencontr\u00e9es au quotidien.<\/p>\n<p>\u00ab La paix est un travail de tous les jours. L\u2019essentiel est de ne jamais arr\u00eater de se parler. Plus nous \u00e9changeons, plus nous parvenons \u00e0 identifier les d\u00e9fis et \u00e0 d\u00e9terminer les meilleures voies pour les r\u00e9soudre \u00bb, a-t-il d\u00e9clar\u00e9.<\/p>\n<p>\u00c0 l\u2019issue des \u00e9changes, il s\u2019est dit satisfait des r\u00e9sultats obtenus.<\/p>\n<blockquote><p>des informations utiles<\/p><\/blockquote>\n<p>&nbsp;<\/p>\n<p>\u00ab L\u2019objectif \u00e9tait de cr\u00e9er un espace de dialogue. Nous l\u2019avons atteint. Des acteurs du secteur de la s\u00e9curit\u00e9 ont partag\u00e9 des contacts et des informations utiles pour permettre aux habitants de contribuer \u00e0 la consolidation de la paix et de la s\u00e9curit\u00e9 dans le quartier \u00bb, a-t-il ajout\u00e9.<\/p>\n<p>De son c\u00f4t\u00e9, Soro Youssouf a exhort\u00e9 les populations \u00e0 demeurer des relais de coh\u00e9sion sociale.<\/p>\n<p>\u00ab La C\u00f4te d\u2019Ivoire, c\u2019est nous qui devons la construire. Et dans la construction d\u2019une nation, le d\u00e9veloppement durable doit rester central \u00bb, a-t-il insist\u00e9.<\/p>\n<p>R\u00e9agissant aux messages des organisateurs, Konat\u00e9 Moussa, conseiller r\u00e9gional du Gb\u00eak\u00ea et pr\u00e9sident de l\u2019Association des jeunes de Gonfr\u00e9ville pour l\u2019\u00c9mergence, a salu\u00e9 la tenue de cette activit\u00e9 dans son quartier. Il s\u2019est engag\u00e9 \u00e0 en \u00eatre l\u2019ambassadeur aupr\u00e8s de la jeunesse locale.<\/p>\n<p>Cette initiative s\u2019inscrit dans la mise en \u0153uvre des<a href=\"https:\/\/afriqueinfos.net\/2025\/11\/29\/cote-divoire-bouake-le-ril-et-la-fes-lancent-un-forum-citoyen-sur-la-paix-et-la-securite\/\" target=\"_blank\" rel=\"noopener\"> recommandations<\/a> issues de l\u2019activit\u00e9 du programme \u00ab Dialogue Politique, Soci\u00e9t\u00e9 et S\u00e9curit\u00e9 \u00bb (DPSS) organis\u00e9e le 28 ao\u00fbt 2025 \u00e0 Bouak\u00e9 par la FES C\u00f4te d\u2019Ivoire, en partenariat avec la Commission S\u00e9curit\u00e9 et D\u00e9fense (CSD) de l\u2019Assembl\u00e9e nationale.<\/p>\n<p><strong>Nambac\u00e9r\u00e9 Jo\u00ebl\u00a0<\/strong><\/p>\n<p>&nbsp;<\/p>\n<p>&nbsp;<\/p>\n<p>&nbsp;<\/p>\n<p>&nbsp;<\/p>\n<p>&nbsp;<\/p>\n","protected":false},"excerpt":{"rendered":"<p>Le R\u00e9seau Ivoirien des Leaders (RIL), \u00e0 travers sa coordination r\u00e9gionale de Bouak\u00e9 et en partenariat avec la Fondation Friedrich-Ebert-Stiftung (FES), a organis\u00e9 du 25 au 29 novembre 2025 un Forum Citoyen Paix et S\u00e9curit\u00e9 dans plusieurs quartiers de la ville, notamment Dar-es-Salam, Tollakouadiokro, Ahougboussou, Gonfr\u00e9ville et Sokoura. Selon Soro Youssouf, coordonnateur du RIL \u00e0 [&hellip;]<\/p>\n","protected":false},"author":4,"featured_media":41284,"comment_status":"closed","ping_status":"closed","sticky":false,"template":"","format":"standard","meta":{"_monsterinsights_skip_tracking":false,"_monsterinsights_sitenote_active":false,"_monsterinsights_sitenote_note":"","_monsterinsights_sitenote_category":0,"footnotes":""},"categories":[2,3],"tags":[125,6528,6526,6527,5277],"class_list":["post-41283","post","type-post","status-publish","format-standard","has-post-thumbnail","hentry","category-featured","category-societe","tag-bouake","tag-dialogue-communautaire","tag-forum-citoyen-paix-et-securite","tag-la-fondation-fes","tag-le-ril"],"_links":{"self":[{"href":"https:\/\/www.lintelligentdabidjan.info\/news\/wp-json\/wp\/v2\/posts\/41283","targetHints":{"allow":["GET"]}}],"collection":[{"href":"https:\/\/www.lintelligentdabidjan.info\/news\/wp-json\/wp\/v2\/posts"}],"about":[{"href":"https:\/\/www.lintelligentdabidjan.info\/news\/wp-json\/wp\/v2\/types\/post"}],"author":[{"embeddable":true,"href":"https:\/\/www.lintelligentdabidjan.info\/news\/wp-json\/wp\/v2\/users\/4"}],"replies":[{"embeddable":true,"href":"https:\/\/www.lintelligentdabidjan.info\/news\/wp-json\/wp\/v2\/comments?post=41283"}],"version-history":[{"count":1,"href":"https:\/\/www.lintelligentdabidjan.info\/news\/wp-json\/wp\/v2\/posts\/41283\/revisions"}],"predecessor-version":[{"id":41285,"href":"https:\/\/www.lintelligentdabidjan.info\/news\/wp-json\/wp\/v2\/posts\/41283\/revisions\/41285"}],"wp:featuredmedia":[{"embeddable":true,"href":"https:\/\/www.lintelligentdabidjan.info\/news\/wp-json\/wp\/v2\/media\/41284"}],"wp:attachment":[{"href":"https:\/\/www.lintelligentdabidjan.info\/news\/wp-json\/wp\/v2\/media?parent=41283"}],"wp:term":[{"taxonomy":"category","embeddable":true,"href":"https:\/\/www.lintelligentdabidjan.info\/news\/wp-json\/wp\/v2\/categories?post=41283"},{"taxonomy":"post_tag","embeddable":true,"href":"https:\/\/www.lintelligentdabidjan.info\/news\/wp-json\/wp\/v2\/tags?post=41283"}],"curies":[{"name":"wp","href":"https:\/\/api.w.org\/{rel}","templated":true}]}}