{"id":41286,"date":"2025-12-01T07:13:38","date_gmt":"2025-12-01T06:13:38","guid":{"rendered":"https:\/\/www.lintelligentdabidjan.info\/news\/?p=41286"},"modified":"2025-12-01T07:14:07","modified_gmt":"2025-12-01T06:14:07","slug":"cancer-de-la-prostate-quand-lart-se-mobilise-contre-la-maladie","status":"publish","type":"post","link":"https:\/\/www.lintelligentdabidjan.info\/news\/cancer-de-la-prostate-quand-lart-se-mobilise-contre-la-maladie\/","title":{"rendered":"Cancer de la prostate:  Quand l\u2019art se mobilise contre la maladie"},"content":{"rendered":"<p><em><strong>Dans le cadre de novembre bleu, une vente d\u2019objets d\u2019art s\u2019est tenue le vendredi 28 novembre 2025 \u00e0 l\u2019espace \u2018\u2019Calebasse Cr\u00e9ation\u2019\u2019, \u00e0 Abidjan-Cocody-Riviera 3, pour soutenir la lutte contre <a href=\"https:\/\/www.lintelligentdabidjan.info\/news\/lutte-contre-le-cancer-de-la-prostate-linstitut-pasteur-de-cote-divoire-et-la-cnam-depistes\/\" target=\"_blank\" rel=\"noopener\">le cancer de la prostate<\/a>.<\/strong><\/em><\/p>\n<p>Baptis\u00e9e \u2018\u2019vente solidaire\u2019\u2019, la c\u00e9r\u00e9monie a pr\u00e9sent\u00e9 50 \u0153uvres de la collection \u2018\u2019M\u00e9tamorphose\u2019\u2019 de l\u2019artiste Lucien Tra Zi\u00e9, fondateur de l\u2019Atelier 225. Selon Karine P\u00e9r\u00e9, fondatrice de Calebasse Cr\u00e9ation, et Mahama Coulibaly, responsable de l\u2019agence Esprit d\u2019\u00c9quipe, les fonds collect\u00e9s seront destin\u00e9s aux patients atteints de cancer de la prostate. Karine P\u00e9r\u00e9 a soulign\u00e9 qu\u2019il s\u2019agissait d\u2019un moment fort o\u00f9 la cr\u00e9ativit\u00e9 devient un v\u00e9ritable outil d\u2019action sociale. Elle a encourag\u00e9 la multiplication de ce type d\u2019initiatives afin de briser les silences et de soutenir les malades. Les organisateurs ont indiqu\u00e9 que l\u2019ensemble des dons, ainsi que 25 % du prix d\u2019achat des 50 pi\u00e8ces propos\u00e9es, sera revers\u00e9 \u00e0 l\u2019association Cancer, abr\u00e9g\u00e9e \u00ab \u00c7A VA \u00bb. Des pi\u00e8ces uniques, m\u00ealant savoir-faire traditionnel et design contemporain, ont ainsi \u00e9t\u00e9 mises en lumi\u00e8re.<\/p>\n<p>L\u2019ambiance \u00e9tait conviviale et empreinte de sens : cr\u00e9ateurs, acheteurs et invit\u00e9s se sont rassembl\u00e9s autour de la m\u00eame cause.<a href=\"https:\/\/www.santemagazine.fr\/sante\/maladies\/cancer\/cancer-de-la-prostate\" target=\"_blank\" rel=\"noopener\"> La\u00a0 sensibilisation<\/a> et le soutien aux malades dans un contexte o\u00f9 les cancers masculins demeurent encore tabous en C\u00f4te d\u2019Ivoire.<\/p>\n<p>L\u2019\u00e9v\u00e9nement s\u2019est tenu sous le signe de l\u2019engagement.<\/p>\n<p>&nbsp;<\/p>\n<p><strong>Mamadou Ouattara avec Ou\u00e9l\u00e9 Grace<\/strong><\/p>\n<p>&nbsp;<\/p>\n<p>&nbsp;<\/p>\n<p>&nbsp;<\/p>\n<p>&nbsp;<\/p>\n","protected":false},"excerpt":{"rendered":"<p>Dans le cadre de novembre bleu, une vente d\u2019objets d\u2019art s\u2019est tenue le vendredi 28 novembre 2025 \u00e0 l\u2019espace \u2018\u2019Calebasse Cr\u00e9ation\u2019\u2019, \u00e0 Abidjan-Cocody-Riviera 3, pour soutenir la lutte contre le cancer de la prostate. Baptis\u00e9e \u2018\u2019vente solidaire\u2019\u2019, la c\u00e9r\u00e9monie a pr\u00e9sent\u00e9 50 \u0153uvres de la collection \u2018\u2019M\u00e9tamorphose\u2019\u2019 de l\u2019artiste Lucien Tra Zi\u00e9, fondateur de l\u2019Atelier [&hellip;]<\/p>\n","protected":false},"author":4,"featured_media":41287,"comment_status":"closed","ping_status":"closed","sticky":false,"template":"","format":"standard","meta":{"_monsterinsights_skip_tracking":false,"_monsterinsights_sitenote_active":false,"_monsterinsights_sitenote_note":"","_monsterinsights_sitenote_category":0,"footnotes":""},"categories":[2,3],"tags":[6529,6530,6531,4195],"class_list":["post-41286","post","type-post","status-publish","format-standard","has-post-thumbnail","hentry","category-featured","category-societe","tag-cancer-de-la-prostate","tag-lart","tag-maladie","tag-mobilise"],"_links":{"self":[{"href":"https:\/\/www.lintelligentdabidjan.info\/news\/wp-json\/wp\/v2\/posts\/41286","targetHints":{"allow":["GET"]}}],"collection":[{"href":"https:\/\/www.lintelligentdabidjan.info\/news\/wp-json\/wp\/v2\/posts"}],"about":[{"href":"https:\/\/www.lintelligentdabidjan.info\/news\/wp-json\/wp\/v2\/types\/post"}],"author":[{"embeddable":true,"href":"https:\/\/www.lintelligentdabidjan.info\/news\/wp-json\/wp\/v2\/users\/4"}],"replies":[{"embeddable":true,"href":"https:\/\/www.lintelligentdabidjan.info\/news\/wp-json\/wp\/v2\/comments?post=41286"}],"version-history":[{"count":1,"href":"https:\/\/www.lintelligentdabidjan.info\/news\/wp-json\/wp\/v2\/posts\/41286\/revisions"}],"predecessor-version":[{"id":41288,"href":"https:\/\/www.lintelligentdabidjan.info\/news\/wp-json\/wp\/v2\/posts\/41286\/revisions\/41288"}],"wp:featuredmedia":[{"embeddable":true,"href":"https:\/\/www.lintelligentdabidjan.info\/news\/wp-json\/wp\/v2\/media\/41287"}],"wp:attachment":[{"href":"https:\/\/www.lintelligentdabidjan.info\/news\/wp-json\/wp\/v2\/media?parent=41286"}],"wp:term":[{"taxonomy":"category","embeddable":true,"href":"https:\/\/www.lintelligentdabidjan.info\/news\/wp-json\/wp\/v2\/categories?post=41286"},{"taxonomy":"post_tag","embeddable":true,"href":"https:\/\/www.lintelligentdabidjan.info\/news\/wp-json\/wp\/v2\/tags?post=41286"}],"curies":[{"name":"wp","href":"https:\/\/api.w.org\/{rel}","templated":true}]}}