{"id":41289,"date":"2025-12-01T07:19:08","date_gmt":"2025-12-01T06:19:08","guid":{"rendered":"https:\/\/www.lintelligentdabidjan.info\/news\/?p=41289"},"modified":"2025-12-01T07:19:22","modified_gmt":"2025-12-01T06:19:22","slug":"bouake-luniversite-internationale-ick-lance-officiellement-lannee-academique-2025-2026","status":"publish","type":"post","link":"https:\/\/www.lintelligentdabidjan.info\/news\/bouake-luniversite-internationale-ick-lance-officiellement-lannee-academique-2025-2026\/","title":{"rendered":"Bouak\u00e9 : L\u2019Universit\u00e9 Internationale ICK lance officiellement l\u2019ann\u00e9e acad\u00e9mique 2025-2026"},"content":{"rendered":"<p><em><strong>L\u2019Universit\u00e9 Internationale ICK de <a href=\"https:\/\/www.lintelligentdabidjan.info\/news\/bouake-plus-de-400-personnes-marchent-aux-cotes-du-cndh-pour-dire-non-au-sida\/\" target=\"_blank\" rel=\"noopener\">Bouak\u00e9<\/a> a proc\u00e9d\u00e9, le jeudi 27 novembre 2025, \u00e0 sa rentr\u00e9e solennelle pour l\u2019ann\u00e9e acad\u00e9mique 2025-2026. La c\u00e9r\u00e9monie, pr\u00e9sid\u00e9e par le fondateur de l\u2019institution, le g\u00e9n\u00e9ral Issa Coulibaly, s\u2019est d\u00e9roul\u00e9e en pr\u00e9sence des enseignants et des \u00e9tudiants.\u00a0<\/strong><\/em><\/p>\n<p>Dans son allocution, le fondateur a r\u00e9affirm\u00e9 la vision qui a guid\u00e9 la cr\u00e9ation de l\u2019\u00e9tablissement : former des citoyens comp\u00e9tents, responsables et engag\u00e9s, capables d\u2019impacter positivement leur environnement et de s\u2019ins\u00e9rer dans les dynamiques \u00e9conomiques nationales et internationales. Cette vision repose sur trois piliers majeurs, \u00e0 savoir l\u2019excellence professionnelle, l\u2019innovation et la responsabilit\u00e9 sociale. \u00ab Nous voulons former non pas uniquement des dipl\u00f4m\u00e9s, mais des jeunes employ\u00e9s, adaptables et op\u00e9rationnels sur le march\u00e9 du travail. Notre universit\u00e9 se veut un laboratoire d\u2019id\u00e9es, un moteur de promotion et un partenaire fiable pour l\u2019\u00c9tat, pour les entreprises et pour la communaut\u00e9 \u00bb, a-t-il soulign\u00e9.<\/p>\n<blockquote><p>un plan strat\u00e9gique<\/p><\/blockquote>\n<p>&nbsp;<\/p>\n<p>Pour sa part, le recteur de l\u2019Universit\u00e9 Internationale ICK, le professeur Bah Henri, a indiqu\u00e9 que cette rentr\u00e9e n\u2019\u00e9tait pas un simple rituel acad\u00e9mique, mais une \u00e9tape strat\u00e9gique marquant un nouveau d\u00e9part pour l\u2019institution. Le recteur a \u00e9galement pr\u00e9sent\u00e9 sa vision strat\u00e9gique, articul\u00e9e autour de quatre axes majeurs : la culture d\u2019entreprise, l\u2019excellence acad\u00e9mique et l\u2019innovation p\u00e9dagogique, la professionnalisation et l\u2019employabilit\u00e9, ainsi que le rayonnement institutionnel. \u00ab Ces quatre axes seront traduits dans un plan strat\u00e9gique que nous \u00e9laborerons ensemble personnel administratif, enseignants et \u00e9tudiants avec l\u2019appui de certaines parties prenantes. L\u2019Universit\u00e9 ICK doit disposer d\u2019un plan d\u2019orientation strat\u00e9gique comme toute institution inscrite dans une d\u00e9marche qualit\u00e9 \u00bb, a-t-il pr\u00e9cis\u00e9.<\/p>\n<p>L\u2019universit\u00e9 ICK forme des \u00e9tudiants dans plusieurs fili\u00e8res, notamment le Droit, les Sciences \u00e9conomiques, la Gestion, la Communication, l\u2019Administration et la Gestion des entreprises, avec des programmes couvrant tous les niveaux. L\u2019\u00e9tablissement a enregistr\u00e9 363 \u00e9tudiants au titre de l\u2019ann\u00e9e pr\u00e9c\u00e9dente.<\/p>\n<blockquote><p>L\u2019excellence et la responsabilit\u00e9 sociale<\/p><\/blockquote>\n<p>&nbsp;<\/p>\n<p>Pour l\u2019ann\u00e9e 2025-2026, le recteur de l&#8217;\u00e9tablissement a annonc\u00e9 plusieurs actions prioritaires, notamment instaurer une gestion acad\u00e9mique ax\u00e9e sur la performance mesurable, renforcer l\u2019esprit d\u2019appartenance des enseignants, syst\u00e9matiser les \u00e9valuations p\u00e9dagogiques, am\u00e9liorer l\u2019encadrement des \u00e9tudiants et l\u2019efficacit\u00e9 des services administratifs, int\u00e9grer la responsabilit\u00e9 sociale universitaire \u00e0 travers des initiatives estudiantines, et dynamiser la vie universitaire.<\/p>\n<p>La c\u00e9r\u00e9monie a \u00e9galement \u00e9t\u00e9 marqu\u00e9e par une le\u00e7on inaugurale anim\u00e9e par le professeur Tehoua P\u00e9lagie autour du th\u00e8me \u00ab L\u2019excellence et la responsabilit\u00e9 sociale : piliers d\u2019une universit\u00e9 au service du d\u00e9veloppement \u00bb, suivie de la remise officielle des dipl\u00f4mes \u00e0 la <a href=\"https:\/\/www.koaci.com\/article\/2025\/11\/28\/cote-divoire\/societe\/cote-divoire-bouake-une-universite-lance-sa-rentree-academique-2025-2026-et-celebre-sa-premiere-promotion-des-diplomes_192339.html\" target=\"_blank\" rel=\"noopener\">premi\u00e8re promotion<\/a> de Licence 3. Au total, 40 \u00e9tudiants, tous admis \u00e0 leurs examens de fin d\u2019ann\u00e9e, ont re\u00e7u leurs parchemins sanctionnant la fin de leur formation.<\/p>\n<p><strong>Nambac\u00e9r\u00e9 Jo\u00ebl\u00a0<\/strong><\/p>\n<p>&nbsp;<\/p>\n<p>&nbsp;<\/p>\n<p>&nbsp;<\/p>\n<p>&nbsp;<\/p>\n<p>&nbsp;<\/p>\n","protected":false},"excerpt":{"rendered":"<p>L\u2019Universit\u00e9 Internationale ICK de Bouak\u00e9 a proc\u00e9d\u00e9, le jeudi 27 novembre 2025, \u00e0 sa rentr\u00e9e solennelle pour l\u2019ann\u00e9e acad\u00e9mique 2025-2026. La c\u00e9r\u00e9monie, pr\u00e9sid\u00e9e par le fondateur de l\u2019institution, le g\u00e9n\u00e9ral Issa Coulibaly, s\u2019est d\u00e9roul\u00e9e en pr\u00e9sence des enseignants et des \u00e9tudiants.\u00a0 Dans son allocution, le fondateur a r\u00e9affirm\u00e9 la vision qui a guid\u00e9 la cr\u00e9ation [&hellip;]<\/p>\n","protected":false},"author":4,"featured_media":41290,"comment_status":"closed","ping_status":"closed","sticky":false,"template":"","format":"standard","meta":{"_monsterinsights_skip_tracking":false,"_monsterinsights_sitenote_active":false,"_monsterinsights_sitenote_note":"","_monsterinsights_sitenote_category":0,"footnotes":""},"categories":[2,3],"tags":[125,6534,6532,6533],"class_list":["post-41289","post","type-post","status-publish","format-standard","has-post-thumbnail","hentry","category-featured","category-societe","tag-bouake","tag-lannee-academique-2025-2026","tag-luniversite-internationale-ick","tag-officiellement"],"_links":{"self":[{"href":"https:\/\/www.lintelligentdabidjan.info\/news\/wp-json\/wp\/v2\/posts\/41289","targetHints":{"allow":["GET"]}}],"collection":[{"href":"https:\/\/www.lintelligentdabidjan.info\/news\/wp-json\/wp\/v2\/posts"}],"about":[{"href":"https:\/\/www.lintelligentdabidjan.info\/news\/wp-json\/wp\/v2\/types\/post"}],"author":[{"embeddable":true,"href":"https:\/\/www.lintelligentdabidjan.info\/news\/wp-json\/wp\/v2\/users\/4"}],"replies":[{"embeddable":true,"href":"https:\/\/www.lintelligentdabidjan.info\/news\/wp-json\/wp\/v2\/comments?post=41289"}],"version-history":[{"count":1,"href":"https:\/\/www.lintelligentdabidjan.info\/news\/wp-json\/wp\/v2\/posts\/41289\/revisions"}],"predecessor-version":[{"id":41291,"href":"https:\/\/www.lintelligentdabidjan.info\/news\/wp-json\/wp\/v2\/posts\/41289\/revisions\/41291"}],"wp:featuredmedia":[{"embeddable":true,"href":"https:\/\/www.lintelligentdabidjan.info\/news\/wp-json\/wp\/v2\/media\/41290"}],"wp:attachment":[{"href":"https:\/\/www.lintelligentdabidjan.info\/news\/wp-json\/wp\/v2\/media?parent=41289"}],"wp:term":[{"taxonomy":"category","embeddable":true,"href":"https:\/\/www.lintelligentdabidjan.info\/news\/wp-json\/wp\/v2\/categories?post=41289"},{"taxonomy":"post_tag","embeddable":true,"href":"https:\/\/www.lintelligentdabidjan.info\/news\/wp-json\/wp\/v2\/tags?post=41289"}],"curies":[{"name":"wp","href":"https:\/\/api.w.org\/{rel}","templated":true}]}}