{"id":41298,"date":"2025-12-01T07:44:42","date_gmt":"2025-12-01T06:44:42","guid":{"rendered":"https:\/\/www.lintelligentdabidjan.info\/news\/?p=41298"},"modified":"2025-12-01T07:45:23","modified_gmt":"2025-12-01T06:45:23","slug":"bin-houye-le-maire-andre-meman-dresse-le-bilan-et-devoile-ses-priorites-pour-2026","status":"publish","type":"post","link":"https:\/\/www.lintelligentdabidjan.info\/news\/bin-houye-le-maire-andre-meman-dresse-le-bilan-et-devoile-ses-priorites-pour-2026\/","title":{"rendered":"Bin-Houy\u00e9:  Le maire Andr\u00e9 Meman dresse le bilan et d\u00e9voile ses priorit\u00e9s pour 2026"},"content":{"rendered":"<p><em><strong>Andr\u00e9 Narcisse Meman, maire de Bin-Houy\u00e9, commune situ\u00e9e dans <a href=\"https:\/\/www.lintelligentdabidjan.info\/news\/cote-divoire-demontrer-que-la-region-du-tonkpi-adhere-pleinement-au-rhdp-albert-flinde\/\" target=\"_blank\" rel=\"noopener\">la r\u00e9gion du Tonkpi<\/a>, \u00e9tait l&#8217;invit\u00e9 de l\u2019\u00e9mission Les Entretiens, diffus\u00e9e sur L\u2019Intelligent TV, le mercredi 26 novembre 2025.<\/strong><\/em><\/p>\n<p>Il a \u00e9voqu\u00e9 plusieurs projets majeurs r\u00e9alis\u00e9s par son \u00e9quipe depuis son arriv\u00e9e \u00e0 la t\u00eate de la commune en 2018, notamment dans le domaine de la sant\u00e9.<\/p>\n<p>\u00ab Nous avons trouv\u00e9 une commune qui ne disposait que d\u2019un seul centre de sant\u00e9, avec un m\u00e9decin, deux infirmiers et une seule sage-femme. Nous avons tr\u00e8s rapidement achev\u00e9 les chantiers de construction de dispensaires ruraux ouverts par nos pr\u00e9d\u00e9cesseurs dans deux villages. En plus de cela, nous avons proc\u00e9d\u00e9 \u00e0 la cl\u00f4ture du centre de sant\u00e9 de Bin-Houy\u00e9 afin d\u2019apporter plus de s\u00e9r\u00e9nit\u00e9 aux malades et au personnel soignant, qui \u00e9taient expos\u00e9s \u00e0 une forme d\u2019ins\u00e9curit\u00e9 et \u00e0 la divagation des animaux. Nous avons \u00e9galement r\u00e9alis\u00e9 trois autres dispensaires dans trois villages diff\u00e9rents, car la sant\u00e9 en milieu rural \u00e9tait notre priorit\u00e9. Aujourd\u2019hui, nous sommes pass\u00e9s de z\u00e9ro dispensaire ou structure sanitaire fonctionnelle en milieu rural \u00e0 cinq \u00bb, a-t-il indiqu\u00e9.<\/p>\n<p>Selon le maire, ces travaux ont \u00e9t\u00e9 enti\u00e8rement financ\u00e9s par la mairie, pour un montant d\u2019environ 300 millions de francs CFA. Des r\u00e9alisations qui ont, selon lui, am\u00e9lior\u00e9 le quotidien des populations : \u00ab Les habitants parcourent d\u00e9sormais moins de 4 kilom\u00e8tres pour acc\u00e9der \u00e0 un centre de sant\u00e9, ce qui n\u2019\u00e9tait pas le cas auparavant. Cela signifie davantage de proximit\u00e9, une prise en charge plus rapide et renforc\u00e9e, et des \u00e9conomies r\u00e9alis\u00e9es par les familles. \u00bb<\/p>\n<h2><strong>Priorit\u00e9s pour 2026<\/strong><\/h2>\n<p>Le maire a \u00e9galement pr\u00e9sent\u00e9 ses priorit\u00e9s pour l\u2019ann\u00e9e 2026, ax\u00e9es sur la sant\u00e9 et l\u2019\u00e9ducation.<\/p>\n<blockquote><p>Nous avons donc d\u00e9cid\u00e9 de r\u00e9aliser un deuxi\u00e8me b\u00e2timen<\/p><\/blockquote>\n<p>&nbsp;<\/p>\n<p>\u00ab Nos priorit\u00e9s, c\u2019est d\u2019abord de poursuivre ce que nous avons commenc\u00e9 en mati\u00e8re de sant\u00e9. En 2026, nous pr\u00e9voyons de construire trois centres de sant\u00e9 ruraux, c\u2019est-\u00e0-dire une infirmerie et une maternit\u00e9, afin de compl\u00e9ter le dispositif et faire en sorte que nos parents ne parcourent plus de 4 kilom\u00e8tres pour acc\u00e9der \u00e0 un infirmier.<\/p>\n<p>En mati\u00e8re d\u2019\u00e9ducation, nous avons d\u00e9cid\u00e9 que les paillotes doivent dispara\u00eetre de nos \u00e9coles rurales. Nous avons trouv\u00e9 huit \u00e9coles o\u00f9 il n\u2019y avait qu\u2019un seul b\u00e2timent de trois classes. Nous avons donc d\u00e9cid\u00e9 de r\u00e9aliser un deuxi\u00e8me b\u00e2timent dans chaque \u00e9cole. Notre objectif est aussi de faire en sorte que les enfants n\u2019aient plus \u00e0 quitter leur village pour aller \u00e0 l\u2019\u00e9cole, en construisant une \u00e9cole dans chaque localit\u00e9. \u00bb<\/p>\n<p>Outre les projets r\u00e9alis\u00e9s et ceux \u00e0 venir, Andr\u00e9 Narcisse Meman a \u00e9galement abord\u00e9 la planification strat\u00e9gique du d\u00e9veloppement local, la <a href=\"https:\/\/www.lepointsur.com\/article\/cote-divoire-bin-houye-le-maire-meman-andre-veut-redonner-toute-sa-splendeur-a-la-commune\" target=\"_blank\" rel=\"noopener\">coop\u00e9ration d\u00e9centralis\u00e9e<\/a>, la place de la jeunesse et des femmes, la gestion administrative, la s\u00e9curit\u00e9 et la coh\u00e9sion sociale dans cette commune frontali\u00e8re avec le Liberia.<\/p>\n<p>&nbsp;<\/p>\n<p><strong>Ibrahim Khalil<\/strong><\/p>\n<p>&nbsp;<\/p>\n<p>&nbsp;<\/p>\n<p>&nbsp;<\/p>\n","protected":false},"excerpt":{"rendered":"<p>Andr\u00e9 Narcisse Meman, maire de Bin-Houy\u00e9, commune situ\u00e9e dans la r\u00e9gion du Tonkpi, \u00e9tait l&#8217;invit\u00e9 de l\u2019\u00e9mission Les Entretiens, diffus\u00e9e sur L\u2019Intelligent TV, le mercredi 26 novembre 2025. Il a \u00e9voqu\u00e9 plusieurs projets majeurs r\u00e9alis\u00e9s par son \u00e9quipe depuis son arriv\u00e9e \u00e0 la t\u00eate de la commune en 2018, notamment dans le domaine de la [&hellip;]<\/p>\n","protected":false},"author":4,"featured_media":41299,"comment_status":"closed","ping_status":"closed","sticky":false,"template":"","format":"standard","meta":{"_monsterinsights_skip_tracking":false,"_monsterinsights_sitenote_active":false,"_monsterinsights_sitenote_note":"","_monsterinsights_sitenote_category":0,"footnotes":""},"categories":[2,3],"tags":[1868,6541,6542,6543],"class_list":["post-41298","post","type-post","status-publish","format-standard","has-post-thumbnail","hentry","category-featured","category-societe","tag-bilan","tag-bin-houye","tag-le-maire-andre-meman","tag-priorites-pour-2026"],"_links":{"self":[{"href":"https:\/\/www.lintelligentdabidjan.info\/news\/wp-json\/wp\/v2\/posts\/41298","targetHints":{"allow":["GET"]}}],"collection":[{"href":"https:\/\/www.lintelligentdabidjan.info\/news\/wp-json\/wp\/v2\/posts"}],"about":[{"href":"https:\/\/www.lintelligentdabidjan.info\/news\/wp-json\/wp\/v2\/types\/post"}],"author":[{"embeddable":true,"href":"https:\/\/www.lintelligentdabidjan.info\/news\/wp-json\/wp\/v2\/users\/4"}],"replies":[{"embeddable":true,"href":"https:\/\/www.lintelligentdabidjan.info\/news\/wp-json\/wp\/v2\/comments?post=41298"}],"version-history":[{"count":1,"href":"https:\/\/www.lintelligentdabidjan.info\/news\/wp-json\/wp\/v2\/posts\/41298\/revisions"}],"predecessor-version":[{"id":41300,"href":"https:\/\/www.lintelligentdabidjan.info\/news\/wp-json\/wp\/v2\/posts\/41298\/revisions\/41300"}],"wp:featuredmedia":[{"embeddable":true,"href":"https:\/\/www.lintelligentdabidjan.info\/news\/wp-json\/wp\/v2\/media\/41299"}],"wp:attachment":[{"href":"https:\/\/www.lintelligentdabidjan.info\/news\/wp-json\/wp\/v2\/media?parent=41298"}],"wp:term":[{"taxonomy":"category","embeddable":true,"href":"https:\/\/www.lintelligentdabidjan.info\/news\/wp-json\/wp\/v2\/categories?post=41298"},{"taxonomy":"post_tag","embeddable":true,"href":"https:\/\/www.lintelligentdabidjan.info\/news\/wp-json\/wp\/v2\/tags?post=41298"}],"curies":[{"name":"wp","href":"https:\/\/api.w.org\/{rel}","templated":true}]}}