{"id":41304,"date":"2025-12-01T19:28:25","date_gmt":"2025-12-01T18:28:25","guid":{"rendered":"https:\/\/www.lintelligentdabidjan.info\/news\/?p=41304"},"modified":"2025-12-01T19:30:24","modified_gmt":"2025-12-01T18:30:24","slug":"76%e1%b5%89-journee-mondiale-de-lurbanisme-bruno-kone-appelle-a-une-planification-urbaine-plus-inclusive-et-durable","status":"publish","type":"post","link":"https:\/\/www.lintelligentdabidjan.info\/news\/76%e1%b5%89-journee-mondiale-de-lurbanisme-bruno-kone-appelle-a-une-planification-urbaine-plus-inclusive-et-durable\/","title":{"rendered":"76\u1d49 Journ\u00e9e mondiale de l\u2019Urbanisme :  Bruno Kon\u00e9 appelle \u00e0 une planification urbaine plus inclusive et durable"},"content":{"rendered":"<p><em><strong>Bruno Kon\u00e9 plaide pour une planification urbaine plus inclusive et durable \u00e0 l\u2019occasion de la 76\u1d49 Journ\u00e9e mondiale de l\u2019Urbanisme.<\/strong><\/em><\/p>\n<p>\u00c0 l\u2019occasion de la 76\u1d49 Journ\u00e9e mondiale de l\u2019Urbanisme, c\u00e9l\u00e9br\u00e9e chaque ann\u00e9e le 08 novembre, le ministre de la Construction, du Logement et de l\u2019Urbanisme, Bruno Nabagn\u00e9 Kon\u00e9, a livr\u00e9 une d\u00e9claration le lundi 1er d\u00e9cembre 2025, marqu\u00e9e par une vision \u00e9largie et ambitieuse pour les villes ivoiriennes. Il a choisi de s\u2019exprimer \u00e0 la cl\u00f4ture du Mois de l\u2019Urbanisme, estimant que son message devait s\u2019inscrire dans la continuit\u00e9 des activit\u00e9s, r\u00e9flexions et concertations men\u00e9es tout au long de cette p\u00e9riode.<\/p>\n<p>S\u2019exprimant sur le th\u00e8me international : \u00ab Avec l\u2019urbanisme, c\u2019est possible : fournir des logements, cr\u00e9er des lieux r\u00e9silients et r\u00e9duire les in\u00e9galit\u00e9s sociales et spatiales pour toutes les communaut\u00e9s \u00bb, le ministre a rappel\u00e9 que l\u2019urbanisme n\u2019est pas seulement un outil technique, mais un levier de transformation sociale, \u00e9conomique et de dignit\u00e9 pour les populations.<\/p>\n<p><strong>Une croissance urbaine fulgurante \u00e0 encadrer<\/strong><\/p>\n<p>La C\u00f4te d\u2019Ivoire est d\u00e9sormais un pays majoritairement urbain, a rappel\u00e9 Bruno Nabagn\u00e9 Kon\u00e9. En effet, la population urbaine est pass\u00e9e de 32 % en 1975 \u00e0 53 % en 2021. Le nombre de villes a, quant \u00e0 lui, tripl\u00e9 en 23 ans, passant de 127 en 1998 \u00e0 393 en 2021.<br \/>\nPour le ministre, cette croissance rapide, bien que porteuse d\u2019opportunit\u00e9s, exerce une pression forte sur les infrastructures, les services publics et l\u2019environnement, rendant indispensable une planification coh\u00e9rente et responsable.<\/p>\n<p><strong>Des r\u00e9formes majeures pour structurer le d\u00e9veloppement territorial<\/strong><\/p>\n<p>Sous l\u2019impulsion du Pr\u00e9sident de la R\u00e9publique, Alassane Ouattara, le Gouvernement a fait de la planification urbaine une priorit\u00e9 nationale. Le cadre juridique modernis\u00e9, notamment avec le Code de l\u2019Urbanisme et le Domaine Foncier Urbain, permet d\u00e9sormais d\u2019orienter de mani\u00e8re plus efficace les investissements publics et priv\u00e9s, tout en renfor\u00e7ant la s\u00e9curit\u00e9 fonci\u00e8re.<\/p>\n<p>Le ministre a \u00e9galement mis en avant l\u2019avancement des documents de planification urbaine :<\/p>\n<p>52 localit\u00e9s disposent d\u00e9j\u00e0 d\u2019outils de planification ;Abidjan, Yamoussoukro et Bouak\u00e9 sont dot\u00e9es d\u2019un Sch\u00e9ma Directeur d\u2019Urbanisme ;31 villes chefs-lieux de r\u00e9gion poss\u00e8dent un Plan d\u2019Urbanisme Directeur ; 80 chefs-lieux de d\u00e9partement et de sous-pr\u00e9fecture sont en phase de finalisation de leurs PUD et PUd ; 66 nouvelles communes verront bient\u00f4t l\u2019\u00e9laboration de leurs documents d\u2019urbanisme.<\/p>\n<p>Ces efforts visent, selon lui, \u00e0 b\u00e2tir des villes structur\u00e9es, r\u00e9silientes, inclusives et capables d\u2019offrir un cadre de vie digne \u00e0 tous.<\/p>\n<p>Des projets structurants pour moderniser les villes ivoiriennes<\/p>\n<p>Au chapitre des innovations et projets en cours, le ministre a cit\u00e9 :<\/p>\n<p>le Syst\u00e8me Int\u00e9gr\u00e9 de Gestion du Foncier Urbain (SIGFU),<\/p>\n<p>le Projet de Transport Urbain d\u2019Abidjan (PTUA),<\/p>\n<p>l\u2019Attestation de Droit d\u2019Usage coutumier (ADU),<\/p>\n<p>le Projet d\u2019Am\u00e9nagement des Quartiers Restructur\u00e9s d\u2019Abidjan (PAQRA),le Projet AQABA \u00e0 San Pedro.<\/p>\n<p>&nbsp;<\/p>\n<p>&#8220;Nous agissons \u00e9galement pour \u00e9largir l\u2019acc\u00e8s au logement, notamment \u00e0 travers le Programme Pr\u00e9sidentiel de Construction de Logements Sociaux et \u00c9conomiques et le Programme d\u2019Urgence de 25 000 logements. Parall\u00e8lement, nous poursuivons la modernisation des services urbains gr\u00e2ce \u00e0 l\u2019adressage national, \u00e0 la num\u00e9risation des proc\u00e9dures et \u00e0 une programmation mieux coordonn\u00e9e des projets d\u2019am\u00e9nagement, y compris dans les villes de l\u2019int\u00e9rieur. La planification pr\u00e9ventive et les Zones d\u2019Am\u00e9nagement Diff\u00e9r\u00e9 constituent, \u00e0 cet \u00e9gard, des leviers essentiels pour anticiper les besoins, r\u00e9duire les in\u00e9galit\u00e9s et prot\u00e9ger les g\u00e9n\u00e9rations futures&#8221;, a t-il d\u00e9clar\u00e9.<\/p>\n<p><strong>Un appel \u00e0 la responsabilit\u00e9 citoyenne<\/strong><\/p>\n<p>Bruno Nabagn\u00e9 Kon\u00e9 a insist\u00e9 sur la responsabilit\u00e9 collective dans la r\u00e9ussite de la planification urbaine. Pour lui, le respect des normes urbanistiques ne doit pas \u00eatre per\u00e7u comme une contrainte administrative, mais comme un acte de civisme. Il a exhort\u00e9 les populations \u00e0 participer aux concertations et \u00e0 s\u2019approprier les outils de planification afin de pr\u00e9venir les occupations anarchiques et garantir des villes viables pour les g\u00e9n\u00e9rations futures.<\/p>\n<p><strong>\u00ab Avec l\u2019urbanisme, c\u2019est possible \u00bb : une conviction r\u00e9affirm\u00e9e<\/strong><\/p>\n<p>Pour conclure , le ministre a r\u00e9affirm\u00e9 l\u2019engagement du Gouvernement \u00e0 poursuivre les efforts en faveur d\u2019un d\u00e9veloppement urbain durable, r\u00e9silient et \u00e9quitable.<br \/>\nIl a appel\u00e9 \u00e0 unir les forces pour faire de l\u2019urbanisme un levier de progr\u00e8s, de coh\u00e9sion sociale et de prosp\u00e9rit\u00e9 pour la C\u00f4te d\u2019Ivoire.<\/p>\n<p><strong>Olivier Dion<\/strong><\/p>\n","protected":false},"excerpt":{"rendered":"<p>Bruno Kon\u00e9 plaide pour une planification urbaine plus inclusive et durable \u00e0 l\u2019occasion de la 76\u1d49 Journ\u00e9e mondiale de l\u2019Urbanisme. \u00c0 l\u2019occasion de la 76\u1d49 Journ\u00e9e mondiale de l\u2019Urbanisme, c\u00e9l\u00e9br\u00e9e chaque ann\u00e9e le 08 novembre, le ministre de la Construction, du Logement et de l\u2019Urbanisme, Bruno Nabagn\u00e9 Kon\u00e9, a livr\u00e9 une d\u00e9claration le lundi 1er [&hellip;]<\/p>\n","protected":false},"author":4,"featured_media":41305,"comment_status":"closed","ping_status":"closed","sticky":false,"template":"","format":"standard","meta":{"_monsterinsights_skip_tracking":false,"_monsterinsights_sitenote_active":false,"_monsterinsights_sitenote_note":"","_monsterinsights_sitenote_category":0,"footnotes":""},"categories":[2,18],"tags":[6544,73,1803,6546,6545],"class_list":["post-41304","post","type-post","status-publish","format-standard","has-post-thumbnail","hentry","category-featured","category-economie","tag-76-journee-mondiale-de-lurbanisme","tag-bruno-kone","tag-durable","tag-inclusive","tag-planification-urbaine"],"_links":{"self":[{"href":"https:\/\/www.lintelligentdabidjan.info\/news\/wp-json\/wp\/v2\/posts\/41304","targetHints":{"allow":["GET"]}}],"collection":[{"href":"https:\/\/www.lintelligentdabidjan.info\/news\/wp-json\/wp\/v2\/posts"}],"about":[{"href":"https:\/\/www.lintelligentdabidjan.info\/news\/wp-json\/wp\/v2\/types\/post"}],"author":[{"embeddable":true,"href":"https:\/\/www.lintelligentdabidjan.info\/news\/wp-json\/wp\/v2\/users\/4"}],"replies":[{"embeddable":true,"href":"https:\/\/www.lintelligentdabidjan.info\/news\/wp-json\/wp\/v2\/comments?post=41304"}],"version-history":[{"count":1,"href":"https:\/\/www.lintelligentdabidjan.info\/news\/wp-json\/wp\/v2\/posts\/41304\/revisions"}],"predecessor-version":[{"id":41306,"href":"https:\/\/www.lintelligentdabidjan.info\/news\/wp-json\/wp\/v2\/posts\/41304\/revisions\/41306"}],"wp:featuredmedia":[{"embeddable":true,"href":"https:\/\/www.lintelligentdabidjan.info\/news\/wp-json\/wp\/v2\/media\/41305"}],"wp:attachment":[{"href":"https:\/\/www.lintelligentdabidjan.info\/news\/wp-json\/wp\/v2\/media?parent=41304"}],"wp:term":[{"taxonomy":"category","embeddable":true,"href":"https:\/\/www.lintelligentdabidjan.info\/news\/wp-json\/wp\/v2\/categories?post=41304"},{"taxonomy":"post_tag","embeddable":true,"href":"https:\/\/www.lintelligentdabidjan.info\/news\/wp-json\/wp\/v2\/tags?post=41304"}],"curies":[{"name":"wp","href":"https:\/\/api.w.org\/{rel}","templated":true}]}}