{"id":41307,"date":"2025-12-02T06:16:54","date_gmt":"2025-12-02T05:16:54","guid":{"rendered":"https:\/\/www.lintelligentdabidjan.info\/news\/?p=41307"},"modified":"2025-12-02T06:17:07","modified_gmt":"2025-12-02T05:17:07","slug":"impactees-par-la-mine-dor-kone-des-populations-relocalisees-sur-un-40-hectares","status":"publish","type":"post","link":"https:\/\/www.lintelligentdabidjan.info\/news\/impactees-par-la-mine-dor-kone-des-populations-relocalisees-sur-un-40-hectares\/","title":{"rendered":"Impact\u00e9es par la mine d\u2019or Kon\u00e9:  Des populations relocalis\u00e9es sur un 40 hectares"},"content":{"rendered":"<p><em><strong>Le village de Gbongougo, dans la r\u00e9gion du B\u00e9r\u00e9, a offert un site de 40 hectares pour la relocalisation des populations impact\u00e9es par la construction de la <a href=\"https:\/\/www.lintelligentdabidjan.info\/news\/construction-dun-terminal-mineralier-au-port-dabidjan-le-projet-abidjan-mineral-gateway-obtient-ladhesion-des-exportateurs\/\" target=\"_blank\" rel=\"noopener\">mine<\/a> d\u2019or \u00ab Kon\u00e9 \u00bb, propri\u00e9t\u00e9 de la soci\u00e9t\u00e9 Montage Gold.\u00a0<\/strong><\/em><\/p>\n<p>&nbsp;<\/p>\n<p>Au nom du ministre des Mines, du P\u00e9trole et de l&#8217;\u00c9nergie, Seydou Coulibaly, directeur g\u00e9n\u00e9ral des Mines et de la G\u00e9ologie, a remis, le vendredi 28 novembre 2025 \u00e0 Gbongougo, les cl\u00e9s de 210 logements aux populations de Dolourougokaha, dont le campement se trouvait dans l&#8217;emprise de la mine Kon\u00e9.<\/p>\n<p>&nbsp;<\/p>\n<p>La soci\u00e9t\u00e9 mini\u00e8re Montage Gold, install\u00e9e dans les d\u00e9partements de Kani et de Dianra (B\u00e9r\u00e9), a relocalis\u00e9 un campement de plus de 500 habitants, impact\u00e9 par le projet de construction d\u2019une de ses mines d\u2019or baptis\u00e9e \u00ab Kon\u00e9 \u00bb. Il s\u2019agit du campement de Dolourougokaha, d\u00e9sormais situ\u00e9 \u00e0 environ 7 km de l\u2019ancien site et \u00e0 proximit\u00e9 du village de Gbongougo.<\/p>\n<p>Selon une note d&#8217;information, une partie du site, d\u2019une superficie de 40 hectares, a servi \u00e0 la construction de 210 logements modernes de deux \u00e0 quatre pi\u00e8ces destin\u00e9s aux populations impact\u00e9es, 64 latrines, 116 cuisines, 51 latrines-douches, une \u00e9cole primaire de trois classes avec trois logements d\u2019instituteur. Un centre communautaire, quatre forages assurant l\u2019acc\u00e8s \u00e0 l\u2019eau potable, deux magasins, une mosqu\u00e9e et une \u00e9glise, ainsi qu\u2019un march\u00e9 couvert sur le site du village de Gbongougo, une maternit\u00e9 avec logement de la sage-femme et un dispensaire avec logement de l\u2019infirmier sont \u00e9galement pr\u00e9vus, pour un montant global d&#8217;environ 5,2 milliards de FCFA.<\/p>\n<p>Le repr\u00e9sentant du ministre Mamadou Sangafowa Coulibaly s\u2019est f\u00e9licit\u00e9 de la r\u00e9alisation effective de cet important projet par la soci\u00e9t\u00e9 mini\u00e8re. Pour lui, cela marque une \u00e9tape d\u00e9cisive dans la mise en \u0153uvre concr\u00e8te du projet d\u2019exploitation de cette mine d\u2019or. \u00ab Les travaux r\u00e9alis\u00e9s dans le cadre du projet de construction de la mine d\u2019or Kon\u00e9 s\u2019inscrivent parfaitement dans le respect des attentes exprim\u00e9es par les populations lors des diff\u00e9rentes rencontres sectorielles \u00bb, a soulign\u00e9 Seydou Coulibaly.<\/p>\n<p>Il a exprim\u00e9 sa reconnaissance au village de Gbongougo pour avoir accueilli le campement de Dolourougokaha, ainsi qu\u2019aux autorit\u00e9s administratives et coutumi\u00e8res pour leur implication dans la m\u00e9diation et l\u2019orientation du processus. \u00ab Ce projet d\u00e9montre que l\u2019activit\u00e9 mini\u00e8re, lorsqu\u2019elle est bien pens\u00e9e et bien encadr\u00e9e, peut \u00eatre un v\u00e9ritable levier de d\u00e9veloppement dans nos r\u00e9gions. La relocalisation de Dolourougokaha est un succ\u00e8s collectif, un mod\u00e8le de collaboration et la preuve d\u2019un secteur minier qui progresse \u00bb, a-t-il poursuivi.<\/p>\n<blockquote><p>d\u00e9placement non volontaire<\/p><\/blockquote>\n<p>&nbsp;<\/p>\n<p>Seydou Coulibaly a exhort\u00e9 les populations de Dolourougokaha \u00e0 s\u2019approprier les infrastructures mises \u00e0 leur disposition, \u00e0 pr\u00e9server l\u2019environnement, les \u00e9quipements, et \u00e0 maintenir l\u2019esprit de solidarit\u00e9 et de coh\u00e9sion.<\/p>\n<p>Pour sa part, Oi N\u2019Guessan Pierre N\u2019Guessan, directeur pays de Montage Gold, a soulign\u00e9, au nom du CEO Martino de Ciccio, que cette c\u00e9r\u00e9monie marque la mat\u00e9rialisation des engagements de la soci\u00e9t\u00e9 mini\u00e8re envers les communaut\u00e9s impact\u00e9es : \u00ab Les travaux de construction de la mine Kon\u00e9 ont n\u00e9cessit\u00e9 le d\u00e9placement de populations. Pour notre soci\u00e9t\u00e9, il \u00e9tait imp\u00e9ratif que cette \u00e9tape, bien que d\u00e9licate, soit men\u00e9e avec la plus grande dignit\u00e9, en ad\u00e9quation totale avec la r\u00e9glementation ivoirienne et les meilleures pratiques internationales du secteur minier en mati\u00e8re de d\u00e9placement non volontaire \u00bb, a-t-il insist\u00e9.<\/p>\n<p>Il a ajout\u00e9 que la priorit\u00e9 pour sa soci\u00e9t\u00e9 a \u00e9t\u00e9 de garantir un processus juste, \u00e9quitable et transparent, assurant aux <a href=\"https:\/\/fr.apanews.net\/cote-divoire\/rci-un-campement-impacte-par-un-site-minier-relocalise\/\" target=\"_blank\" rel=\"noopener\">populations<\/a> de Dolourougokaha un niveau de vie \u00e9gal ou sup\u00e9rieur \u00e0 celui dont elles jouissaient auparavant.<\/p>\n<p>&nbsp;<\/p>\n<p><strong>Olivier Dion<\/strong><\/p>\n<p>&nbsp;<\/p>\n<p>&nbsp;<\/p>\n","protected":false},"excerpt":{"rendered":"<p>Le village de Gbongougo, dans la r\u00e9gion du B\u00e9r\u00e9, a offert un site de 40 hectares pour la relocalisation des populations impact\u00e9es par la construction de la mine d\u2019or \u00ab Kon\u00e9 \u00bb, propri\u00e9t\u00e9 de la soci\u00e9t\u00e9 Montage Gold.\u00a0 &nbsp; Au nom du ministre des Mines, du P\u00e9trole et de l&#8217;\u00c9nergie, Seydou Coulibaly, directeur g\u00e9n\u00e9ral des [&hellip;]<\/p>\n","protected":false},"author":4,"featured_media":41308,"comment_status":"closed","ping_status":"closed","sticky":false,"template":"","format":"standard","meta":{"_monsterinsights_skip_tracking":false,"_monsterinsights_sitenote_active":false,"_monsterinsights_sitenote_note":"","_monsterinsights_sitenote_category":0,"footnotes":""},"categories":[2,18],"tags":[3280,2519,6548,6547,1512,6549],"class_list":["post-41307","post","type-post","status-publish","format-standard","has-post-thumbnail","hentry","category-featured","category-economie","tag-hectares","tag-impactees","tag-kone","tag-la-mine-dor","tag-populations","tag-relocalisees"],"_links":{"self":[{"href":"https:\/\/www.lintelligentdabidjan.info\/news\/wp-json\/wp\/v2\/posts\/41307","targetHints":{"allow":["GET"]}}],"collection":[{"href":"https:\/\/www.lintelligentdabidjan.info\/news\/wp-json\/wp\/v2\/posts"}],"about":[{"href":"https:\/\/www.lintelligentdabidjan.info\/news\/wp-json\/wp\/v2\/types\/post"}],"author":[{"embeddable":true,"href":"https:\/\/www.lintelligentdabidjan.info\/news\/wp-json\/wp\/v2\/users\/4"}],"replies":[{"embeddable":true,"href":"https:\/\/www.lintelligentdabidjan.info\/news\/wp-json\/wp\/v2\/comments?post=41307"}],"version-history":[{"count":1,"href":"https:\/\/www.lintelligentdabidjan.info\/news\/wp-json\/wp\/v2\/posts\/41307\/revisions"}],"predecessor-version":[{"id":41309,"href":"https:\/\/www.lintelligentdabidjan.info\/news\/wp-json\/wp\/v2\/posts\/41307\/revisions\/41309"}],"wp:featuredmedia":[{"embeddable":true,"href":"https:\/\/www.lintelligentdabidjan.info\/news\/wp-json\/wp\/v2\/media\/41308"}],"wp:attachment":[{"href":"https:\/\/www.lintelligentdabidjan.info\/news\/wp-json\/wp\/v2\/media?parent=41307"}],"wp:term":[{"taxonomy":"category","embeddable":true,"href":"https:\/\/www.lintelligentdabidjan.info\/news\/wp-json\/wp\/v2\/categories?post=41307"},{"taxonomy":"post_tag","embeddable":true,"href":"https:\/\/www.lintelligentdabidjan.info\/news\/wp-json\/wp\/v2\/tags?post=41307"}],"curies":[{"name":"wp","href":"https:\/\/api.w.org\/{rel}","templated":true}]}}