{"id":41310,"date":"2025-12-02T06:22:30","date_gmt":"2025-12-02T05:22:30","guid":{"rendered":"https:\/\/www.lintelligentdabidjan.info\/news\/?p=41310"},"modified":"2025-12-02T06:22:35","modified_gmt":"2025-12-02T05:22:35","slug":"brunch-des-tchansi-3-les-productions-agricoles-au-coeur-des-festivites","status":"publish","type":"post","link":"https:\/\/www.lintelligentdabidjan.info\/news\/brunch-des-tchansi-3-les-productions-agricoles-au-coeur-des-festivites\/","title":{"rendered":"Brunch des Tchansi 3:  Les productions agricoles\u00a0 au c\u0153ur des festivit\u00e9s"},"content":{"rendered":"<p><strong>La conf\u00e9rence de presse de lancement de la 3\u00e8 \u00e9dition de la <a href=\"https:\/\/www.lintelligentdabidjan.info\/news\/foire-nationale-de-lemploi-et-du-recrutement-des-perspectives-concretes-pour-les-jeunes-de-yamoussoukro\/\" target=\"_blank\" rel=\"noopener\">foire agricole<\/a> d\u00e9nomm\u00e9e \u00ab Brunch des Tchansi \u00bb s\u2019est d\u00e9roul\u00e9e, le samedi 29 novembre 2025 \u00e0 Abidjan-Cocody-Palmeraie.<\/strong><\/p>\n<p>\u00c0 cette occasion, Zambl\u00e9 Lou Julia, commissaire g\u00e9n\u00e9rale, a indiqu\u00e9 que la troisi\u00e8me \u00e9dition de la foire agricole d\u00e9nomm\u00e9e \u00ab Brunch des Tchansi \u00bb se tiendra du 11 au 13 d\u00e9cembre 2025 au rond-point d\u2019Abidjan-Cocody-Rivi\u00e8ra-Palmeraie.\u00a0 Selon elle, cette \u00e9dition ambitionne d\u2019offrir une v\u00e9ritable plateforme de r\u00e9seautage, de partage d\u2019opportunit\u00e9s et de valorisation des acteurs de la cha\u00eene agricole, avec un accent particulier sur les femmes du vivrier, les productrices, les transformatrices et les exportateurs. Plac\u00e9e sous le th\u00e8me \u00ab Femme, agriculture : moteurs du d\u00e9veloppement durable \u00bb, cette \u00e9dition ambitionne de mettre en lumi\u00e8re la contribution essentielle des femmes au d\u00e9veloppement agricole et \u00e0 la transformation \u00e9conomique du pays. \u00ab Nous voulons mettre en avant toute la cr\u00e8me de la production agricole, toutes ces personnes gr\u00e2ce auxquelles nous avons de quoi nous nourrir et acc\u00e9der \u00e0 divers produits d\u00e9riv\u00e9s. La 3\u1d49 \u00e9dition du Brunch des Tchansi mettra en lumi\u00e8re les talents, les richesses et l\u2019\u00e9nergie cr\u00e9ative de notre pays. Nous ouvrons une nouvelle page de notre engagement \u00e0 travers Le March\u00e9 Gouro\u00bb, a-t-elle d\u00e9clar\u00e9. Elle a soulign\u00e9 que cette \u00e9dition sera meubl\u00e9e par une grande foire agricole baptis\u00e9e \u00ab Le March\u00e9 Gouro \u00bb, un espace qui r\u00e9unira femmes entrepreneures, producteurs et acteurs-cl\u00e9s de la cha\u00eene agricole. Cette foire a \u00e9t\u00e9 con\u00e7ue pour valoriser les produits du terroir, encourager l\u2019innovation et renforcer le r\u00f4le de l\u2019agriculture dans la dynamique de d\u00e9veloppement durable.\u00a0 L\u2019un des temps forts annonc\u00e9s est un d\u00eener- gala destin\u00e9 \u00e0 rendre hommage aux responsables et propri\u00e9taires de march\u00e9s, ainsi qu\u2019aux figures embl\u00e9matiques du commerce vivrier, notamment celles des march\u00e9s de Cocovico \u00e0 Cocody, Yopougon et Adjam\u00e9. \u00ab Il s\u2019agit de mettre un nom et un visage sur ces personnes, de les honorer et de leur dire merci \u00bb, a insist\u00e9 Julia Zambl\u00e9 Lou.<\/p>\n<p>Un d\u00eener-gala d\u2019honneur sera organis\u00e9 pour c\u00e9l\u00e9brer des femmes et des hommes dont les actions contribuent \u00e0 la transformation et au rayonnement du secteur agricole ivoirien. Des milliers de visiteurs sont attendus \u00e0 cette<a href=\"https:\/\/www.aip.ci\/285483\/cote-divoire-aip-brunch-des-tchansi-la-3e-edition-prevue-du-11-au-13-decembre-a-abidjan\/\" target=\"_blank\" rel=\"noopener\"> 3\u1d49 \u00e9dition<\/a>, o\u00f9 la valorisation des produits bio et les initiatives locales en faveur d\u2019une agriculture durable seront particuli\u00e8rement mises en avant.<\/p>\n<p><strong>Olivier Dion avec A. Traor\u00e9 avec sercom<\/strong><\/p>\n<p>&nbsp;<\/p>\n<p>&nbsp;<\/p>\n<p>&nbsp;<\/p>\n","protected":false},"excerpt":{"rendered":"<p>La conf\u00e9rence de presse de lancement de la 3\u00e8 \u00e9dition de la foire agricole d\u00e9nomm\u00e9e \u00ab Brunch des Tchansi \u00bb s\u2019est d\u00e9roul\u00e9e, le samedi 29 novembre 2025 \u00e0 Abidjan-Cocody-Palmeraie. \u00c0 cette occasion, Zambl\u00e9 Lou Julia, commissaire g\u00e9n\u00e9rale, a indiqu\u00e9 que la troisi\u00e8me \u00e9dition de la foire agricole d\u00e9nomm\u00e9e \u00ab Brunch des Tchansi \u00bb se tiendra [&hellip;]<\/p>\n","protected":false},"author":4,"featured_media":41311,"comment_status":"closed","ping_status":"closed","sticky":false,"template":"","format":"standard","meta":{"_monsterinsights_skip_tracking":false,"_monsterinsights_sitenote_active":false,"_monsterinsights_sitenote_note":"","_monsterinsights_sitenote_category":0,"footnotes":""},"categories":[2,18],"tags":[6550,3317,6551],"class_list":["post-41310","post","type-post","status-publish","format-standard","has-post-thumbnail","hentry","category-featured","category-economie","tag-brunch-des-tchansi-3","tag-festivites","tag-les-productions-agricoles"],"_links":{"self":[{"href":"https:\/\/www.lintelligentdabidjan.info\/news\/wp-json\/wp\/v2\/posts\/41310","targetHints":{"allow":["GET"]}}],"collection":[{"href":"https:\/\/www.lintelligentdabidjan.info\/news\/wp-json\/wp\/v2\/posts"}],"about":[{"href":"https:\/\/www.lintelligentdabidjan.info\/news\/wp-json\/wp\/v2\/types\/post"}],"author":[{"embeddable":true,"href":"https:\/\/www.lintelligentdabidjan.info\/news\/wp-json\/wp\/v2\/users\/4"}],"replies":[{"embeddable":true,"href":"https:\/\/www.lintelligentdabidjan.info\/news\/wp-json\/wp\/v2\/comments?post=41310"}],"version-history":[{"count":1,"href":"https:\/\/www.lintelligentdabidjan.info\/news\/wp-json\/wp\/v2\/posts\/41310\/revisions"}],"predecessor-version":[{"id":41312,"href":"https:\/\/www.lintelligentdabidjan.info\/news\/wp-json\/wp\/v2\/posts\/41310\/revisions\/41312"}],"wp:featuredmedia":[{"embeddable":true,"href":"https:\/\/www.lintelligentdabidjan.info\/news\/wp-json\/wp\/v2\/media\/41311"}],"wp:attachment":[{"href":"https:\/\/www.lintelligentdabidjan.info\/news\/wp-json\/wp\/v2\/media?parent=41310"}],"wp:term":[{"taxonomy":"category","embeddable":true,"href":"https:\/\/www.lintelligentdabidjan.info\/news\/wp-json\/wp\/v2\/categories?post=41310"},{"taxonomy":"post_tag","embeddable":true,"href":"https:\/\/www.lintelligentdabidjan.info\/news\/wp-json\/wp\/v2\/tags?post=41310"}],"curies":[{"name":"wp","href":"https:\/\/api.w.org\/{rel}","templated":true}]}}