{"id":41313,"date":"2025-12-02T06:27:44","date_gmt":"2025-12-02T05:27:44","guid":{"rendered":"https:\/\/www.lintelligentdabidjan.info\/news\/?p=41313"},"modified":"2025-12-02T06:27:49","modified_gmt":"2025-12-02T05:27:49","slug":"editions-felix-houphouet-boigny-14-nouveaux-ouvrages-pour-la-rentree-litteraire-2025","status":"publish","type":"post","link":"https:\/\/www.lintelligentdabidjan.info\/news\/editions-felix-houphouet-boigny-14-nouveaux-ouvrages-pour-la-rentree-litteraire-2025\/","title":{"rendered":"\u00c9ditions F\u00e9lix Houphou\u00ebt-Boigny:  14 nouveaux ouvrages pour la rentr\u00e9e litt\u00e9raire 2025"},"content":{"rendered":"<p><strong>La rentr\u00e9e <a href=\"https:\/\/www.lintelligentdabidjan.info\/news\/dedicace-litteraire-noe-moise-kossonou-appelle-a-une-nouvelle-trajectoire-pour-la-cote-divoire\/\" target=\"_blank\" rel=\"noopener\">litt\u00e9raire<\/a> des \u00c9ditions F\u00e9lix Houphou\u00ebt-Boigny (\u00c9ditions F.H.B) a eu lieu le samedi 29 novembre 2025, dans un h\u00f4tel d\u2019Abidjan-Cocody.<\/strong><\/p>\n<p>La rentr\u00e9e litt\u00e9raire des \u00c9ditions F.H.B est un rendez-vous annuel d\u00e9di\u00e9 \u00e0 la valorisation de la production intellectuelle, scientifique et litt\u00e9raire ivoirienne. L\u2019objectif est de mettre en lumi\u00e8re les ouvrages qui font avancer la r\u00e9flexion et enrichissent le patrimoine intellectuel du pays. \u00ab L&#8217;\u00e9dition 2025 pr\u00e9sente 14 nouveaux ouvrages, couvrant l&#8217;histoire, la politique, la paix, les dynamiques sociales, les migrations, l&#8217;\u00e9conomie, les relations internationales et la biographie. Un panorama riche et diversifi\u00e9, \u00e0 l&#8217;image des d\u00e9fis contemporains de la C\u00f4te d&#8217;Ivoire et de l&#8217;Afrique \u00bb, a d\u00e9clar\u00e9 Jean-No\u00ebl Loucou, secr\u00e9taire g\u00e9n\u00e9ral de la Fondation F\u00e9lix Houphou\u00ebt-Boigny pour la recherche de la paix.<\/p>\n<p>&nbsp;<\/p>\n<h2><strong>Les nouveaux d\u00e9fis des \u00c9ditions F.H.B<\/strong><\/h2>\n<blockquote><p>le temps de former notre personnel<\/p><\/blockquote>\n<p>&nbsp;<\/p>\n<p>Par ailleurs, Jean-No\u00ebl Loucou a \u00e9voqu\u00e9 les efforts d\u00e9ploy\u00e9s au cours des quinze ann\u00e9es d&#8217;existence des \u00c9ditions F.H.B pour se faire une juste place dans le domaine des \u00e9ditions universitaires. Il a soulign\u00e9 que le cap sera maintenu, mais avec de nouveaux d\u00e9fis \u00e0 relever, notamment l&#8217;impl\u00e9mentation de l\u2019imprimerie qui sera pleinement op\u00e9rationnelle en 2026. \u00ab Nous avons pris le temps de former notre personnel pendant deux ans pour atteindre l&#8217;objectif d&#8217;une imprimerie professionnelle, capable de livrer des ouvrages de qualit\u00e9 r\u00e9pondant aux standards internationaux. Nous ne comptons pas nous reposer sur les quelques lauriers que nous avons pu glaner gr\u00e2ce au concours de nos coll\u00e8gues, enseignants, chercheurs et partenaires techniques. Nous axerons nos efforts sur trois domaines : la diffusion internationale de nos ouvrages, leur traduction en anglais et la promotion de nos langues nationales. Sur ce dernier point, nous avons publi\u00e9, pour commencer, deux livres pour enfants en \u00e9dition bilingue fran\u00e7ais-dioula et fran\u00e7ais-baoul\u00e9 \u00bb, a-t-il d\u00e9taill\u00e9, encourageant ainsi ses compatriotes \u00e0 \u00e9crire sur tous les sujets, en affirmant qu&#8217;ils disposent d&#8217;une s\u00e9rie hors collection pour ce genre d&#8217;\u00e9crits. \u00ab Nous avons tant \u00e0 \u00e9crire pour mieux faire conna\u00eetre nos soci\u00e9t\u00e9s et cultures traditionnelles, afin de redresser les erreurs et falsifications des auteurs \u00e9trangers. Je pense ici \u00e0 ceux que l&#8217;on appelle les africanistes, c&#8217;est-\u00e0-dire les sp\u00e9cialistes non-africains de l&#8217;Afrique \u00bb, a-t-il ajout\u00e9. Jean-No\u00ebl Loucou a \u00e9galement invit\u00e9 \u00e0 r\u00e9fl\u00e9chir sur les probl\u00e8mes de l&#8217;Afrique d&#8217;aujourd&#8217;hui, en sortant des sentiers battus et en proposant des solutions novatrices permettant un d\u00e9veloppement r\u00e9el et endog\u00e8ne.<\/p>\n<p>&nbsp;<\/p>\n<h3><strong>Pr\u00e9sentation des \u00c9ditions F.H.B<\/strong><\/h3>\n<p>&nbsp;<\/p>\n<p>Selon un document mis \u00e0 notre disposition, les \u00c9ditions F.H.B sont la branche \u00e9ditoriale de la Fondation F\u00e9lix Houphou\u00ebt-Boigny pour la Recherche de la Paix. Elles ont pour mission de publier des travaux acad\u00e9miques,<a href=\"https:\/\/www.pressreader.com\/cote-d-ivoire\/fraternite-matin\/20251202\/281685441152890?srsltid=AfmBOorD5Z1vJKr0-_L6J7nVRGl5VMvf-SP1G7UMXbRtIFbI_Fblf8Xo\" target=\"_blank\" rel=\"noopener\"> historiques, sociopolitiques et litt\u00e9raires<\/a> qui \u00e9clairent la compr\u00e9hension des soci\u00e9t\u00e9s africaines. \u00c0 travers leurs collections, elles contribuent \u00e0 promouvoir la recherche, pr\u00e9server la m\u00e9moire collective et encourager les d\u00e9bats intellectuels.<\/p>\n<p>&nbsp;<\/p>\n<p><strong>Tour\u00e9 Abdoulaye avec A. Traor\u00e9\u00a0<\/strong><\/p>\n<p>&nbsp;<\/p>\n<p>&nbsp;<\/p>\n<p>&nbsp;<\/p>\n","protected":false},"excerpt":{"rendered":"<p>La rentr\u00e9e litt\u00e9raire des \u00c9ditions F\u00e9lix Houphou\u00ebt-Boigny (\u00c9ditions F.H.B) a eu lieu le samedi 29 novembre 2025, dans un h\u00f4tel d\u2019Abidjan-Cocody. La rentr\u00e9e litt\u00e9raire des \u00c9ditions F.H.B est un rendez-vous annuel d\u00e9di\u00e9 \u00e0 la valorisation de la production intellectuelle, scientifique et litt\u00e9raire ivoirienne. L\u2019objectif est de mettre en lumi\u00e8re les ouvrages qui font avancer la [&hellip;]<\/p>\n","protected":false},"author":4,"featured_media":41314,"comment_status":"closed","ping_status":"closed","sticky":false,"template":"","format":"standard","meta":{"_monsterinsights_skip_tracking":false,"_monsterinsights_sitenote_active":false,"_monsterinsights_sitenote_note":"","_monsterinsights_sitenote_category":0,"footnotes":""},"categories":[2,20],"tags":[6552,6554,6553],"class_list":["post-41313","post","type-post","status-publish","format-standard","has-post-thumbnail","hentry","category-featured","category-art-et-culture","tag-editions-felix-houphouet-boigny","tag-la-rentree-litteraire-2025","tag-nouveaux-ouvrages"],"_links":{"self":[{"href":"https:\/\/www.lintelligentdabidjan.info\/news\/wp-json\/wp\/v2\/posts\/41313","targetHints":{"allow":["GET"]}}],"collection":[{"href":"https:\/\/www.lintelligentdabidjan.info\/news\/wp-json\/wp\/v2\/posts"}],"about":[{"href":"https:\/\/www.lintelligentdabidjan.info\/news\/wp-json\/wp\/v2\/types\/post"}],"author":[{"embeddable":true,"href":"https:\/\/www.lintelligentdabidjan.info\/news\/wp-json\/wp\/v2\/users\/4"}],"replies":[{"embeddable":true,"href":"https:\/\/www.lintelligentdabidjan.info\/news\/wp-json\/wp\/v2\/comments?post=41313"}],"version-history":[{"count":1,"href":"https:\/\/www.lintelligentdabidjan.info\/news\/wp-json\/wp\/v2\/posts\/41313\/revisions"}],"predecessor-version":[{"id":41315,"href":"https:\/\/www.lintelligentdabidjan.info\/news\/wp-json\/wp\/v2\/posts\/41313\/revisions\/41315"}],"wp:featuredmedia":[{"embeddable":true,"href":"https:\/\/www.lintelligentdabidjan.info\/news\/wp-json\/wp\/v2\/media\/41314"}],"wp:attachment":[{"href":"https:\/\/www.lintelligentdabidjan.info\/news\/wp-json\/wp\/v2\/media?parent=41313"}],"wp:term":[{"taxonomy":"category","embeddable":true,"href":"https:\/\/www.lintelligentdabidjan.info\/news\/wp-json\/wp\/v2\/categories?post=41313"},{"taxonomy":"post_tag","embeddable":true,"href":"https:\/\/www.lintelligentdabidjan.info\/news\/wp-json\/wp\/v2\/tags?post=41313"}],"curies":[{"name":"wp","href":"https:\/\/api.w.org\/{rel}","templated":true}]}}