{"id":41316,"date":"2025-12-02T06:32:11","date_gmt":"2025-12-02T05:32:11","guid":{"rendered":"https:\/\/www.lintelligentdabidjan.info\/news\/?p=41316"},"modified":"2025-12-02T06:32:33","modified_gmt":"2025-12-02T05:32:33","slug":"l-intelligent-en-pdf-tiemoko-meyliet-kone-a-dakar-hier-un-message-fort-au-nom-du-president-ouattara-et-audiences","status":"publish","type":"post","link":"https:\/\/www.lintelligentdabidjan.info\/news\/l-intelligent-en-pdf-tiemoko-meyliet-kone-a-dakar-hier-un-message-fort-au-nom-du-president-ouattara-et-audiences\/","title":{"rendered":"L&#8217; Intelligent en PDF :  Ti\u00e9moko Meyliet Kon\u00e9 \u00e0 Dakar hier    Un message fort au nom du Pr\u00e9sident Ouattara et audiences"},"content":{"rendered":"<div dir=\"ltr\"><strong>En mission \u00e0 Dakar ce lundi 1er d\u00e9cembre 2025, le Vice-Pr\u00e9sident de la R\u00e9publique, Ti\u00e9moko Meyliet Kon\u00e9 , a repr\u00e9sent\u00e9 le Pr\u00e9sident Alassane Ouattara lors de la c\u00e9r\u00e9monie de comm\u00e9moration du 81\u1d49 anniversaire du massacre de Thiaroye. Sur le site historique, \u00e0 Thiaroye, il a d\u00e9livr\u00e9 un message de solidarit\u00e9 au nom du Chef de l\u2019\u00c9tat ivoirien, Alassane Ouattara. Quel est le message livr\u00e9 par le Vice-pr\u00e9sident de la R\u00e9publique ?<\/strong><\/div>\n<div dir=\"ltr\"><\/div>\n<div dir=\"ltr\">Article \u00e0 d\u00e9couvrir en ligne sur&#8230;<\/div>\n<div dir=\"ltr\"><a href=\"https:\/\/news.abidjan.net\/titrologie\/39-lintelligent-dabidjan\/articles\" target=\"_blank\" rel=\"noopener\">https:\/\/news.abidjan.net\/titrologie\/39-lintelligent-dabidjan\/articles<\/a><\/div>\n<div dir=\"ltr\"><\/div>\n<div dir=\"ltr\">\u00c0 lire aussi comment Toulepleu se modernise au niveau de la voirie et du r\u00e9seau \u00e9lectrique;\u00a0 Ce que r\u00e9v\u00e8le la nouvelle feuille de route des villes en C\u00f4te d&#8217;Ivoire ; La banque de la Cedeao fait parler d\u2019elle \u00e0 Abidjan; Danho Paulin et la\u00a0 diaspora Atchan rassembl\u00e9s autour de trois actions \u00e0\u00a0 Att\u00e9coub\u00e9.<\/div>\n<div dir=\"ltr\">\n<div dir=\"ltr\"><\/div>\n<div dir=\"ltr\">Cliquez pour les d\u00e9tails<\/div>\n<div dir=\"ltr\"><a href=\"https:\/\/www.afrikipresse.fr\/abonnement\" target=\"_blank\" rel=\"noopener\">https:\/\/www.afrikipresse.fr\/abonnement<\/a><\/div>\n<div dir=\"ltr\"><\/div>\n<div dir=\"ltr\">\u00c0 voir \u00e9galement l&#8217;appel de\u00a0 N\u2019Golo Coulibaly dans le cadre des\u00a0 l\u00e9gislatives 2025 \u00e0 M\u2019Bengu\u00e9 et comment la transformation locale est relanc\u00e9e au niveau de la\u00a0 fili\u00e8re anacarde.<\/div>\n<\/div>\n<div dir=\"ltr\"><\/div>\n<div dir=\"ltr\"><a href=\"https:\/\/www.pressecotedivoire.fr\/titrologie\" target=\"_blank\" rel=\"noopener\">https:\/\/www.pressecotedivoire.fr\/titrologie<\/a><\/div>\n<div dir=\"ltr\"><\/div>\n","protected":false},"excerpt":{"rendered":"<p>En mission \u00e0 Dakar ce lundi 1er d\u00e9cembre 2025, le Vice-Pr\u00e9sident de la R\u00e9publique, Ti\u00e9moko Meyliet Kon\u00e9 , a repr\u00e9sent\u00e9 le Pr\u00e9sident Alassane Ouattara lors de la c\u00e9r\u00e9monie de comm\u00e9moration du 81\u1d49 anniversaire du massacre de Thiaroye. Sur le site historique, \u00e0 Thiaroye, il a d\u00e9livr\u00e9 un message de solidarit\u00e9 au nom du Chef de [&hellip;]<\/p>\n","protected":false},"author":4,"featured_media":41317,"comment_status":"closed","ping_status":"closed","sticky":false,"template":"","format":"standard","meta":{"_monsterinsights_skip_tracking":false,"_monsterinsights_sitenote_active":false,"_monsterinsights_sitenote_note":"","_monsterinsights_sitenote_category":0,"footnotes":""},"categories":[2,3],"tags":[],"class_list":["post-41316","post","type-post","status-publish","format-standard","has-post-thumbnail","hentry","category-featured","category-societe"],"_links":{"self":[{"href":"https:\/\/www.lintelligentdabidjan.info\/news\/wp-json\/wp\/v2\/posts\/41316","targetHints":{"allow":["GET"]}}],"collection":[{"href":"https:\/\/www.lintelligentdabidjan.info\/news\/wp-json\/wp\/v2\/posts"}],"about":[{"href":"https:\/\/www.lintelligentdabidjan.info\/news\/wp-json\/wp\/v2\/types\/post"}],"author":[{"embeddable":true,"href":"https:\/\/www.lintelligentdabidjan.info\/news\/wp-json\/wp\/v2\/users\/4"}],"replies":[{"embeddable":true,"href":"https:\/\/www.lintelligentdabidjan.info\/news\/wp-json\/wp\/v2\/comments?post=41316"}],"version-history":[{"count":1,"href":"https:\/\/www.lintelligentdabidjan.info\/news\/wp-json\/wp\/v2\/posts\/41316\/revisions"}],"predecessor-version":[{"id":41318,"href":"https:\/\/www.lintelligentdabidjan.info\/news\/wp-json\/wp\/v2\/posts\/41316\/revisions\/41318"}],"wp:featuredmedia":[{"embeddable":true,"href":"https:\/\/www.lintelligentdabidjan.info\/news\/wp-json\/wp\/v2\/media\/41317"}],"wp:attachment":[{"href":"https:\/\/www.lintelligentdabidjan.info\/news\/wp-json\/wp\/v2\/media?parent=41316"}],"wp:term":[{"taxonomy":"category","embeddable":true,"href":"https:\/\/www.lintelligentdabidjan.info\/news\/wp-json\/wp\/v2\/categories?post=41316"},{"taxonomy":"post_tag","embeddable":true,"href":"https:\/\/www.lintelligentdabidjan.info\/news\/wp-json\/wp\/v2\/tags?post=41316"}],"curies":[{"name":"wp","href":"https:\/\/api.w.org\/{rel}","templated":true}]}}