{"id":41320,"date":"2025-12-03T06:12:05","date_gmt":"2025-12-03T05:12:05","guid":{"rendered":"https:\/\/www.lintelligentdabidjan.info\/news\/?p=41320"},"modified":"2025-12-03T06:12:34","modified_gmt":"2025-12-03T05:12:34","slug":"joueurs-africains-evoluant-en-europe-des-federations-africaines-en-colere-a-lapproche-de-la-can-2025","status":"publish","type":"post","link":"https:\/\/www.lintelligentdabidjan.info\/news\/joueurs-africains-evoluant-en-europe-des-federations-africaines-en-colere-a-lapproche-de-la-can-2025\/","title":{"rendered":"Joueurs africains \u00e9voluant en Europe : Des f\u00e9d\u00e9rations africaines\u00a0en col\u00e8re \u00e0 l\u2019approche de la Can 2025"},"content":{"rendered":"<p><strong>\u00c0 moins de trois semaines du coup d\u2019envoi de la <a href=\"https:\/\/www.lintelligentdabidjan.info\/news\/can-dodgeball-2025-les-elephants-de-cote-divoire-en-force\/\" target=\"_blank\" rel=\"noopener\">CAN 2025<\/a>, une vive pol\u00e9mique secoue le football africain. Selon plusieurs m\u00e9dias, dont Ouest-France, la lib\u00e9ration des joueurs africains s\u00e9lectionn\u00e9s pour la comp\u00e9tition a \u00e9t\u00e9 repouss\u00e9e sous la pression des clubs europ\u00e9ens.<\/strong><\/p>\n<p>Initialement, ceux-ci devaient lib\u00e9rer leurs internationaux \u00e0 l\u2019issue du week-end du 6\u20137 d\u00e9cembre, afin de permettre aux \u00e9quipes nationales de pr\u00e9parer sereinement la comp\u00e9tition. Plusieurs f\u00e9d\u00e9rations avaient d\u2019ailleurs d\u00e9j\u00e0 planifi\u00e9 leurs stages et matchs amicaux \u00e0 partir du 8 d\u00e9cembre.<\/p>\n<p>Mais, selon des courriers adress\u00e9s aux f\u00e9d\u00e9rations, une r\u00e9union entre l\u2019Association europ\u00e9enne des clubs (ECA) et la FIFA, tenue le 29 novembre 2025, a\u00a0abouti \u00e0 un accord permettant aux clubs de conserver les\u00a0joueurs jusqu\u2019au 15 d\u00e9cembre 2025.<\/p>\n<p>Cette d\u00e9cision, prise sans consultation pr\u00e9alable des f\u00e9d\u00e9rations africaines, suscite un m\u00e9contentement sur le continent. Certains clubs, comme le Paris FC, affichent d\u00e9j\u00e0 leur position : le club a notamment annonc\u00e9 qu\u2019il ne lib\u00e9rerait ses internationaux que le 14 d\u00e9cembre 2025, soit \u00e0 peine une semaine avant le d\u00e9but du tournoi.<\/p>\n<p>Pour les s\u00e9lections nationales, ce report complique s\u00e9rieusement<a href=\"https:\/\/www.footmercato.net\/a1853451852130050087-le-tirage-integral-de-la-coupe-dafrique-des-nations-2025\" target=\"_blank\" rel=\"noopener\"> la pr\u00e9paration<\/a>. L\u2019impact est r\u00e9el et oblige les staffs techniques \u00e0 r\u00e9ajuster leurs plans. La s\u00e9lection ivoirienne n\u2019\u00e9chappe pas \u00e0 ce chamboulement : le staff dirig\u00e9 par Fa\u00e9 Emerse devra certainement revoir son stage de pr\u00e9paration \u00e0 Marbella, en Espagne, initialement pr\u00e9vu du 11 au 20 d\u00e9cembre, afin d\u2019int\u00e9grer les joueurs lib\u00e9r\u00e9s tardivement.<\/p>\n<p>Pour l\u2019heure, la CAF n\u2019a pas r\u00e9agi officiellement \u00e0 cette situation.<\/p>\n<p>&nbsp;<\/p>\n<p><strong>Ange Kouadio, avec Ouest-France<\/strong><\/p>\n<p>&nbsp;<\/p>\n<p>&nbsp;<\/p>\n","protected":false},"excerpt":{"rendered":"<p>\u00c0 moins de trois semaines du coup d\u2019envoi de la CAN 2025, une vive pol\u00e9mique secoue le football africain. Selon plusieurs m\u00e9dias, dont Ouest-France, la lib\u00e9ration des joueurs africains s\u00e9lectionn\u00e9s pour la comp\u00e9tition a \u00e9t\u00e9 repouss\u00e9e sous la pression des clubs europ\u00e9ens. Initialement, ceux-ci devaient lib\u00e9rer leurs internationaux \u00e0 l\u2019issue du week-end du 6\u20137 d\u00e9cembre, [&hellip;]<\/p>\n","protected":false},"author":4,"featured_media":41321,"comment_status":"closed","ping_status":"closed","sticky":false,"template":"","format":"standard","meta":{"_monsterinsights_skip_tracking":false,"_monsterinsights_sitenote_active":false,"_monsterinsights_sitenote_note":"","_monsterinsights_sitenote_category":0,"footnotes":""},"categories":[2,23],"tags":[6557,6556,2838,6555],"class_list":["post-41320","post","type-post","status-publish","format-standard","has-post-thumbnail","hentry","category-featured","category-sport","tag-can-2025","tag-des-federations-africaines","tag-europe","tag-joueurs-africains"],"_links":{"self":[{"href":"https:\/\/www.lintelligentdabidjan.info\/news\/wp-json\/wp\/v2\/posts\/41320","targetHints":{"allow":["GET"]}}],"collection":[{"href":"https:\/\/www.lintelligentdabidjan.info\/news\/wp-json\/wp\/v2\/posts"}],"about":[{"href":"https:\/\/www.lintelligentdabidjan.info\/news\/wp-json\/wp\/v2\/types\/post"}],"author":[{"embeddable":true,"href":"https:\/\/www.lintelligentdabidjan.info\/news\/wp-json\/wp\/v2\/users\/4"}],"replies":[{"embeddable":true,"href":"https:\/\/www.lintelligentdabidjan.info\/news\/wp-json\/wp\/v2\/comments?post=41320"}],"version-history":[{"count":1,"href":"https:\/\/www.lintelligentdabidjan.info\/news\/wp-json\/wp\/v2\/posts\/41320\/revisions"}],"predecessor-version":[{"id":41322,"href":"https:\/\/www.lintelligentdabidjan.info\/news\/wp-json\/wp\/v2\/posts\/41320\/revisions\/41322"}],"wp:featuredmedia":[{"embeddable":true,"href":"https:\/\/www.lintelligentdabidjan.info\/news\/wp-json\/wp\/v2\/media\/41321"}],"wp:attachment":[{"href":"https:\/\/www.lintelligentdabidjan.info\/news\/wp-json\/wp\/v2\/media?parent=41320"}],"wp:term":[{"taxonomy":"category","embeddable":true,"href":"https:\/\/www.lintelligentdabidjan.info\/news\/wp-json\/wp\/v2\/categories?post=41320"},{"taxonomy":"post_tag","embeddable":true,"href":"https:\/\/www.lintelligentdabidjan.info\/news\/wp-json\/wp\/v2\/tags?post=41320"}],"curies":[{"name":"wp","href":"https:\/\/api.w.org\/{rel}","templated":true}]}}