{"id":41323,"date":"2025-12-03T06:18:27","date_gmt":"2025-12-03T05:18:27","guid":{"rendered":"https:\/\/www.lintelligentdabidjan.info\/news\/?p=41323"},"modified":"2025-12-03T06:19:17","modified_gmt":"2025-12-03T05:19:17","slug":"cohesion-sociale-et-developpement-la-fad-apporte-son-soutien-a-farikou-soumahoro-et-mamadou-diawara","status":"publish","type":"post","link":"https:\/\/www.lintelligentdabidjan.info\/news\/cohesion-sociale-et-developpement-la-fad-apporte-son-soutien-a-farikou-soumahoro-et-mamadou-diawara\/","title":{"rendered":"Coh\u00e9sion sociale et d\u00e9veloppement: La Fad apporte son soutien \u00e0 Farikou Soumahoro et Mamadou Diawara"},"content":{"rendered":"<p><em><strong>La F\u00e9d\u00e9ration Adjamoise pour le D\u00e9veloppement (Fad) a organis\u00e9 une conf\u00e9rence de presse, le mardi 2 d\u00e9cembre 2025, au terrain <a href=\"https:\/\/www.lintelligentdabidjan.info\/news\/elections-a-la-fif-farikou-soumahoro-pourquoi-nous-apportons-tout-notre-soutien-a-sory-diabate\/\" target=\"_blank\" rel=\"noopener\">d\u2019Abidjan-Adjam\u00e9-<\/a>Williamsville, pour r\u00e9affirmer son soutien au d\u00e9put\u00e9-maire Farikou Soumahoro et au 1er vice-pr\u00e9sident de l&#8217;Assembl\u00e9e nationale, Diawara Mamadou.<\/strong><\/em><\/p>\n<p>&nbsp;<\/p>\n<p>Lors de cet \u00e9v\u00e9nement, Doumbia Hamed, pr\u00e9sident de la F\u00e9d\u00e9ration Adjamoise pour le D\u00e9veloppement (Fad), a insist\u00e9 sur l&#8217;importance de soutenir les leaders locaux que sont le d\u00e9put\u00e9-maire Farikou Soumahoro et le vice-pr\u00e9sident de l&#8217;Assembl\u00e9e nationale, Diawara Mamadou, dans leurs actions de d\u00e9veloppement. \u00ab En tant qu\u2019acteurs communautaires, et au nom de l\u2019int\u00e9r\u00eat g\u00e9n\u00e9ral d\u2019Adjam\u00e9, nous exprimons aujourd\u2019hui notre reconnaissance et notre soutien citoyen envers M. Farikou Soumahoro, d\u00e9put\u00e9-maire d\u2019Adjam\u00e9, et M. Diawara Mamadou, 1er vice-pr\u00e9sident de l\u2019Assembl\u00e9e nationale. Nous saluons les actions qu\u2019ils m\u00e8nent depuis plusieurs ann\u00e9es en faveur de notre commune et de nos populations \u00bb, a-t-il d\u00e9clar\u00e9. Doumbia Hamed a affirm\u00e9 que ces deux personnalit\u00e9s ont marqu\u00e9 de leurs actions la vie de la commune. \u00ab Depuis les premi\u00e8res ann\u00e9es, ils ont toujours maintenu un lien fort avec les populations d\u2019Adjam\u00e9. \u00c0 chaque moment important, ils ont \u00e9t\u00e9 pr\u00e9sents, disponibles et engag\u00e9s pour le bien-\u00eatre des familles, des jeunes et des communaut\u00e9s. C\u2019est en cela que notre soutien n\u2019est pas politique, mais citoyen, motiv\u00e9 exclusivement par leurs actions en faveur du d\u00e9veloppement d\u2019Adjam\u00e9 \u00bb, a-t-il affirm\u00e9.<\/p>\n<blockquote><p>un grand march\u00e9 \u00e0 ciel ouvert<\/p><\/blockquote>\n<p>&nbsp;<\/p>\n<p>Pour Sanogo Daouda, vice-pr\u00e9sident de la Fad, il est essentiel pour la communaut\u00e9 de se rassembler pour soutenir ces \u00e9lus locaux pour le travail d&#8217;orf\u00e8vre qu&#8217;ils abattent au quotidien. C&#8217;est pourquoi il a \u00e9num\u00e9r\u00e9 quelques actions qu&#8217;ils pourraient mener en guise de soutien. \u00ab Adjam\u00e9 est un grand march\u00e9 \u00e0 ciel ouvert, avec une population de 400 000 habitants la nuit, et jusqu&#8217;\u00e0 3 millions pendant la journ\u00e9e. Il est de notre devoir de s\u00e9curiser notre commune. Rien ne devrait se d\u00e9cider dans la commune sans l&#8217;implication de sa population, pilot\u00e9e par le d\u00e9put\u00e9-maire Soumahoro \u00bb, a-t-il d\u00e9clar\u00e9.<\/p>\n<p>&nbsp;<\/p>\n<p>Timit\u00e9 Younoussa Emmanuel, vice-pr\u00e9sident de la Fad section Bromakot\u00e9, a appel\u00e9 les filles et fils des 19 quartiers d&#8217;Adjam\u00e9 \u00e0 faire bloc autour de<a href=\"https:\/\/web.facebook.com\/mairieadjame1\/posts\/sociocultureladjam%C3%A9-%C3%A0-lhonneur-sur-a-ivoire-le-mercredi-7-mai-dernier-msoumahoro\/1100321732121769\/?_rdc=1&amp;_rdr#\" target=\"_blank\" rel=\"noopener\"> Farikou Soumahoro<\/a> et Mamadou Diawara. \u00ab Faisons bloc autour de Farikou. Nous, membres de la Fad, affirmons notre estime et notre respect pour ces deux leaders ; r\u00e9affirmons notre engagement citoyen \u00e0 leurs c\u00f4t\u00e9s et restons mobilis\u00e9s pour toutes les initiatives qui contribuent au d\u00e9veloppement, \u00e0 la coh\u00e9sion et \u00e0 la paix dans notre commune \u00bb, a-t-il ajout\u00e9.<\/p>\n<p>&nbsp;<\/p>\n<p><strong>Mamadou Ouattara avec A. Traor\u00e9<\/strong><\/p>\n<p>&nbsp;<\/p>\n<p>&nbsp;<\/p>\n<p>&nbsp;<\/p>\n","protected":false},"excerpt":{"rendered":"<p>La F\u00e9d\u00e9ration Adjamoise pour le D\u00e9veloppement (Fad) a organis\u00e9 une conf\u00e9rence de presse, le mardi 2 d\u00e9cembre 2025, au terrain d\u2019Abidjan-Adjam\u00e9-Williamsville, pour r\u00e9affirmer son soutien au d\u00e9put\u00e9-maire Farikou Soumahoro et au 1er vice-pr\u00e9sident de l&#8217;Assembl\u00e9e nationale, Diawara Mamadou. &nbsp; Lors de cet \u00e9v\u00e9nement, Doumbia Hamed, pr\u00e9sident de la F\u00e9d\u00e9ration Adjamoise pour le D\u00e9veloppement (Fad), a [&hellip;]<\/p>\n","protected":false},"author":4,"featured_media":41324,"comment_status":"closed","ping_status":"closed","sticky":false,"template":"","format":"standard","meta":{"_monsterinsights_skip_tracking":false,"_monsterinsights_sitenote_active":false,"_monsterinsights_sitenote_note":"","_monsterinsights_sitenote_category":0,"footnotes":""},"categories":[2,3],"tags":[6558,2769,6559,6560],"class_list":["post-41323","post","type-post","status-publish","format-standard","has-post-thumbnail","hentry","category-featured","category-societe","tag-cohesion-sociale-et-developpement","tag-farikou-soumahoro","tag-la-fad","tag-mamadou-diawara"],"_links":{"self":[{"href":"https:\/\/www.lintelligentdabidjan.info\/news\/wp-json\/wp\/v2\/posts\/41323","targetHints":{"allow":["GET"]}}],"collection":[{"href":"https:\/\/www.lintelligentdabidjan.info\/news\/wp-json\/wp\/v2\/posts"}],"about":[{"href":"https:\/\/www.lintelligentdabidjan.info\/news\/wp-json\/wp\/v2\/types\/post"}],"author":[{"embeddable":true,"href":"https:\/\/www.lintelligentdabidjan.info\/news\/wp-json\/wp\/v2\/users\/4"}],"replies":[{"embeddable":true,"href":"https:\/\/www.lintelligentdabidjan.info\/news\/wp-json\/wp\/v2\/comments?post=41323"}],"version-history":[{"count":1,"href":"https:\/\/www.lintelligentdabidjan.info\/news\/wp-json\/wp\/v2\/posts\/41323\/revisions"}],"predecessor-version":[{"id":41325,"href":"https:\/\/www.lintelligentdabidjan.info\/news\/wp-json\/wp\/v2\/posts\/41323\/revisions\/41325"}],"wp:featuredmedia":[{"embeddable":true,"href":"https:\/\/www.lintelligentdabidjan.info\/news\/wp-json\/wp\/v2\/media\/41324"}],"wp:attachment":[{"href":"https:\/\/www.lintelligentdabidjan.info\/news\/wp-json\/wp\/v2\/media?parent=41323"}],"wp:term":[{"taxonomy":"category","embeddable":true,"href":"https:\/\/www.lintelligentdabidjan.info\/news\/wp-json\/wp\/v2\/categories?post=41323"},{"taxonomy":"post_tag","embeddable":true,"href":"https:\/\/www.lintelligentdabidjan.info\/news\/wp-json\/wp\/v2\/tags?post=41323"}],"curies":[{"name":"wp","href":"https:\/\/api.w.org\/{rel}","templated":true}]}}