{"id":41326,"date":"2025-12-03T06:24:29","date_gmt":"2025-12-03T05:24:29","guid":{"rendered":"https:\/\/www.lintelligentdabidjan.info\/news\/?p=41326"},"modified":"2025-12-03T06:24:51","modified_gmt":"2025-12-03T05:24:51","slug":"lutte-contre-les-feux-de-brousse-le-gouvernement-active-son-dispositif-a-kahankro","status":"publish","type":"post","link":"https:\/\/www.lintelligentdabidjan.info\/news\/lutte-contre-les-feux-de-brousse-le-gouvernement-active-son-dispositif-a-kahankro\/","title":{"rendered":"Lutte contre les feux de brousse : Le gouvernement active son dispositif \u00e0 Kahankro\u00a0"},"content":{"rendered":"<p><em><strong>La base op\u00e9rationnelle de Kahankro, dans la sous-pr\u00e9fecture de Toumodi, a servi de cadre,\u00a0 le mardi 2 d\u00e9cembre 2025, au lancement officiel d\u2019une campagne d\u2019envergure d\u00e9di\u00e9e \u00e0 la veille, \u00e0 <a href=\"https:\/\/www.lintelligentdabidjan.info\/news\/lutte-contre-les-feux-de-brousse-une-campagne-de-sensibilisation-dans-la-region-du-nzi\/\" target=\"_blank\" rel=\"noopener\">la sensibilisation<\/a> et \u00e0 la dissuasion contre les feux de brousse et le braconnage. La c\u00e9r\u00e9monie a \u00e9t\u00e9 pr\u00e9sid\u00e9e par le Conservateur g\u00e9n\u00e9ral\u00a0Lucien Kouassi, Directeur G\u00e9n\u00e9ral des For\u00eats et de la Faune (DGFF), repr\u00e9sentant le ministre des Eaux et For\u00eats,\u00a0Laurent Tchagba.<\/strong><\/em><\/p>\n<p>&nbsp;<\/p>\n<p>Dans son intervention, Lucien Kouassi a rappel\u00e9 que chaque ann\u00e9e, la r\u00e9gion de Toumodi fait face \u00e0 de nombreux feux de brousse causant des pertes en vies humaines, la destruction de plantations, d\u2019habitations, ainsi que des ravages consid\u00e9rables sur la couverture foresti\u00e8re.\u00ab\u00a0<em>Le gouvernement s\u2019est engag\u00e9 \u00e0 porter le taux de couverture foresti\u00e8re \u00e0 20 % d\u2019ici 2030. Mais si ce qui est rebois\u00e9 chaque ann\u00e9e part en fum\u00e9e, c\u2019est comme le serpent qui se mord la queue. Nous n\u2019avan\u00e7ons pas<\/em>\u00a0\u00bb, a soulign\u00e9 le DGFF.<\/p>\n<p>La base op\u00e9rationnelle de Kahankro, inaugur\u00e9e en avril dernier, constitue la premi\u00e8re d\u2019un r\u00e9seau de dispositifs similaires qui seront install\u00e9s dans les zones les plus expos\u00e9es au risque d\u2019incendie.<\/p>\n<p><strong>Une campagne structur\u00e9e en trois zones d\u2019intervention<\/strong><\/p>\n<p>Cette op\u00e9ration s\u2019\u00e9tendra de d\u00e9cembre 2025 \u00e0 mars 2026 et mobilisera\u00a060 agents\u00a0issus des Eaux et For\u00eats et de l\u2019Office national de la protection civile (ONPC), un partenaire de longue date dans cette lutte.<\/p>\n<p>Trois zones strat\u00e9giques ont \u00e9t\u00e9 d\u00e9finies :Zone A\u00a0: du poste de p\u00e9age de Singrobo \u00e0 l\u2019\u00e9changeur de Taabo.\u00a0Zone B\u00a0: de l\u2019\u00e9changeur de Taabo \u00e0 celui de Toumodi .Zone C\u00a0: de Dj\u00e9kanou \u00e0 Dimbokro<\/p>\n<p>Les \u00e9quipes m\u00e8neront des patrouilles quotidiennes, rencontreront les sous-pr\u00e9fets, se rendront dans les villages et sur les sentiers pour sensibiliser les populations aux bonnes pratiques permettant d\u2019\u00e9viter les incendies lors de la saison s\u00e8che.<\/p>\n<h2><strong>Sensibiliser sans provoquer : une approche communautaire<\/strong><\/h2>\n<p>Le Directeur G\u00e9n\u00e9ral a insist\u00e9 sur la n\u00e9cessit\u00e9 d\u2019une d\u00e9marche courtoise et p\u00e9dagogique :\u00ab\u00a0<em>Nous venons pour aider, pour \u00e9viter les pleurs, les pertes de plantations, de cases et de vies humaines. Les \u00e9quipes devront \u00eatre respectueuses des populations, \u00e9viter les fouilles corporelles et privil\u00e9gier le dialogue.<\/em>\u00a0\u00bb<\/p>\n<blockquote><p><em>nous devons vivre une saison s\u00e8che sans pleurs<\/em><\/p><\/blockquote>\n<p>&nbsp;<\/p>\n<p>Il a \u00e9galement attir\u00e9 l\u2019attention sur le lien entre\u00a0viande de brousse\u00a0et\u00a0feux volontaires, une pratique r\u00e9pandue dans la zone de Toumodi. Les feux allum\u00e9s pour la chasse entra\u00eenent r\u00e9guli\u00e8rement des incendies incontr\u00f4l\u00e9s qui pi\u00e9gent des personnes innocentes travaillant dans leurs champs.<\/p>\n<p>&nbsp;<\/p>\n<p>L\u2019objectif principal de cette campagne est clair :\u00a0r\u00e9duire drastiquement les incendies, \u00e9viter les pertes humaines et pr\u00e9server les efforts de reboisement engag\u00e9s par l\u2019\u00c9tat. \u00ab\u00a0<em>Cette ann\u00e9e, nous devons vivre une saison s\u00e8che sans pleurs, sans regrets. Celui qui a une plantation doit la retrouver debout \u00e0 l\u2019arriv\u00e9e des pluies<\/em>\u00a0\u00bb, a insist\u00e9 Lucien Kouassi.<\/p>\n<p>&nbsp;<\/p>\n<p>Au terme de son discours, le Directeur G\u00e9n\u00e9ral a officiellement lanc\u00e9\u00a0les patrouilles de sensibilisation et de <a href=\"https:\/\/www.aip.ci\/286615\/cote-divoire-aip-le-ministere-des-eaux-et-forets-lance-les-patrouilles-2025-de-lutte-contre-les-feux-de-brousse-a-kahankro\/\" target=\"_blank\" rel=\"noopener\">dissuasion contre les feux de brousse<\/a> \u2013 \u00e9dition 2025, invitant les \u00e9quipes \u00e0 se mettre imm\u00e9diatement en route.<\/p>\n<p><strong>Harry Diallo, depuis Kahankro\u00a0<\/strong><\/p>\n<p>&nbsp;<\/p>\n<p>&nbsp;<\/p>\n<p>&nbsp;<\/p>\n<p>&nbsp;<\/p>\n","protected":false},"excerpt":{"rendered":"<p>La base op\u00e9rationnelle de Kahankro, dans la sous-pr\u00e9fecture de Toumodi, a servi de cadre,\u00a0 le mardi 2 d\u00e9cembre 2025, au lancement officiel d\u2019une campagne d\u2019envergure d\u00e9di\u00e9e \u00e0 la veille, \u00e0 la sensibilisation et \u00e0 la dissuasion contre les feux de brousse et le braconnage. La c\u00e9r\u00e9monie a \u00e9t\u00e9 pr\u00e9sid\u00e9e par le Conservateur g\u00e9n\u00e9ral\u00a0Lucien Kouassi, Directeur [&hellip;]<\/p>\n","protected":false},"author":4,"featured_media":41327,"comment_status":"closed","ping_status":"closed","sticky":false,"template":"","format":"standard","meta":{"_monsterinsights_skip_tracking":false,"_monsterinsights_sitenote_active":false,"_monsterinsights_sitenote_note":"","_monsterinsights_sitenote_category":0,"footnotes":""},"categories":[2,3],"tags":[4442,6562,6561,2658],"class_list":["post-41326","post","type-post","status-publish","format-standard","has-post-thumbnail","hentry","category-featured","category-societe","tag-feux-de-brousse","tag-kahankro","tag-le-gouvernement","tag-lutte"],"_links":{"self":[{"href":"https:\/\/www.lintelligentdabidjan.info\/news\/wp-json\/wp\/v2\/posts\/41326","targetHints":{"allow":["GET"]}}],"collection":[{"href":"https:\/\/www.lintelligentdabidjan.info\/news\/wp-json\/wp\/v2\/posts"}],"about":[{"href":"https:\/\/www.lintelligentdabidjan.info\/news\/wp-json\/wp\/v2\/types\/post"}],"author":[{"embeddable":true,"href":"https:\/\/www.lintelligentdabidjan.info\/news\/wp-json\/wp\/v2\/users\/4"}],"replies":[{"embeddable":true,"href":"https:\/\/www.lintelligentdabidjan.info\/news\/wp-json\/wp\/v2\/comments?post=41326"}],"version-history":[{"count":1,"href":"https:\/\/www.lintelligentdabidjan.info\/news\/wp-json\/wp\/v2\/posts\/41326\/revisions"}],"predecessor-version":[{"id":41328,"href":"https:\/\/www.lintelligentdabidjan.info\/news\/wp-json\/wp\/v2\/posts\/41326\/revisions\/41328"}],"wp:featuredmedia":[{"embeddable":true,"href":"https:\/\/www.lintelligentdabidjan.info\/news\/wp-json\/wp\/v2\/media\/41327"}],"wp:attachment":[{"href":"https:\/\/www.lintelligentdabidjan.info\/news\/wp-json\/wp\/v2\/media?parent=41326"}],"wp:term":[{"taxonomy":"category","embeddable":true,"href":"https:\/\/www.lintelligentdabidjan.info\/news\/wp-json\/wp\/v2\/categories?post=41326"},{"taxonomy":"post_tag","embeddable":true,"href":"https:\/\/www.lintelligentdabidjan.info\/news\/wp-json\/wp\/v2\/tags?post=41326"}],"curies":[{"name":"wp","href":"https:\/\/api.w.org\/{rel}","templated":true}]}}