{"id":4133,"date":"2017-05-13T21:43:07","date_gmt":"2017-05-13T19:43:07","guid":{"rendered":"http:\/\/www.lintelligentdabidjan.info\/news\/?p=4133"},"modified":"2017-05-14T18:16:18","modified_gmt":"2017-05-14T16:16:18","slug":"marche-a-bouake-contre-les-mutins-kabila-explose-mourir-dans-lhonneur-que-vivre-sur-la-menace-des-armes-cote-divoire","status":"publish","type":"post","link":"https:\/\/www.lintelligentdabidjan.info\/news\/marche-a-bouake-contre-les-mutins-kabila-explose-mourir-dans-lhonneur-que-vivre-sur-la-menace-des-armes-cote-divoire\/","title":{"rendered":"Marche \u00e0 Bouak\u00e9 contre les mutins, &#8220;Kabila&#8221; explose : &#8220;mourir dans l&#8217;honneur que vivre sur la menace des armes&#8221; (C\u00f4te d&#8217;Ivoire)"},"content":{"rendered":"<p>Une marche de protestation est pr\u00e9vue par la jeunesse de Bouak\u00e9, demain dimanche 14 mai 2017 pour d\u00e9noncer le mouvement d&#8217;humeur des militaires dans la ville .<!--more--><\/p>\n<p>&#8221; Nous sommes dans une situation extr\u00eamement grave. Il n&#8217;y a aucune autorit\u00e9 en dessus de celle de l&#8217;\u00c9tat. La population est fatigu\u00e9e et les jeunes en ont marre. 8400 soldats ne peuvent pas prendre 23 millions d&#8217;habitants en otage. Nous n&#8217;allons plus accepter que, pour des int\u00e9rets personnels, l&#8217;on mette \u00e0 mal la s\u00e9curit\u00e9 sociale et la paix dans notre pays. Que les militaires sachent que leur place est dans les casernes, et non dans nos rues pour empecher les populations de vaquer \u00e0 ses occupations. Nous ordonnons aux soldats de rentrer d\u00e8s ce soir dans les casernes. Nous ne pouvons plus supporter que nous populations et jeunes de Bouak\u00e9, soyons pris en otage. Tous demain \u00e0 la gare routi\u00e8re pour dire non \u00e0 nos fr\u00e8res en arme. Car il y d&#8217;autres mani\u00e8res pacifiques de revendiquer. Apr\u00e8s la d\u00e9cennie de crise, les ivoiriens ont d\u00e9cid\u00e9 d&#8217;en d\u00e9coudre avec les armes. Demain nous voulons dire aux soldats que notre libert\u00e9 n&#8217;est pas n\u00e9gociable. Nous jeunes de Bouak\u00e9, pr\u00e9f\u00e9rons mourir dans l&#8217;honneur que de vivre sur la menace des armes de nos militaires. Nous sommes fatigu\u00e9s de vivre dans la violence &#8220;, a lanc\u00e9 Silu\u00e9 P\u00e9gabila alias Kabila, pr\u00e9sident de la jeunesse communale de Bouak\u00e9, pour justifier cette mobilisation annonc\u00e9e.<\/p>\n<p>Interrog\u00e9 sur le contexte s\u00e9curitaire dans lequel , la marche sera organis\u00e9e, Silu\u00e9 Pegabila a affirm\u00e9 que toutes les dispositions ont \u00e9t\u00e9 prises pour garantir une bonne r\u00e9ussite de la manifestation.<br \/>\nSon \u00e9tat d&#8217;esprit traduit assur\u00e9ment le ras-le-bol g\u00e9n\u00e9ral contre les mutins, engag\u00e9s dans une voie sans issue, avec le maniement des armes.<\/p>\n<p>A.A Syddick, depuis Bouak\u00e9<\/p>\n<div class=\"fb-comments\" data-width=\"728\" data-numposts=\"50\"><\/div>\n","protected":false},"excerpt":{"rendered":"<p>Une marche de protestation est pr\u00e9vue par la jeunesse de Bouak\u00e9, demain dimanche 14 mai 2017 pour d\u00e9noncer le mouvement d&#8217;humeur des militaires dans la ville .<\/p>\n","protected":false},"author":2,"featured_media":4134,"comment_status":"closed","ping_status":"closed","sticky":false,"template":"","format":"standard","meta":{"_monsterinsights_skip_tracking":false,"_monsterinsights_sitenote_active":false,"_monsterinsights_sitenote_note":"","_monsterinsights_sitenote_category":0,"footnotes":""},"categories":[2,17],"tags":[],"class_list":["post-4133","post","type-post","status-publish","format-standard","has-post-thumbnail","hentry","category-featured","category-politique"],"_links":{"self":[{"href":"https:\/\/www.lintelligentdabidjan.info\/news\/wp-json\/wp\/v2\/posts\/4133","targetHints":{"allow":["GET"]}}],"collection":[{"href":"https:\/\/www.lintelligentdabidjan.info\/news\/wp-json\/wp\/v2\/posts"}],"about":[{"href":"https:\/\/www.lintelligentdabidjan.info\/news\/wp-json\/wp\/v2\/types\/post"}],"author":[{"embeddable":true,"href":"https:\/\/www.lintelligentdabidjan.info\/news\/wp-json\/wp\/v2\/users\/2"}],"replies":[{"embeddable":true,"href":"https:\/\/www.lintelligentdabidjan.info\/news\/wp-json\/wp\/v2\/comments?post=4133"}],"version-history":[{"count":2,"href":"https:\/\/www.lintelligentdabidjan.info\/news\/wp-json\/wp\/v2\/posts\/4133\/revisions"}],"predecessor-version":[{"id":4139,"href":"https:\/\/www.lintelligentdabidjan.info\/news\/wp-json\/wp\/v2\/posts\/4133\/revisions\/4139"}],"wp:featuredmedia":[{"embeddable":true,"href":"https:\/\/www.lintelligentdabidjan.info\/news\/wp-json\/wp\/v2\/media\/4134"}],"wp:attachment":[{"href":"https:\/\/www.lintelligentdabidjan.info\/news\/wp-json\/wp\/v2\/media?parent=4133"}],"wp:term":[{"taxonomy":"category","embeddable":true,"href":"https:\/\/www.lintelligentdabidjan.info\/news\/wp-json\/wp\/v2\/categories?post=4133"},{"taxonomy":"post_tag","embeddable":true,"href":"https:\/\/www.lintelligentdabidjan.info\/news\/wp-json\/wp\/v2\/tags?post=4133"}],"curies":[{"name":"wp","href":"https:\/\/api.w.org\/{rel}","templated":true}]}}