{"id":41332,"date":"2025-12-04T06:18:04","date_gmt":"2025-12-04T05:18:04","guid":{"rendered":"https:\/\/www.lintelligentdabidjan.info\/news\/?p=41332"},"modified":"2025-12-04T06:18:04","modified_gmt":"2025-12-04T05:18:04","slug":"upf-cote-divoire-viviane-mouhi-ayehui-devoile-ses-orientations","status":"publish","type":"post","link":"https:\/\/www.lintelligentdabidjan.info\/news\/upf-cote-divoire-viviane-mouhi-ayehui-devoile-ses-orientations\/","title":{"rendered":"UPF\u2013C\u00f4te d\u2019Ivoire:  Viviane Mouhi Ayehui d\u00e9voile ses orientations"},"content":{"rendered":"<p><strong>Viviane Mouhi Ayehui a \u00e9t\u00e9 investie \u00e0 la t\u00eate de l\u2019Union internationale de la presse francophone-section C\u00f4te d\u2019Ivoire (UPF-CI) lors d\u2019une <a href=\"https:\/\/www.lintelligentdabidjan.info\/news\/lutte-contre-la-rage-les-journalistes-formes-pour-renforcer-la-sensibilisation\/\" target=\"_blank\" rel=\"noopener\">c\u00e9r\u00e9monie<\/a> qui s\u2019est tenue le jeudi 27 novembre 2025 \u00e0 la Maison de la Presse d\u2019Abidjan (MPA).<\/strong><\/p>\n<p>\u00c0 cette occasion, elle a pr\u00e9sent\u00e9 les grandes orientations d\u2019un mandat r\u00e9solument plac\u00e9 sous le signe de l\u2019\u00e9thique et de la responsabilit\u00e9.<\/p>\n<p>Dans son discours, la nouvelle pr\u00e9sidente a d\u00e9taill\u00e9 les axes majeurs de son programme.<\/p>\n<p>Elle ambitionne d\u2019abord de renforcer la professionnalisation et l\u2019\u00e9thique journalistique, qu\u2019elle consid\u00e8re comme le socle indispensable pour restaurer la confiance du public.<\/p>\n<p>La d\u00e9fense des conditions socio-professionnelles des journalistes, ainsi que la protection de la libert\u00e9 de la presse, figurent \u00e9galement parmi ses priorit\u00e9s.<\/p>\n<p>Viviane Mouhi Ayehui souhaite, en outre, accro\u00eetre la visibilit\u00e9 internationale de la section ivoirienne et consolider son influence au sein du vaste r\u00e9seau francophone.<\/p>\n<p>Elle n\u2019a pas manqu\u00e9 de rendre hommage aux figures embl\u00e9matiques qui ont marqu\u00e9 l\u2019histoire de l\u2019UPF en C\u00f4te d\u2019Ivoire : Laurent Dona Fologo, Auguste Miremont et le Dr Alfred Dan Moussa. Leur engagement, a-t-elle rappel\u00e9, demeure une source d\u2019inspiration pour toutes les g\u00e9n\u00e9rations de journalistes.<\/p>\n<p>Repr\u00e9sentant le ministre de la Communication et porte-parole du gouvernement, Goor\u00e9 Bi Hu\u00e9, conseiller technique, a salu\u00e9 l\u2019av\u00e8nement de la nouvelle \u00e9quipe dirigeante.<\/p>\n<p>Il a r\u00e9affirm\u00e9 l\u2019engagement du gouvernement, sous l\u2019impulsion du pr\u00e9sident Alassane Ouattara, \u00e0 accompagner l\u2019UPF-CI dans les d\u00e9fis li\u00e9s au num\u00e9rique, \u00e0 l\u2019intelligence artificielle et \u00e0 la lutte contre la d\u00e9sinformation.<\/p>\n<p>Pour lui, la modernisation de la presse passe par un appui renforc\u00e9 aux professionnels afin de garantir libert\u00e9, ind\u00e9pendance et conformit\u00e9 aux standards internationaux.<\/p>\n<blockquote><p>Votre micro doit lib\u00e9rer la parole, non l\u2019enfermer<\/p><\/blockquote>\n<p>&nbsp;<\/p>\n<p>Repr\u00e9sentant la ministre de la Culture et de la Francophonie, la secr\u00e9taire g\u00e9n\u00e9rale de la Commission nationale de la Francophonie, Bernise N\u2019Guessan, a f\u00e9licit\u00e9 la nouvelle pr\u00e9sidente et soulign\u00e9 le r\u00f4le strat\u00e9gique de la C\u00f4te d\u2019Ivoire dans l\u2019espace francophone. Elle a encourag\u00e9 l\u2019UPF-CI \u00e0 poursuivre la promotion d\u2019une presse cr\u00e9dible, libre et porteuse de valeurs.<\/p>\n<p>Marraine de la c\u00e9r\u00e9monie, Salimata Demb\u00e9l\u00e9 Diarra, cheffe de cabinet au minist\u00e8re de la Construction, du Logement et de l\u2019Urbanisme, a dit\u00a0 : \u00ab Votre cam\u00e9ra doit \u00e9clairer, non exposer. Votre micro doit lib\u00e9rer la parole, non l\u2019enfermer. Votre plume doit ouvrir des chemins, non des blessures. L\u2019objectivit\u00e9 est votre armure, l\u2019\u00e9thique votre boussole, la v\u00e9rit\u00e9 votre mission.\u00bb<\/p>\n<p>Elle a qualifi\u00e9 cette <a href=\"https:\/\/www.aip.ci\/284451\/aip-la-nouvelle-presidente-de-lupf-cote-divoire-va-axer-son-programme-sur-la-formation-des-journalistes\/\" target=\"_blank\" rel=\"noopener\">investiture<\/a> de \u00ab contrat moral \u00bb envers la profession, la nation et la communaut\u00e9 francophone.<\/p>\n<p>Cr\u00e9\u00e9e en 1974, l\u2019UPF-C\u00f4te d\u2019Ivoire compte aujourd\u2019hui 153 membres et se distingue comme l\u2019une des sections les plus dynamiques du r\u00e9seau international.<\/p>\n<p>Elle a d\u00e9j\u00e0 accueilli trois congr\u00e8s internationaux (1975, 1991 et 2007) et ambitionne d\u2019organiser de nouvelles assises de la presse francophone.<\/p>\n<p>\u00c0 l\u2019\u00e9chelle mondiale, l\u2019Union regroupe 3 000 membres issus de 110 pays, faisant d\u2019elle la plus ancienne et l\u2019une des plus influentes organisations de journalistes francophones.<\/p>\n<p><strong>Beker Yao avec sercom<\/strong><\/p>\n<p>&nbsp;<\/p>\n","protected":false},"excerpt":{"rendered":"<p>Viviane Mouhi Ayehui a \u00e9t\u00e9 investie \u00e0 la t\u00eate de l\u2019Union internationale de la presse francophone-section C\u00f4te d\u2019Ivoire (UPF-CI) lors d\u2019une c\u00e9r\u00e9monie qui s\u2019est tenue le jeudi 27 novembre 2025 \u00e0 la Maison de la Presse d\u2019Abidjan (MPA). \u00c0 cette occasion, elle a pr\u00e9sent\u00e9 les grandes orientations d\u2019un mandat r\u00e9solument plac\u00e9 sous le signe de [&hellip;]<\/p>\n","protected":false},"author":4,"featured_media":41333,"comment_status":"closed","ping_status":"closed","sticky":false,"template":"","format":"standard","meta":{"_monsterinsights_skip_tracking":false,"_monsterinsights_sitenote_active":false,"_monsterinsights_sitenote_note":"","_monsterinsights_sitenote_category":0,"footnotes":""},"categories":[2,20],"tags":[77,6565,6563,6564],"class_list":["post-41332","post","type-post","status-publish","format-standard","has-post-thumbnail","hentry","category-featured","category-art-et-culture","tag-cote-divoire","tag-orientations","tag-upf","tag-viviane-mouhi-ayehui"],"_links":{"self":[{"href":"https:\/\/www.lintelligentdabidjan.info\/news\/wp-json\/wp\/v2\/posts\/41332","targetHints":{"allow":["GET"]}}],"collection":[{"href":"https:\/\/www.lintelligentdabidjan.info\/news\/wp-json\/wp\/v2\/posts"}],"about":[{"href":"https:\/\/www.lintelligentdabidjan.info\/news\/wp-json\/wp\/v2\/types\/post"}],"author":[{"embeddable":true,"href":"https:\/\/www.lintelligentdabidjan.info\/news\/wp-json\/wp\/v2\/users\/4"}],"replies":[{"embeddable":true,"href":"https:\/\/www.lintelligentdabidjan.info\/news\/wp-json\/wp\/v2\/comments?post=41332"}],"version-history":[{"count":1,"href":"https:\/\/www.lintelligentdabidjan.info\/news\/wp-json\/wp\/v2\/posts\/41332\/revisions"}],"predecessor-version":[{"id":41334,"href":"https:\/\/www.lintelligentdabidjan.info\/news\/wp-json\/wp\/v2\/posts\/41332\/revisions\/41334"}],"wp:featuredmedia":[{"embeddable":true,"href":"https:\/\/www.lintelligentdabidjan.info\/news\/wp-json\/wp\/v2\/media\/41333"}],"wp:attachment":[{"href":"https:\/\/www.lintelligentdabidjan.info\/news\/wp-json\/wp\/v2\/media?parent=41332"}],"wp:term":[{"taxonomy":"category","embeddable":true,"href":"https:\/\/www.lintelligentdabidjan.info\/news\/wp-json\/wp\/v2\/categories?post=41332"},{"taxonomy":"post_tag","embeddable":true,"href":"https:\/\/www.lintelligentdabidjan.info\/news\/wp-json\/wp\/v2\/tags?post=41332"}],"curies":[{"name":"wp","href":"https:\/\/api.w.org\/{rel}","templated":true}]}}