{"id":41338,"date":"2025-12-04T06:30:49","date_gmt":"2025-12-04T05:30:49","guid":{"rendered":"https:\/\/www.lintelligentdabidjan.info\/news\/?p=41338"},"modified":"2025-12-04T06:31:05","modified_gmt":"2025-12-04T05:31:05","slug":"korhogo-lunicef-et-la-sodexam-celebrent-lenfance","status":"publish","type":"post","link":"https:\/\/www.lintelligentdabidjan.info\/news\/korhogo-lunicef-et-la-sodexam-celebrent-lenfance\/","title":{"rendered":"Korhogo:  L\u2019Unicef et la Sodexam c\u00e9l\u00e8brent l&#8217;enfance"},"content":{"rendered":"<p><em><strong>La comm\u00e9moration de la <a href=\"https:\/\/www.lintelligentdabidjan.info\/news\/journee-mondiale-de-lenfance-des-jeunes-partagent-leur-experience-avec-leurs-pairs\/\" target=\"_blank\" rel=\"noopener\">Journ\u00e9e Mondiale de l&#8217;Enfance<\/a> 2025 en C\u00f4te d\u2019Ivoire s\u2019est d\u00e9roul\u00e9e le mercredi 3 d\u00e9cembre 2025 \u00e0 l&#8217;A\u00e9roport de Korhogo.<\/strong><\/em><\/p>\n<p>Cette c\u00e9l\u00e9bration a mis les enfants au centre de l&#8217;action, les \u00e9rigeant en acteurs de leur propre protection. L&#8217;\u00e9v\u00e9nement a accueilli 500 enfants, dont 200 issus des communaut\u00e9s villageoises riveraines de l&#8217;a\u00e9roport, leur offrant une immersion in\u00e9dite. L&#8217;ouverture des portes de l&#8217;a\u00e9roport aux enfants des zones adjacentes stimule leur ambition et renforce leur sentiment d&#8217;appartenance. Jean-Fran\u00e7ois Basse, repr\u00e9sentant de l\u2019Unicef en C\u00f4te d\u2019Ivoire, a soulign\u00e9 qu\u2019\u00e0 travers cette Journ\u00e9e Mondiale de l&#8217;Enfance, ils honorent la jeunesse et r\u00e9affirment leur engagement solennel \u00e0 la cause de la petite enfance. \u00ab Les enfants sont des messagers essentiels de la s\u00fbret\u00e9 collective. En les impliquant dans la sensibilisation \u00e0 la s\u00fbret\u00e9 a\u00e9roportuaire, nous les dotons de r\u00e9flexes qui prot\u00e8gent contre la violence, l&#8217;exploitation et la n\u00e9gligence \u00bb, a-t-il d\u00e9clar\u00e9. Partenaire strat\u00e9gique de la protection des enfants, Jean-Louis Moulot, directeur g\u00e9n\u00e9ral de la Soci\u00e9t\u00e9 d&#8217;Exploitation et de D\u00e9veloppement A\u00e9ronautique, M\u00e9trologique et Climatologique (Sodexam), a soulign\u00e9 le r\u00f4le de sa structure. \u00ab Notre engagement va bien au-del\u00e0 de la gestion a\u00e9roportuaire et m\u00e9t\u00e9orologique. En tant qu&#8217;entreprise citoyenne, la Sodexam est d\u00e9termin\u00e9e \u00e0 assumer ses responsabilit\u00e9s sociales. Ce partenariat est la preuve que notre RSE est un levier puissant pour la concr\u00e9tisation des droits de l&#8217;enfant en C\u00f4te d&#8217;Ivoire, en donnant \u00e0 ces jeunes l&#8217;acc\u00e8s \u00e0 un monde nouveau \u00bb, a d\u00e9clar\u00e9 Jean-Louis Moulot.<\/p>\n<blockquote><p>le leadership du Pr\u00e9sident de la R\u00e9publique<\/p><\/blockquote>\n<p>&nbsp;<\/p>\n<p>L&#8217;action de l\u2019Unicef dans la r\u00e9gion du Poro est multi-sectorielle, se concentrant sur les domaines vitaux pour le d\u00e9veloppement de l&#8217;enfant : le renforcement des services de sant\u00e9 et nutrition (y compris la lutte contre la malnutrition aigu\u00eb s\u00e9v\u00e8re), l&#8217;am\u00e9lioration de l&#8217;acc\u00e8s \u00e0 l&#8217;eau potable, l&#8217;hygi\u00e8ne et l&#8217;assainissement (WASH), ainsi que le soutien aux syst\u00e8mes d&#8217;enregistrement des naissances et la protection contre les pires formes de travail des enfants. Pour le pr\u00e9fet de r\u00e9gion, pr\u00e9fet du d\u00e9partement du Poro, Ekponon Andr\u00e9 Assomou, cet \u00e9lan en faveur de la jeunesse est d&#8217;abord port\u00e9 par le sommet de l&#8217;\u00c9tat. \u00ab Sous le leadership du Pr\u00e9sident de la R\u00e9publique, Son Excellence Alassane Ouattara, la C\u00f4te d&#8217;Ivoire a pris l&#8217;engagement ferme de garantir un environnement sain et protecteur pour toutes les communaut\u00e9s. Cette vision se traduit par une mobilisation de l&#8217;\u00c9tat pour renforcer les cadres l\u00e9gaux et les investissements, assurant que chaque enfant vivant en C\u00f4te d&#8217;Ivoire puisse grandir dans la s\u00e9curit\u00e9, avec un acc\u00e8s \u00e9quitable aux <a href=\"https:\/\/abidjannewsci.com\/journee-mondiale-de-lenfance-lunicef-et-la-sodexam-celebrent-les-droits-de-lenfant-a-korhogo\/\" target=\"_blank\" rel=\"noopener\">services sociaux de base<\/a>. L&#8217;objectif est clair : faire de nos enfants les h\u00e9ritiers privil\u00e9gi\u00e9s d&#8217;une nation stable, o\u00f9 leurs droits ne sont pas seulement reconnus, mais pleinement r\u00e9alis\u00e9s \u00bb, a-t-il indiqu\u00e9.<\/p>\n<p><strong>Mamadou Ouattara avec A. Traor\u00e9<\/strong><\/p>\n","protected":false},"excerpt":{"rendered":"<p>La comm\u00e9moration de la Journ\u00e9e Mondiale de l&#8217;Enfance 2025 en C\u00f4te d\u2019Ivoire s\u2019est d\u00e9roul\u00e9e le mercredi 3 d\u00e9cembre 2025 \u00e0 l&#8217;A\u00e9roport de Korhogo. Cette c\u00e9l\u00e9bration a mis les enfants au centre de l&#8217;action, les \u00e9rigeant en acteurs de leur propre protection. L&#8217;\u00e9v\u00e9nement a accueilli 500 enfants, dont 200 issus des communaut\u00e9s villageoises riveraines de l&#8217;a\u00e9roport, [&hellip;]<\/p>\n","protected":false},"author":4,"featured_media":41339,"comment_status":"closed","ping_status":"closed","sticky":false,"template":"","format":"standard","meta":{"_monsterinsights_skip_tracking":false,"_monsterinsights_sitenote_active":false,"_monsterinsights_sitenote_note":"","_monsterinsights_sitenote_category":0,"footnotes":""},"categories":[2,3],"tags":[326,6570,5450,6569],"class_list":["post-41338","post","type-post","status-publish","format-standard","has-post-thumbnail","hentry","category-featured","category-societe","tag-korhogo","tag-lenfance","tag-lunicef","tag-la-sodexam"],"_links":{"self":[{"href":"https:\/\/www.lintelligentdabidjan.info\/news\/wp-json\/wp\/v2\/posts\/41338","targetHints":{"allow":["GET"]}}],"collection":[{"href":"https:\/\/www.lintelligentdabidjan.info\/news\/wp-json\/wp\/v2\/posts"}],"about":[{"href":"https:\/\/www.lintelligentdabidjan.info\/news\/wp-json\/wp\/v2\/types\/post"}],"author":[{"embeddable":true,"href":"https:\/\/www.lintelligentdabidjan.info\/news\/wp-json\/wp\/v2\/users\/4"}],"replies":[{"embeddable":true,"href":"https:\/\/www.lintelligentdabidjan.info\/news\/wp-json\/wp\/v2\/comments?post=41338"}],"version-history":[{"count":1,"href":"https:\/\/www.lintelligentdabidjan.info\/news\/wp-json\/wp\/v2\/posts\/41338\/revisions"}],"predecessor-version":[{"id":41340,"href":"https:\/\/www.lintelligentdabidjan.info\/news\/wp-json\/wp\/v2\/posts\/41338\/revisions\/41340"}],"wp:featuredmedia":[{"embeddable":true,"href":"https:\/\/www.lintelligentdabidjan.info\/news\/wp-json\/wp\/v2\/media\/41339"}],"wp:attachment":[{"href":"https:\/\/www.lintelligentdabidjan.info\/news\/wp-json\/wp\/v2\/media?parent=41338"}],"wp:term":[{"taxonomy":"category","embeddable":true,"href":"https:\/\/www.lintelligentdabidjan.info\/news\/wp-json\/wp\/v2\/categories?post=41338"},{"taxonomy":"post_tag","embeddable":true,"href":"https:\/\/www.lintelligentdabidjan.info\/news\/wp-json\/wp\/v2\/tags?post=41338"}],"curies":[{"name":"wp","href":"https:\/\/api.w.org\/{rel}","templated":true}]}}