{"id":41353,"date":"2025-12-05T06:55:29","date_gmt":"2025-12-05T05:55:29","guid":{"rendered":"https:\/\/www.lintelligentdabidjan.info\/news\/?p=41353"},"modified":"2025-12-05T06:55:42","modified_gmt":"2025-12-05T05:55:42","slug":"cote-divoire-des-etudiants-dune-universite-dabidjan-sensibilises-a-leurs-perspectives-de-carriere","status":"publish","type":"post","link":"https:\/\/www.lintelligentdabidjan.info\/news\/cote-divoire-des-etudiants-dune-universite-dabidjan-sensibilises-a-leurs-perspectives-de-carriere\/","title":{"rendered":"C\u00f4te d\u2019Ivoire :  Des \u00e9tudiants d\u2019une universit\u00e9 d\u2019Abidjan sensibilis\u00e9s \u00e0 leurs perspectives de carri\u00e8re"},"content":{"rendered":"<p><strong>Selon une note transmise \u00e0 notre r\u00e9daction, plus d\u2019une centaine d\u2019\u00e9tudiants issus d\u2019une universit\u00e9 priv\u00e9e d\u2019Abidjan ont \u00e9t\u00e9 instruits sur leurs perspectives de carri\u00e8re au cours d\u2019un panel organis\u00e9 le mardi 2 d\u00e9cembre 2025. Cette initiative s\u2019inscrit dans la campagne men\u00e9e par le minist\u00e8re de la Promotion de la Jeunesse, de l\u2019Insertion Professionnelle et du Service Civique, qui vise \u00e0 encourager le retour des comp\u00e9tences en C\u00f4te d\u2019Ivoire.<\/strong><\/p>\n<p>\u00c0 cette occasion, Massandj\u00e9 Bamba, sous-directrice de la communication au minist\u00e8re, a rappel\u00e9 l\u2019importance de cette campagne de sensibilisation destin\u00e9e aux \u00e9tudiants ivoiriens, particuli\u00e8rement ceux r\u00e9sidant aux \u00c9tats-Unis. Elle a soulign\u00e9 que chaque \u00e9tudiant \u00e0 l\u2019\u00e9tranger repr\u00e9sente un v\u00e9ritable acteur de transformation pour la C\u00f4te d\u2019Ivoire. \u00ab Chaque jeune qui part se former ailleurs ouvre une fen\u00eatre sur le monde, acquiert des comp\u00e9tences nouvelles et devient, \u00e0 son retour, un acteur de transformation pour notre nation. Il doit \u00eatre accompagn\u00e9, sensibilis\u00e9 et prot\u00e9g\u00e9 afin qu\u2019il vive pleinement son exp\u00e9rience, tout en restant connect\u00e9 aux valeurs et aux exigences de notre pays \u00bb, a indiqu\u00e9 Massandj\u00e9 Bamba. Elle a \u00e9galement insist\u00e9 sur la n\u00e9cessit\u00e9 d\u2019un accompagnement, d\u2019une protection et d\u2019un suivi adapt\u00e9s afin de permettre aux jeunes de tirer pleinement profit de leur s\u00e9jour \u00e0 l\u2019international, tout en restant ancr\u00e9s dans les valeurs nationales. De son c\u00f4t\u00e9, A\u00efssata N\u2019Dia, pr\u00e9sidente de l\u2019Ong Yelemba, a encourag\u00e9 les jeunes, en particulier les filles, \u00e0 ma\u00eetriser les outils num\u00e9riques et technologiques, y compris l\u2019intelligence artificielle, d\u00e9sormais incontournable dans les m\u00e9tiers d\u2019avenir. Elle les a invit\u00e9s \u00e0 prendre en main leur avenir d\u00e8s la p\u00e9riode de formation, plut\u00f4t que d\u2019attendre la fin des \u00e9tudes pour l\u2019appliquer. Abondant dans le m\u00eame sens, Herman Nicou\u00e9, administrateur adjoint de l\u2019Agence Emploi Jeunes, a pr\u00e9cis\u00e9 que toutes les dispositions sont prises pour une meilleure insertion professionnelle des \u00e9tudiants qui rentrent de l\u2019\u00e9tranger apr\u00e8s leur parcours acad\u00e9mique. \u00c0 la fin de la rencontre, de nombreux \u00e9tudiants ont salu\u00e9 la d\u00e9marche et appr\u00e9ci\u00e9 les enseignements re\u00e7us. Ils ont affirm\u00e9 leur volont\u00e9 de tirer pleinement parti des chances qui leur seront offertes, non pas pour s\u2019installer durablement dans les pays d\u00e9velopp\u00e9s, mais pour y acqu\u00e9rir des comp\u00e9tences avant de revenir participer activement au d\u00e9veloppement de la C\u00f4te d\u2019Ivoire.<\/p>\n<p><strong>Moustapha Ismaila<\/strong><\/p>\n","protected":false},"excerpt":{"rendered":"<p>Selon une note transmise \u00e0 notre r\u00e9daction, plus d\u2019une centaine d\u2019\u00e9tudiants issus d\u2019une universit\u00e9 priv\u00e9e d\u2019Abidjan ont \u00e9t\u00e9 instruits sur leurs perspectives de carri\u00e8re au cours d\u2019un panel organis\u00e9 le mardi 2 d\u00e9cembre 2025. Cette initiative s\u2019inscrit dans la campagne men\u00e9e par le minist\u00e8re de la Promotion de la Jeunesse, de l\u2019Insertion Professionnelle et du [&hellip;]<\/p>\n","protected":false},"author":4,"featured_media":41354,"comment_status":"closed","ping_status":"closed","sticky":false,"template":"","format":"standard","meta":{"_monsterinsights_skip_tracking":false,"_monsterinsights_sitenote_active":false,"_monsterinsights_sitenote_note":"","_monsterinsights_sitenote_category":0,"footnotes":""},"categories":[2,3],"tags":[1828,77,6579,2954,6580],"class_list":["post-41353","post","type-post","status-publish","format-standard","has-post-thumbnail","hentry","category-featured","category-societe","tag-carriere","tag-cote-divoire","tag-des-etudiants","tag-perspectives","tag-universite-dabidjan"],"_links":{"self":[{"href":"https:\/\/www.lintelligentdabidjan.info\/news\/wp-json\/wp\/v2\/posts\/41353","targetHints":{"allow":["GET"]}}],"collection":[{"href":"https:\/\/www.lintelligentdabidjan.info\/news\/wp-json\/wp\/v2\/posts"}],"about":[{"href":"https:\/\/www.lintelligentdabidjan.info\/news\/wp-json\/wp\/v2\/types\/post"}],"author":[{"embeddable":true,"href":"https:\/\/www.lintelligentdabidjan.info\/news\/wp-json\/wp\/v2\/users\/4"}],"replies":[{"embeddable":true,"href":"https:\/\/www.lintelligentdabidjan.info\/news\/wp-json\/wp\/v2\/comments?post=41353"}],"version-history":[{"count":1,"href":"https:\/\/www.lintelligentdabidjan.info\/news\/wp-json\/wp\/v2\/posts\/41353\/revisions"}],"predecessor-version":[{"id":41355,"href":"https:\/\/www.lintelligentdabidjan.info\/news\/wp-json\/wp\/v2\/posts\/41353\/revisions\/41355"}],"wp:featuredmedia":[{"embeddable":true,"href":"https:\/\/www.lintelligentdabidjan.info\/news\/wp-json\/wp\/v2\/media\/41354"}],"wp:attachment":[{"href":"https:\/\/www.lintelligentdabidjan.info\/news\/wp-json\/wp\/v2\/media?parent=41353"}],"wp:term":[{"taxonomy":"category","embeddable":true,"href":"https:\/\/www.lintelligentdabidjan.info\/news\/wp-json\/wp\/v2\/categories?post=41353"},{"taxonomy":"post_tag","embeddable":true,"href":"https:\/\/www.lintelligentdabidjan.info\/news\/wp-json\/wp\/v2\/tags?post=41353"}],"curies":[{"name":"wp","href":"https:\/\/api.w.org\/{rel}","templated":true}]}}