{"id":41359,"date":"2025-12-05T07:05:30","date_gmt":"2025-12-05T06:05:30","guid":{"rendered":"https:\/\/www.lintelligentdabidjan.info\/news\/?p=41359"},"modified":"2025-12-05T07:05:30","modified_gmt":"2025-12-05T06:05:30","slug":"4e-edition-des-sublimes-du-tourisme-le-10-decembre-comment-se-prepare-levenement","status":"publish","type":"post","link":"https:\/\/www.lintelligentdabidjan.info\/news\/4e-edition-des-sublimes-du-tourisme-le-10-decembre-comment-se-prepare-levenement\/","title":{"rendered":"4e \u00e9dition des \u201cSublimes du Tourisme\u201d le 10 d\u00e9cembre:  Comment se  pr\u00e9pare l\u2019\u00e9v\u00e8nement"},"content":{"rendered":"<p><strong>L\u2019auditorium du Palais des congr\u00e8s du Sofitel Abidjan H\u00f4tel Ivoire accueillera, le 10 d\u00e9cembre 2025, la quatri\u00e8me \u00e9dition des \u00ab Sublimes du Tourisme \u00bb. Cette c\u00e9r\u00e9monie distinguera les acteurs du tourisme et des loisirs de C\u00f4te d\u2019Ivoire, issus du secteur priv\u00e9 comme de l\u2019administration.<\/strong><\/p>\n<p>L\u2019\u00e9v\u00e8nement est organis\u00e9 par le Minist\u00e8re du Tourisme et des Loisirs, sous l\u2019impulsion du ministre Siandou Fofana, avec le Dr Marcel N\u2019Guettia, Pr\u00e9sident du Fonds de d\u00e9veloppement touristique (FDT), en tant que commissaire g\u00e9n\u00e9ral.<\/p>\n<p>En pr\u00e9paration de la c\u00e9r\u00e9monie, des rencontres de travail ont \u00e9t\u00e9 organis\u00e9es au si\u00e8ge du FDT. Elles ont port\u00e9 sur la mise \u00e0 jour des crit\u00e8res de distinction et sur l\u2019organisation technique de la soir\u00e9e. Ces travaux ont \u00e9t\u00e9 conduits sous la coordination de Camille Kouassi, pr\u00e9sident du comit\u00e9 scientifique et du jury.<\/p>\n<p>Depuis leur lancement, les \u00e9ditions pr\u00e9c\u00e9dentes ont r\u00e9uni plus de 600 invit\u00e9s, parmi lesquels des repr\u00e9sentants des plus hautes institutions de l\u2019\u00c9tat. Des personnalit\u00e9s internationales du secteur du tourisme y ont \u00e9galement particip\u00e9, notamment le Secr\u00e9taire g\u00e9n\u00e9ral de l\u2019ONU Tourisme et des conseillers du minist\u00e8re saoudien du Tourisme.<\/p>\n<p>Les cat\u00e9gories de distinction ont \u00e9volu\u00e9 au fil des \u00e9ditions pour refl\u00e9ter les diff\u00e9rents segments de l\u2019\u00e9cosyst\u00e8me touristique. Les crit\u00e8res retenus portent notamment sur l\u2019impact \u00e9conomique et social, la qualit\u00e9 de service, l\u2019innovation, le respect des normes environnementales et la contribution \u00e0 la strat\u00e9gie \u00ab Sublime C\u00f4te d\u2019Ivoire \u00bb.<\/p>\n<p>Les \u00e9ditions pr\u00e9c\u00e9dentes ont aussi \u00e9t\u00e9 marqu\u00e9es par diverses prestations artistiques et par la pr\u00e9sence d\u2019acteurs nationaux et internationaux du secteur.<\/p>\n<p>La c\u00e9r\u00e9monie du 10 d\u00e9cembre 2025 s\u2019inscrira dans la continuit\u00e9 des trois premi\u00e8res \u00e9ditions et viendra clore l\u2019ann\u00e9e 2025 pour le secteur touristique ivoirien.<\/p>\n<p><strong>Tour\u00e9 Abdoulaye avec A. Traor\u00e9<\/strong><\/p>\n","protected":false},"excerpt":{"rendered":"<p>L\u2019auditorium du Palais des congr\u00e8s du Sofitel Abidjan H\u00f4tel Ivoire accueillera, le 10 d\u00e9cembre 2025, la quatri\u00e8me \u00e9dition des \u00ab Sublimes du Tourisme \u00bb. Cette c\u00e9r\u00e9monie distinguera les acteurs du tourisme et des loisirs de C\u00f4te d\u2019Ivoire, issus du secteur priv\u00e9 comme de l\u2019administration. L\u2019\u00e9v\u00e8nement est organis\u00e9 par le Minist\u00e8re du Tourisme et des Loisirs, [&hellip;]<\/p>\n","protected":false},"author":4,"featured_media":41360,"comment_status":"closed","ping_status":"closed","sticky":false,"template":"","format":"standard","meta":{"_monsterinsights_skip_tracking":false,"_monsterinsights_sitenote_active":false,"_monsterinsights_sitenote_note":"","_monsterinsights_sitenote_category":0,"footnotes":""},"categories":[2,20],"tags":[3388,6585,6584,6583],"class_list":["post-41359","post","type-post","status-publish","format-standard","has-post-thumbnail","hentry","category-featured","category-art-et-culture","tag-4e-edition","tag-levenement","tag-prepare","tag-sublimes-du-tourisme"],"_links":{"self":[{"href":"https:\/\/www.lintelligentdabidjan.info\/news\/wp-json\/wp\/v2\/posts\/41359","targetHints":{"allow":["GET"]}}],"collection":[{"href":"https:\/\/www.lintelligentdabidjan.info\/news\/wp-json\/wp\/v2\/posts"}],"about":[{"href":"https:\/\/www.lintelligentdabidjan.info\/news\/wp-json\/wp\/v2\/types\/post"}],"author":[{"embeddable":true,"href":"https:\/\/www.lintelligentdabidjan.info\/news\/wp-json\/wp\/v2\/users\/4"}],"replies":[{"embeddable":true,"href":"https:\/\/www.lintelligentdabidjan.info\/news\/wp-json\/wp\/v2\/comments?post=41359"}],"version-history":[{"count":1,"href":"https:\/\/www.lintelligentdabidjan.info\/news\/wp-json\/wp\/v2\/posts\/41359\/revisions"}],"predecessor-version":[{"id":41361,"href":"https:\/\/www.lintelligentdabidjan.info\/news\/wp-json\/wp\/v2\/posts\/41359\/revisions\/41361"}],"wp:featuredmedia":[{"embeddable":true,"href":"https:\/\/www.lintelligentdabidjan.info\/news\/wp-json\/wp\/v2\/media\/41360"}],"wp:attachment":[{"href":"https:\/\/www.lintelligentdabidjan.info\/news\/wp-json\/wp\/v2\/media?parent=41359"}],"wp:term":[{"taxonomy":"category","embeddable":true,"href":"https:\/\/www.lintelligentdabidjan.info\/news\/wp-json\/wp\/v2\/categories?post=41359"},{"taxonomy":"post_tag","embeddable":true,"href":"https:\/\/www.lintelligentdabidjan.info\/news\/wp-json\/wp\/v2\/tags?post=41359"}],"curies":[{"name":"wp","href":"https:\/\/api.w.org\/{rel}","templated":true}]}}