{"id":41368,"date":"2025-12-08T06:27:56","date_gmt":"2025-12-08T05:27:56","guid":{"rendered":"https:\/\/www.lintelligentdabidjan.info\/news\/?p=41368"},"modified":"2025-12-08T06:28:05","modified_gmt":"2025-12-08T05:28:05","slug":"promotion-de-la-bonne-gouvernancela-4e-edition-de-la-conference-annuelle-de-redevabilite-prevue-le-16-decembre","status":"publish","type":"post","link":"https:\/\/www.lintelligentdabidjan.info\/news\/promotion-de-la-bonne-gouvernancela-4e-edition-de-la-conference-annuelle-de-redevabilite-prevue-le-16-decembre\/","title":{"rendered":"Promotion de la bonne gouvernance:La 4\u00e8 \u00e9dition de la conf\u00e9rence annuelle de redevabilit\u00e9 pr\u00e9vue le 16 d\u00e9cembre"},"content":{"rendered":"<p><em><strong>Dans un communiqu\u00e9 de presse mis \u00e0 notre <a href=\"https:\/\/www.lintelligentdabidjan.info\/news\/assemblee-nationale-la-caef-adopte-les-budgets-2026-de-lemploi-et-de-la-protection-sociale\/\" target=\"_blank\" rel=\"noopener\">disposition<\/a>, les organisateurs ont inform\u00e9 que la 4\u00e8 \u00e9dition de la Conf\u00e9rence Annuelle de Redevabilit\u00e9 aura lieu le mardi 16 d\u00e9cembre \u00e0 la Conf\u00e9d\u00e9ration G\u00e9n\u00e9rale des Entreprises de C\u00f4te d\u2019Ivoire (Cgeci) \u00e0 Abidjan-Plateau.<\/strong><\/em><\/p>\n<p>Organis\u00e9e par Civis C\u00f4te d\u2019Ivoire et plusieurs organisations de la soci\u00e9t\u00e9 civile, des m\u00e9dias et de la presse, la Conf\u00e9rence Annuelle de Redevabilit\u00e9 vise \u00e0 promouvoir la bonne gouvernance. Mieux, elle a pour objectif de contribuer \u00e0 renforcer la redevabilit\u00e9 des gestionnaires publics vis-\u00e0-vis des citoyens par une meilleure prise en compte des audits de performance de la Cour des comptes. En effet, selon les initiateurs, les contr\u00f4les des finances publiques qu\u2019effectue la Cour des comptes, ont des incidences sur le respect des lois et des r\u00e8glements par le gouvernement et sur une bonne utilisation des deniers publics. Ainsi, en contribuant \u00e0 am\u00e9liorer la performance et la transparence dans la gestion de l\u2019Administration publique (minist\u00e8res et institutions), la Cour des comptes peut limiter les gaspillages et inefficacit\u00e9s et pr\u00e9venir la corruption. Cette \u00e9dition est plac\u00e9e sous le th\u00e8me : \u00ab Transparence, performance et citoyennet\u00e9 : renforcer la redevabilit\u00e9 publique gr\u00e2ce \u00e0 la qualit\u00e9 des rapports annuels de performance \u00bb.<\/p>\n<blockquote><p>promouvoir la redevabilit\u00e9<\/p><\/blockquote>\n<p>&nbsp;<\/p>\n<p>Cette conf\u00e9rence de redevabilit\u00e9 sera l\u2019occasion de partager les r\u00e9sultats cl\u00e9s de l\u2019\u00e9tude d\u2019analyse de la qualit\u00e9 des Rapports annuels de performance (Rap) pour la p\u00e9riode 2020-2023; de mettre en d\u00e9bat la qualit\u00e9, la clart\u00e9 et la coh\u00e9rence des informations budg\u00e9taires publi\u00e9es. Mais surtout d\u2019identifier les bonnes pratiques et les axes d\u2019am\u00e9lioration pour la production future des Rap. \u00ab De fa\u00e7on sp\u00e9cifique, il s\u2019agit de promouvoir la redevabilit\u00e9 citoyenne et l\u2019usage des Rap par les Osc, les m\u00e9dias et les citoyens ; de pr\u00e9senter l\u2019analyse citoyenne des rapports de contr\u00f4le des finances publiques produits par la Cour des comptes pour l\u2019ann\u00e9e 2023 ; de favoriser un dialogue multipartite entre <a href=\"https:\/\/www.gouv.ci\/actualite\/19246\" target=\"_blank\" rel=\"noopener\">institutions publiques<\/a>, Cour des comptes, Parlement, soci\u00e9t\u00e9 civile et partenaires techniques et financiers et de renforcer la participation des parties prenantes pour accro\u00eetre les impacts des rapports de la Cour des comptes\u00bb, lit-on dans le communiqu\u00e9. Notons que plus de 300 personnes sont attendues \u00e0 cette rencontre.<\/p>\n<p><strong>Tour\u00e9 Abdoulaye avec A. Traor\u00e9<\/strong><\/p>\n<p>&nbsp;<\/p>\n<p>&nbsp;<\/p>\n<p>&nbsp;<\/p>\n<p>&nbsp;<\/p>\n<p>&nbsp;<\/p>\n","protected":false},"excerpt":{"rendered":"<p>Dans un communiqu\u00e9 de presse mis \u00e0 notre disposition, les organisateurs ont inform\u00e9 que la 4\u00e8 \u00e9dition de la Conf\u00e9rence Annuelle de Redevabilit\u00e9 aura lieu le mardi 16 d\u00e9cembre \u00e0 la Conf\u00e9d\u00e9ration G\u00e9n\u00e9rale des Entreprises de C\u00f4te d\u2019Ivoire (Cgeci) \u00e0 Abidjan-Plateau. Organis\u00e9e par Civis C\u00f4te d\u2019Ivoire et plusieurs organisations de la soci\u00e9t\u00e9 civile, des m\u00e9dias [&hellip;]<\/p>\n","protected":false},"author":4,"featured_media":41369,"comment_status":"closed","ping_status":"closed","sticky":false,"template":"","format":"standard","meta":{"_monsterinsights_skip_tracking":false,"_monsterinsights_sitenote_active":false,"_monsterinsights_sitenote_note":"","_monsterinsights_sitenote_category":0,"footnotes":""},"categories":[2,3],"tags":[3388,6590,6589,1172,6591],"class_list":["post-41368","post","type-post","status-publish","format-standard","has-post-thumbnail","hentry","category-featured","category-societe","tag-4e-edition","tag-conference","tag-la-bonne-gouvernance","tag-promotion","tag-redevabilite"],"_links":{"self":[{"href":"https:\/\/www.lintelligentdabidjan.info\/news\/wp-json\/wp\/v2\/posts\/41368","targetHints":{"allow":["GET"]}}],"collection":[{"href":"https:\/\/www.lintelligentdabidjan.info\/news\/wp-json\/wp\/v2\/posts"}],"about":[{"href":"https:\/\/www.lintelligentdabidjan.info\/news\/wp-json\/wp\/v2\/types\/post"}],"author":[{"embeddable":true,"href":"https:\/\/www.lintelligentdabidjan.info\/news\/wp-json\/wp\/v2\/users\/4"}],"replies":[{"embeddable":true,"href":"https:\/\/www.lintelligentdabidjan.info\/news\/wp-json\/wp\/v2\/comments?post=41368"}],"version-history":[{"count":1,"href":"https:\/\/www.lintelligentdabidjan.info\/news\/wp-json\/wp\/v2\/posts\/41368\/revisions"}],"predecessor-version":[{"id":41370,"href":"https:\/\/www.lintelligentdabidjan.info\/news\/wp-json\/wp\/v2\/posts\/41368\/revisions\/41370"}],"wp:featuredmedia":[{"embeddable":true,"href":"https:\/\/www.lintelligentdabidjan.info\/news\/wp-json\/wp\/v2\/media\/41369"}],"wp:attachment":[{"href":"https:\/\/www.lintelligentdabidjan.info\/news\/wp-json\/wp\/v2\/media?parent=41368"}],"wp:term":[{"taxonomy":"category","embeddable":true,"href":"https:\/\/www.lintelligentdabidjan.info\/news\/wp-json\/wp\/v2\/categories?post=41368"},{"taxonomy":"post_tag","embeddable":true,"href":"https:\/\/www.lintelligentdabidjan.info\/news\/wp-json\/wp\/v2\/tags?post=41368"}],"curies":[{"name":"wp","href":"https:\/\/api.w.org\/{rel}","templated":true}]}}